{"id":157402,"date":"2020-01-13T18:45:27","date_gmt":"2020-01-13T21:45:27","guid":{"rendered":"http:\/\/aconteceunovale.com.br\/portal\/?p=157402"},"modified":"2020-01-13T18:48:49","modified_gmt":"2020-01-13T21:48:49","slug":"homem-e-preso-em-corinto-apos-bater-veiculo-furtado-em-varzea-da-palma","status":"publish","type":"post","link":"https:\/\/aconteceunovale.com.br\/portal\/?p=157402","title":{"rendered":"Homem \u00e9 preso em Corinto ap\u00f3s bater ve\u00edculo furtado em V\u00e1rzea da Palma"},"content":{"rendered":"\n<p>Um homem de 39 anos foi preso ap\u00f3s furtar um carro e sofrer um\nacidente na MGC-496, em Corinto, na regi\u00e3o Central de Minas. O crime aconteceu\nnesse domingo (12\/01\/2020) em V\u00e1rzea da Palma, no Norte do Estado. Segundo\ninforma\u00e7\u00f5es da Pol\u00edcia Militar (PM), o motorista, de 72, estava em uma feira\nlivre na Rua Salvador Roberto e o suspeito pediu uma carona.<\/p>\n\n\n\n<p>No trajeto, segundo a\npol\u00edcia, o idoso estacionou para fazer compra em um supermercado e deixou o\nhomem dentro do ve\u00edculo. O suspeito aproveitou a situa\u00e7\u00e3o e fugiu com o carro,\nmas perdeu o controle da dire\u00e7\u00e3o e bateu em v\u00e1rias \u00e1rvores na altura do quil\u00f4metro\n109 da MGC-496.<\/p>\n\n\n\n<p>Ele foi encaminhado ao\nhospital de Corinto e depois transferido para o Hospital Imaculada Concei\u00e7\u00e3o,\nem Curvelo. No momento do acidente, o furto ainda n\u00e3o havia sido registrado,\nmas os policiais desconfiaram das vers\u00f5es apresentadas pelo motorista e ao\nfazer uma pesquisa nas redes sociais, encontraram informa\u00e7\u00f5es sobre o crime.<\/p>\n\n\n\n<p>Em seguida, eles entraram em contato com a PM de V\u00e1rzea da Palma\ne descobriram que o propriet\u00e1rio estava no local registrando a ocorr\u00eancia do\nfurto. O homem foi preso em flagrante e depois de receber atendimento m\u00e9dico,\nfoi encaminhado \u00e0 Delegacia de Pol\u00edcia Civil de V\u00e1rzea da Palma.<\/p>\n\n\n\n<p>O carro sofreu danos generalizados e foi removido ao p\u00e1tio credenciado ao Detran em Corinto. <\/p>\n\n\n\n<figure class=\"wp-block-image size-large\"><img loading=\"lazy\" decoding=\"async\" width=\"594\" height=\"450\" src=\"http:\/\/aconteceunovale.com.br\/portal\/wp-content\/uploads\/2020\/01\/furto_corinto_1.jpg\" alt=\"\" class=\"wp-image-157403\" srcset=\"https:\/\/aconteceunovale.com.br\/portal\/wp-content\/uploads\/2020\/01\/furto_corinto_1.jpg 594w, https:\/\/aconteceunovale.com.br\/portal\/wp-content\/uploads\/2020\/01\/furto_corinto_1-300x227.jpg 300w, https:\/\/aconteceunovale.com.br\/portal\/wp-content\/uploads\/2020\/01\/furto_corinto_1-80x60.jpg 80w, https:\/\/aconteceunovale.com.br\/portal\/wp-content\/uploads\/2020\/01\/furto_corinto_1-554x420.jpg 554w\" sizes=\"auto, (max-width: 594px) 100vw, 594px\" \/><figcaption><em>Foto: Pol\u00edcia Militar \/ Divulga\u00e7\u00e3o<\/em><\/figcaption><\/figure>\n\n\n\n<figure class=\"wp-block-image size-large\"><img loading=\"lazy\" decoding=\"async\" width=\"614\" height=\"450\" src=\"http:\/\/aconteceunovale.com.br\/portal\/wp-content\/uploads\/2020\/01\/furto_corinto_2.jpg\" alt=\"\" class=\"wp-image-157404\" srcset=\"https:\/\/aconteceunovale.com.br\/portal\/wp-content\/uploads\/2020\/01\/furto_corinto_2.jpg 614w, https:\/\/aconteceunovale.com.br\/portal\/wp-content\/uploads\/2020\/01\/furto_corinto_2-300x220.jpg 300w, https:\/\/aconteceunovale.com.br\/portal\/wp-content\/uploads\/2020\/01\/furto_corinto_2-80x60.jpg 80w, https:\/\/aconteceunovale.com.br\/portal\/wp-content\/uploads\/2020\/01\/furto_corinto_2-573x420.jpg 573w\" sizes=\"auto, (max-width: 614px) 100vw, 614px\" \/><figcaption> <em>Foto: Pol\u00edcia Militar \/ Divulga\u00e7\u00e3o<\/em> <\/figcaption><\/figure>\n\n\n\n<figure class=\"wp-block-image size-large\"><img loading=\"lazy\" decoding=\"async\" width=\"588\" height=\"450\" src=\"http:\/\/aconteceunovale.com.br\/portal\/wp-content\/uploads\/2020\/01\/furto_corinto_3.jpg\" alt=\"\" class=\"wp-image-157405\" srcset=\"https:\/\/aconteceunovale.com.br\/portal\/wp-content\/uploads\/2020\/01\/furto_corinto_3.jpg 588w, https:\/\/aconteceunovale.com.br\/portal\/wp-content\/uploads\/2020\/01\/furto_corinto_3-300x230.jpg 300w, https:\/\/aconteceunovale.com.br\/portal\/wp-content\/uploads\/2020\/01\/furto_corinto_3-80x60.jpg 80w, https:\/\/aconteceunovale.com.br\/portal\/wp-content\/uploads\/2020\/01\/furto_corinto_3-549x420.jpg 549w\" sizes=\"auto, (max-width: 588px) 100vw, 588px\" \/><figcaption> <em>Foto: Pol\u00edcia Militar \/ Divulga\u00e7\u00e3o<\/em> <\/figcaption><\/figure>\n\n\n\n<p class=\"has-text-color has-background has-very-light-gray-color has-very-dark-gray-background-color\">Quer saber as not\u00edcias do <strong>Aconteceu no Vale<\/strong> em primeira m\u00e3o? Siga-nos no Facebook <a rel=\"noreferrer noopener\" href=\"http:\/\/facebook.com\/aconteceunovale\" target=\"_blank\">@aconteceunovale<\/a>, Twitter <a rel=\"noreferrer noopener\" href=\"https:\/\/twitter.com\/noticiadosvales\" target=\"_blank\">@noticiadosvales<\/a> e Instagram <a rel=\"noreferrer noopener\" href=\"https:\/\/www.instagram.com\/aconteceunovale\" target=\"_blank\">@aconteceunovale<\/a>.<\/p>\n","protected":false},"excerpt":{"rendered":"<p>Um homem de 39 anos foi preso ap\u00f3s furtar um carro e sofrer um acidente na MGC-496, em Corinto, na regi\u00e3o Central de Minas. O crime aconteceu nesse domingo (12\/01\/2020) em V\u00e1rzea da Palma, no Norte do Estado. Segundo informa\u00e7\u00f5es da Pol\u00edcia Militar (PM), o motorista, de 72, estava em uma feira livre na Rua [&hellip;]<\/p>\n","protected":false},"author":1,"featured_media":157405,"comment_status":"open","ping_status":"closed","sticky":false,"template":"","format":"standard","meta":{"amp_status":"","footnotes":""},"categories":[123,1236],"tags":[214495,54170,214492,214493,1018,214494,214489,214491,214490,1340],"class_list":["post-157402","post","type-post","status-publish","format-standard","has-post-thumbnail","hentry","category-gerais","category-norte_de_minas","tag-acidente-com-carro-furtado-em-varzea-da-palma","tag-acidente-em-corinto","tag-acidente-na-mgc-496-em-corinto","tag-carro-furtado-em-varzea-da-palma","tag-destaque","tag-furto-de-carro-em-varzea-da-palma","tag-homem-e-preso-em-corinto-apos-bater-veiculo-furtado-em-varzea-da-palma","tag-homem-furta-carro-em-varzea-da-palma-e-e-preso-apos-sofrer-acidente-em-corinto","tag-preso-em-corinto","tag-varzea-da-palma"],"_links":{"self":[{"href":"https:\/\/aconteceunovale.com.br\/portal\/index.php?rest_route=\/wp\/v2\/posts\/157402","targetHints":{"allow":["GET"]}}],"collection":[{"href":"https:\/\/aconteceunovale.com.br\/portal\/index.php?rest_route=\/wp\/v2\/posts"}],"about":[{"href":"https:\/\/aconteceunovale.com.br\/portal\/index.php?rest_route=\/wp\/v2\/types\/post"}],"author":[{"embeddable":true,"href":"https:\/\/aconteceunovale.com.br\/portal\/index.php?rest_route=\/wp\/v2\/users\/1"}],"replies":[{"embeddable":true,"href":"https:\/\/aconteceunovale.com.br\/portal\/index.php?rest_route=%2Fwp%2Fv2%2Fcomments&post=157402"}],"version-history":[{"count":1,"href":"https:\/\/aconteceunovale.com.br\/portal\/index.php?rest_route=\/wp\/v2\/posts\/157402\/revisions"}],"predecessor-version":[{"id":157406,"href":"https:\/\/aconteceunovale.com.br\/portal\/index.php?rest_route=\/wp\/v2\/posts\/157402\/revisions\/157406"}],"wp:featuredmedia":[{"embeddable":true,"href":"https:\/\/aconteceunovale.com.br\/portal\/index.php?rest_route=\/wp\/v2\/media\/157405"}],"wp:attachment":[{"href":"https:\/\/aconteceunovale.com.br\/portal\/index.php?rest_route=%2Fwp%2Fv2%2Fmedia&parent=157402"}],"wp:term":[{"taxonomy":"category","embeddable":true,"href":"https:\/\/aconteceunovale.com.br\/portal\/index.php?rest_route=%2Fwp%2Fv2%2Fcategories&post=157402"},{"taxonomy":"post_tag","embeddable":true,"href":"https:\/\/aconteceunovale.com.br\/portal\/index.php?rest_route=%2Fwp%2Fv2%2Ftags&post=157402"}],"curies":[{"name":"wp","href":"https:\/\/api.w.org\/{rel}","templated":true}]}}