{"id":157399,"date":"2020-01-13T18:32:06","date_gmt":"2020-01-13T21:32:06","guid":{"rendered":"http:\/\/aconteceunovale.com.br\/portal\/?p=157399"},"modified":"2020-01-13T18:35:06","modified_gmt":"2020-01-13T21:35:06","slug":"homem-e-preso-por-ameacar-ex-mulher-e-filho-em-minas-novas","status":"publish","type":"post","link":"https:\/\/aconteceunovale.com.br\/portal\/?p=157399","title":{"rendered":"Homem \u00e9 preso por amea\u00e7ar ex-mulher e filho em Minas Novas"},"content":{"rendered":"\n<p>A Pol\u00edcia Civil prendeu um homem suspeito de amea\u00e7ar a\nex-companheira e o filho, de 8 anos, em Minas Novas, no Vale do Jequitinhonha.\nO mandado de pris\u00e3o preventiva foi cumprido nesta segunda-feira (13\/01\/2020).<\/p>\n\n\n\n<p>Segundo a delegada Carolina M\u00e1ximo Alves, a PC representou pela pris\u00e3o dele depois que a mulher e o filho procuraram a Delegacia na \u00faltima quinta-feira (9). <em>\u201cEla disse que foi amea\u00e7ada de morte com uma faca dentro de casa e estava escondida na casa de um vizinho por medo de repres\u00e1lias. Ouvimos tamb\u00e9m a crian\u00e7a, que relatou ter sofrido amea\u00e7as do pai\u201d.<\/em><\/p>\n\n\n\n<p>A Justi\u00e7a expediu uma medida protetiva desde 2015 que obrigava o homem a permanecer distante da v\u00edtima. Ele tem passagens for furto e j\u00e1 foi preso outras vezes por amea\u00e7ar a mulher. <em>\u201cEm 2018, ele foi indiciado por tentativa de homic\u00eddio depois de tentar enforc\u00e1-la. Esse inqu\u00e9rito j\u00e1 foi encaminhado \u00e0 Justi\u00e7a\u201d<\/em>, disse a delegada.<\/p>\n\n\n\n<p>No momento da pris\u00e3o, segundo a PC, o homem tentou fugir a p\u00e9, mas foi contido. Ele negou as amea\u00e7as e foi encaminhado ao pres\u00eddio de Capelinha.<\/p>\n\n\n\n<p class=\"has-text-color has-background has-very-light-gray-color has-very-dark-gray-background-color\">Quer saber as not\u00edcias do <strong>Aconteceu no Vale<\/strong> em primeira m\u00e3o? Siga-nos no Facebook <a rel=\"noreferrer noopener\" href=\"http:\/\/facebook.com\/aconteceunovale\" target=\"_blank\">@aconteceunovale<\/a>, Twitter <a rel=\"noreferrer noopener\" href=\"https:\/\/twitter.com\/noticiadosvales\" target=\"_blank\">@noticiadosvales<\/a> e Instagram <a rel=\"noreferrer noopener\" href=\"https:\/\/www.instagram.com\/aconteceunovale\" target=\"_blank\">@aconteceunovale<\/a>.<\/p>\n","protected":false},"excerpt":{"rendered":"<p>A Pol\u00edcia Civil prendeu um homem suspeito de amea\u00e7ar a ex-companheira e o filho, de 8 anos, em Minas Novas, no Vale do Jequitinhonha. O mandado de pris\u00e3o preventiva foi cumprido nesta segunda-feira (13\/01\/2020). Segundo a delegada Carolina M\u00e1ximo Alves, a PC representou pela pris\u00e3o dele depois que a mulher e o filho procuraram a [&hellip;]<\/p>\n","protected":false},"author":1,"featured_media":104665,"comment_status":"open","ping_status":"closed","sticky":false,"template":"","format":"standard","meta":{"amp_status":"","footnotes":""},"categories":[120],"tags":[132,211393,211394,214487,137,205914,214486,214488],"class_list":["post-157399","post","type-post","status-publish","format-standard","has-post-thumbnail","hentry","category-jequi","tag-capelinha","tag-carolina-maximo-alves","tag-delegada-carolina-maximo-alves","tag-homem-e-preso-por-ameacar-ex-mulher-e-filho-em-minas-novas","tag-minas-novas","tag-preso-em-minas-novas","tag-preso-por-ameaca-em-minas-novas","tag-prisao-de-homem-em-minas-novas"],"_links":{"self":[{"href":"https:\/\/aconteceunovale.com.br\/portal\/index.php?rest_route=\/wp\/v2\/posts\/157399","targetHints":{"allow":["GET"]}}],"collection":[{"href":"https:\/\/aconteceunovale.com.br\/portal\/index.php?rest_route=\/wp\/v2\/posts"}],"about":[{"href":"https:\/\/aconteceunovale.com.br\/portal\/index.php?rest_route=\/wp\/v2\/types\/post"}],"author":[{"embeddable":true,"href":"https:\/\/aconteceunovale.com.br\/portal\/index.php?rest_route=\/wp\/v2\/users\/1"}],"replies":[{"embeddable":true,"href":"https:\/\/aconteceunovale.com.br\/portal\/index.php?rest_route=%2Fwp%2Fv2%2Fcomments&post=157399"}],"version-history":[{"count":1,"href":"https:\/\/aconteceunovale.com.br\/portal\/index.php?rest_route=\/wp\/v2\/posts\/157399\/revisions"}],"predecessor-version":[{"id":157400,"href":"https:\/\/aconteceunovale.com.br\/portal\/index.php?rest_route=\/wp\/v2\/posts\/157399\/revisions\/157400"}],"wp:featuredmedia":[{"embeddable":true,"href":"https:\/\/aconteceunovale.com.br\/portal\/index.php?rest_route=\/wp\/v2\/media\/104665"}],"wp:attachment":[{"href":"https:\/\/aconteceunovale.com.br\/portal\/index.php?rest_route=%2Fwp%2Fv2%2Fmedia&parent=157399"}],"wp:term":[{"taxonomy":"category","embeddable":true,"href":"https:\/\/aconteceunovale.com.br\/portal\/index.php?rest_route=%2Fwp%2Fv2%2Fcategories&post=157399"},{"taxonomy":"post_tag","embeddable":true,"href":"https:\/\/aconteceunovale.com.br\/portal\/index.php?rest_route=%2Fwp%2Fv2%2Ftags&post=157399"}],"curies":[{"name":"wp","href":"https:\/\/api.w.org\/{rel}","templated":true}]}}