{"id":157395,"date":"2020-01-13T18:20:51","date_gmt":"2020-01-13T21:20:51","guid":{"rendered":"http:\/\/aconteceunovale.com.br\/portal\/?p=157395"},"modified":"2020-01-13T18:21:28","modified_gmt":"2020-01-13T21:21:28","slug":"prf-resgata-59-passaros-na-br-116-em-itaobim","status":"publish","type":"post","link":"https:\/\/aconteceunovale.com.br\/portal\/?p=157395","title":{"rendered":"PRF resgata 59 p\u00e1ssaros na BR-116, em Itaobim"},"content":{"rendered":"\n<p>Cinquenta e nove aves da fauna silvestre foram resgatadas pela Pol\u00edcia Rodovi\u00e1ria Federal (PRF) ap\u00f3s abordagem a um \u00f4nibus no km 117 da BR-116, em Itaobim (MG), na tarde de sexta-feira (10\/01\/2020). O ve\u00edculo coletivo seguia de Vit\u00f3ria da Conquista (BA) para o Rio de Janeiro. <\/p>\n\n\n\n<p>Segundo a PRF, os p\u00e1ssaros estavam em uma mala no bagageiro do\n\u00f4nibus. As 59 aves s\u00e3o das esp\u00e9cies popularmente conhecidas como Cardeal, Coleiro\nBaiano, Trinca-Ferro, Azul\u00e3o, Sofr\u00ea e Bigodinho.<\/p>\n\n\n\n<p>Um dos passageiros, de 30 anos, foi identificado como\npropriet\u00e1rio da bagagem. Ele disse aos policiais que receberia R$ 300,00 para\nrealizar o transporte dos animais. <\/p>\n\n\n\n<p>O homem foi detido e conduzido \u00e0 Delegacia. As aves foram entregues \u00e0 Pol\u00edcia Militar Ambiental de Itaobim (MG).<\/p>\n\n\n\n<figure class=\"wp-block-image size-large\"><img loading=\"lazy\" decoding=\"async\" width=\"678\" height=\"380\" src=\"http:\/\/aconteceunovale.com.br\/portal\/wp-content\/uploads\/2020\/01\/passaros_itaobim_1.jpeg\" alt=\"\" class=\"wp-image-157396\" srcset=\"https:\/\/aconteceunovale.com.br\/portal\/wp-content\/uploads\/2020\/01\/passaros_itaobim_1.jpeg 678w, https:\/\/aconteceunovale.com.br\/portal\/wp-content\/uploads\/2020\/01\/passaros_itaobim_1-300x168.jpeg 300w\" sizes=\"auto, (max-width: 678px) 100vw, 678px\" \/><figcaption><em>Foto: Divulga\u00e7\u00e3o \/ PRF<\/em><\/figcaption><\/figure>\n\n\n\n<figure class=\"wp-block-image size-large\"><img loading=\"lazy\" decoding=\"async\" width=\"678\" height=\"380\" src=\"http:\/\/aconteceunovale.com.br\/portal\/wp-content\/uploads\/2020\/01\/passaros_itaobim_2.jpeg\" alt=\"\" class=\"wp-image-157397\" srcset=\"https:\/\/aconteceunovale.com.br\/portal\/wp-content\/uploads\/2020\/01\/passaros_itaobim_2.jpeg 678w, https:\/\/aconteceunovale.com.br\/portal\/wp-content\/uploads\/2020\/01\/passaros_itaobim_2-300x168.jpeg 300w\" sizes=\"auto, (max-width: 678px) 100vw, 678px\" \/><figcaption> <em>Foto: Divulga\u00e7\u00e3o \/ PRF<\/em> <\/figcaption><\/figure>\n\n\n\n<p class=\"has-text-color has-background has-very-light-gray-color has-very-dark-gray-background-color\">Quer saber as not\u00edcias do <strong>Aconteceu no Vale<\/strong> em primeira m\u00e3o? Siga-nos no Facebook <a rel=\"noreferrer noopener\" href=\"http:\/\/facebook.com\/aconteceunovale\" target=\"_blank\">@aconteceunovale<\/a>, Twitter <a rel=\"noreferrer noopener\" href=\"https:\/\/twitter.com\/noticiadosvales\" target=\"_blank\">@noticiadosvales<\/a> e Instagram <a rel=\"noreferrer noopener\" href=\"https:\/\/www.instagram.com\/aconteceunovale\" target=\"_blank\">@aconteceunovale<\/a>.<\/p>\n","protected":false},"excerpt":{"rendered":"<p>Cinquenta e nove aves da fauna silvestre foram resgatadas pela Pol\u00edcia Rodovi\u00e1ria Federal (PRF) ap\u00f3s abordagem a um \u00f4nibus no km 117 da BR-116, em Itaobim (MG), na tarde de sexta-feira (10\/01\/2020). O ve\u00edculo coletivo seguia de Vit\u00f3ria da Conquista (BA) para o Rio de Janeiro. Segundo a PRF, os p\u00e1ssaros estavam em uma mala [&hellip;]<\/p>\n","protected":false},"author":1,"featured_media":157396,"comment_status":"open","ping_status":"closed","sticky":false,"template":"","format":"standard","meta":{"amp_status":"","footnotes":""},"categories":[120],"tags":[182,391,202716,214485,194156,214484,214482,214483,1104,2842],"class_list":["post-157395","post","type-post","status-publish","format-standard","has-post-thumbnail","hentry","category-jequi","tag-br-116","tag-itaobim","tag-passaros-apreendidos-em-itaobim","tag-passaros-apreendidos-em-onibus-que-seguia-de-vitoria-da-conquista-para-o-rio-de-janeiro","tag-passaros-apreendidos-na-br-116","tag-passaros-apreendidos-na-br-116-em-itaobim","tag-prf-resgata-59-passaros-na-br-116","tag-prf-resgata-59-passaros-na-br-116-em-itaobim","tag-rio-de-janeiro","tag-vitoria-da-conquista"],"_links":{"self":[{"href":"https:\/\/aconteceunovale.com.br\/portal\/index.php?rest_route=\/wp\/v2\/posts\/157395","targetHints":{"allow":["GET"]}}],"collection":[{"href":"https:\/\/aconteceunovale.com.br\/portal\/index.php?rest_route=\/wp\/v2\/posts"}],"about":[{"href":"https:\/\/aconteceunovale.com.br\/portal\/index.php?rest_route=\/wp\/v2\/types\/post"}],"author":[{"embeddable":true,"href":"https:\/\/aconteceunovale.com.br\/portal\/index.php?rest_route=\/wp\/v2\/users\/1"}],"replies":[{"embeddable":true,"href":"https:\/\/aconteceunovale.com.br\/portal\/index.php?rest_route=%2Fwp%2Fv2%2Fcomments&post=157395"}],"version-history":[{"count":1,"href":"https:\/\/aconteceunovale.com.br\/portal\/index.php?rest_route=\/wp\/v2\/posts\/157395\/revisions"}],"predecessor-version":[{"id":157398,"href":"https:\/\/aconteceunovale.com.br\/portal\/index.php?rest_route=\/wp\/v2\/posts\/157395\/revisions\/157398"}],"wp:featuredmedia":[{"embeddable":true,"href":"https:\/\/aconteceunovale.com.br\/portal\/index.php?rest_route=\/wp\/v2\/media\/157396"}],"wp:attachment":[{"href":"https:\/\/aconteceunovale.com.br\/portal\/index.php?rest_route=%2Fwp%2Fv2%2Fmedia&parent=157395"}],"wp:term":[{"taxonomy":"category","embeddable":true,"href":"https:\/\/aconteceunovale.com.br\/portal\/index.php?rest_route=%2Fwp%2Fv2%2Fcategories&post=157395"},{"taxonomy":"post_tag","embeddable":true,"href":"https:\/\/aconteceunovale.com.br\/portal\/index.php?rest_route=%2Fwp%2Fv2%2Ftags&post=157395"}],"curies":[{"name":"wp","href":"https:\/\/api.w.org\/{rel}","templated":true}]}}