{"id":157391,"date":"2020-01-13T18:00:31","date_gmt":"2020-01-13T21:00:31","guid":{"rendered":"http:\/\/aconteceunovale.com.br\/portal\/?p=157391"},"modified":"2020-01-13T18:01:13","modified_gmt":"2020-01-13T21:01:13","slug":"caminhao-roubado-no-parana-e-recuperado-pela-prf-em-teofilo-otoni","status":"publish","type":"post","link":"https:\/\/aconteceunovale.com.br\/portal\/?p=157391","title":{"rendered":"Caminh\u00e3o roubado no Paran\u00e1 \u00e9 recuperado pela PRF em Te\u00f3filo Otoni"},"content":{"rendered":"\n<p>Um caminh\u00e3o foi recuperado pela Pol\u00edcia Rodovi\u00e1ria Federal (PRF) em uma abordagem de rotina na BR-116, em Te\u00f3filo Otoni (MG), na manh\u00e3 de domingo (12\/01\/2020). Os policiais observaram que diversos elementos do ve\u00edculo estavam adulterados. <\/p>\n\n\n\n<p>Segundo a PRF, ficou constatado que o ve\u00edculo da marca Volkswagen, modelo 15.180 CNM, havia sido roubado  em novembro de 2019 na cidade de Umuarama (PR). <\/p>\n\n\n\n<p>O motorista, um homem de 39 anos, disse aos policiais que adquiriu o caminh\u00e3o de um comerciante de ve\u00edculos usados na cidade de Frei Inoc\u00eancio (MG).<\/p>\n\n\n\n<p>O ve\u00edculo apreendido foi levado para um p\u00e1tio credenciado. J\u00e1 o condutor foi encaminhado ao plant\u00e3o da Pol\u00edcia Civil de Te\u00f3filo Otoni. Ele poder\u00e1 responder pelos crimes de recepta\u00e7\u00e3o e adultera\u00e7\u00e3o de ve\u00edculo automotor.<\/p>\n\n\n\n<figure class=\"wp-block-image size-large\"><img loading=\"lazy\" decoding=\"async\" width=\"678\" height=\"380\" src=\"http:\/\/aconteceunovale.com.br\/portal\/wp-content\/uploads\/2020\/01\/caminhao_prf_teo_1.jpeg\" alt=\"\" class=\"wp-image-157392\" srcset=\"https:\/\/aconteceunovale.com.br\/portal\/wp-content\/uploads\/2020\/01\/caminhao_prf_teo_1.jpeg 678w, https:\/\/aconteceunovale.com.br\/portal\/wp-content\/uploads\/2020\/01\/caminhao_prf_teo_1-300x168.jpeg 300w\" sizes=\"auto, (max-width: 678px) 100vw, 678px\" \/><figcaption><em>Foto: Divulga\u00e7\u00e3o \/ PRF<\/em><\/figcaption><\/figure>\n\n\n\n<figure class=\"wp-block-image size-large\"><img loading=\"lazy\" decoding=\"async\" width=\"678\" height=\"379\" src=\"http:\/\/aconteceunovale.com.br\/portal\/wp-content\/uploads\/2020\/01\/caminhao_prf_teo_2.jpeg\" alt=\"\" class=\"wp-image-157393\" srcset=\"https:\/\/aconteceunovale.com.br\/portal\/wp-content\/uploads\/2020\/01\/caminhao_prf_teo_2.jpeg 678w, https:\/\/aconteceunovale.com.br\/portal\/wp-content\/uploads\/2020\/01\/caminhao_prf_teo_2-300x168.jpeg 300w\" sizes=\"auto, (max-width: 678px) 100vw, 678px\" \/><figcaption> <em>Foto: Divulga\u00e7\u00e3o \/ PRF<\/em> <\/figcaption><\/figure>\n\n\n\n<p class=\"has-text-color has-background has-very-light-gray-color has-very-dark-gray-background-color\">Quer saber as not\u00edcias do <strong>Aconteceu no Vale<\/strong> em primeira m\u00e3o? Siga-nos no Facebook <a rel=\"noreferrer noopener\" href=\"http:\/\/facebook.com\/aconteceunovale\" target=\"_blank\">@aconteceunovale<\/a>, Twitter <a rel=\"noreferrer noopener\" href=\"https:\/\/twitter.com\/noticiadosvales\" target=\"_blank\">@noticiadosvales<\/a> e Instagram <a rel=\"noreferrer noopener\" href=\"https:\/\/www.instagram.com\/aconteceunovale\" target=\"_blank\">@aconteceunovale<\/a>.<\/p>\n","protected":false},"excerpt":{"rendered":"<p>Um caminh\u00e3o foi recuperado pela Pol\u00edcia Rodovi\u00e1ria Federal (PRF) em uma abordagem de rotina na BR-116, em Te\u00f3filo Otoni (MG), na manh\u00e3 de domingo (12\/01\/2020). Os policiais observaram que diversos elementos do ve\u00edculo estavam adulterados. Segundo a PRF, ficou constatado que o ve\u00edculo da marca Volkswagen, modelo 15.180 CNM, havia sido roubado em novembro de [&hellip;]<\/p>\n","protected":false},"author":1,"featured_media":157393,"comment_status":"open","ping_status":"closed","sticky":false,"template":"","format":"standard","meta":{"amp_status":"","footnotes":""},"categories":[122],"tags":[176177,214480,214481,214479,290,187349,164,25278],"class_list":["post-157391","post","type-post","status-publish","format-standard","has-post-thumbnail","hentry","category-mucuri","tag-caminhao-apreendido-em-teofilo-otoni","tag-caminhao-apreendido-na-br-116-em-teofilo-otoni","tag-caminhao-roubado-em-umuarama","tag-caminhao-roubado-no-parana-e-recuperado-pela-prf-em-teofilo-otoni","tag-frei-inocencio","tag-prf-em-teofilo-otoni","tag-teofilo-otoni","tag-umuarama"],"_links":{"self":[{"href":"https:\/\/aconteceunovale.com.br\/portal\/index.php?rest_route=\/wp\/v2\/posts\/157391","targetHints":{"allow":["GET"]}}],"collection":[{"href":"https:\/\/aconteceunovale.com.br\/portal\/index.php?rest_route=\/wp\/v2\/posts"}],"about":[{"href":"https:\/\/aconteceunovale.com.br\/portal\/index.php?rest_route=\/wp\/v2\/types\/post"}],"author":[{"embeddable":true,"href":"https:\/\/aconteceunovale.com.br\/portal\/index.php?rest_route=\/wp\/v2\/users\/1"}],"replies":[{"embeddable":true,"href":"https:\/\/aconteceunovale.com.br\/portal\/index.php?rest_route=%2Fwp%2Fv2%2Fcomments&post=157391"}],"version-history":[{"count":1,"href":"https:\/\/aconteceunovale.com.br\/portal\/index.php?rest_route=\/wp\/v2\/posts\/157391\/revisions"}],"predecessor-version":[{"id":157394,"href":"https:\/\/aconteceunovale.com.br\/portal\/index.php?rest_route=\/wp\/v2\/posts\/157391\/revisions\/157394"}],"wp:featuredmedia":[{"embeddable":true,"href":"https:\/\/aconteceunovale.com.br\/portal\/index.php?rest_route=\/wp\/v2\/media\/157393"}],"wp:attachment":[{"href":"https:\/\/aconteceunovale.com.br\/portal\/index.php?rest_route=%2Fwp%2Fv2%2Fmedia&parent=157391"}],"wp:term":[{"taxonomy":"category","embeddable":true,"href":"https:\/\/aconteceunovale.com.br\/portal\/index.php?rest_route=%2Fwp%2Fv2%2Fcategories&post=157391"},{"taxonomy":"post_tag","embeddable":true,"href":"https:\/\/aconteceunovale.com.br\/portal\/index.php?rest_route=%2Fwp%2Fv2%2Ftags&post=157391"}],"curies":[{"name":"wp","href":"https:\/\/api.w.org\/{rel}","templated":true}]}}