{"id":157382,"date":"2020-01-13T15:22:57","date_gmt":"2020-01-13T18:22:57","guid":{"rendered":"http:\/\/aconteceunovale.com.br\/portal\/?p=157382"},"modified":"2020-01-13T15:23:28","modified_gmt":"2020-01-13T18:23:28","slug":"lei-proibe-copos-e-talheres-de-plastico-na-capital-paulista","status":"publish","type":"post","link":"https:\/\/aconteceunovale.com.br\/portal\/?p=157382","title":{"rendered":"Lei pro\u00edbe copos e talheres de pl\u00e1stico na capital paulista"},"content":{"rendered":"\n<p>O prefeito de S\u00e3o Paulo, Bruno Covas, sancionou hoje (13), a&nbsp;<a href=\"http:\/\/documentacao.saopaulo.sp.leg.br\/iah\/fulltext\/projeto\/PL0099-2019.pdf\" target=\"_blank\" rel=\"noreferrer noopener\">lei que pro\u00edbe o fornecimento de copos, pratos e talheres de pl\u00e1stico na cidade<\/a>. Com a proibi\u00e7\u00e3o, os itens devem n\u00e3o s\u00f3 deixar de ser oferecidos por bares e restaurantes, como tamb\u00e9m n\u00e3o estar\u00e3o mais dispon\u00edveis no com\u00e9rcio e em supermercados para uso dom\u00e9stico. A legisla\u00e7\u00e3o entra em vigor em 1\u00ba de janeiro de 2021.<\/p>\n\n\n\n<p>Ainda neste m\u00eas, a prefeitura deve regulamentar a lei aprovada em junho do ano passado que pro\u00edbe o fornecimento de canudos pl\u00e1sticos na capital paulista. A Assembleia Legislativa do Estado de S\u00e3o Paulo (Alesp) tamb\u00e9m aprovou uma legisla\u00e7\u00e3o semelhante abrangendo todo o estado.<\/p>\n\n\n\n<p>O vereador Xexeu Tripoli (PV), autor do projeto de lei sancionado hoje, disse que 16% do lixo gerado pelo munic\u00edpio \u00e9 de pl\u00e1stico em diversas formas. Na justificativa da proposta, o vereador defendeu que os copos e talheres descart\u00e1veis sejam substitu\u00eddos por itens de material biodegrad\u00e1vel ou reutiliz\u00e1vel.<\/p>\n\n\n\n<p>Covas disse que antes mesmo da regulamenta\u00e7\u00e3o a\u00a0proibi\u00e7\u00e3o dos canudos pl\u00e1sticos\u00a0j\u00e1 tem gerado impactos positivos na cidade. \u201cAinda sem mesmo a regulamenta\u00e7\u00e3o ter sa\u00eddo, hoje, praticamente, n\u00e3o se acha mais canudo que n\u00e3o seja biodegrad\u00e1vel ou de outra alternativa na cidade. Porque, muito mais do que a san\u00e7\u00e3o pecuni\u00e1ria ou a fiscaliza\u00e7\u00e3o, a lei transformou a cultura da nossa popula\u00e7\u00e3o\u201d, ressaltou.<\/p>\n\n\n\n<h2 class=\"wp-block-heading\">Ind\u00fastria contesta<\/h2>\n\n\n\n<p>A Associa\u00e7\u00e3o Brasileira da Ind\u00fastria do Pl\u00e1stico (Abiplast) disse que as proibi\u00e7\u00f5es aos produtos \u201ctrazem inseguran\u00e7a jur\u00eddica, mexem com a competitividade e o planejamento financeiro das empresas, causando impacto nos investimentos, na gera\u00e7\u00e3o de empregos e at\u00e9 mesmo na manuten\u00e7\u00e3o da atividade industrial\u201d.<\/p>\n\n\n\n<p>A representante da ind\u00fastria de pl\u00e1stico defende que em vez de proibir, o uso desse produtos seja regulamentado de forma a reduzir o consumo e garantir a reciclagem. \u201cA ind\u00fastria de transforma\u00e7\u00e3o e reciclagem de material pl\u00e1stico est\u00e1 disposta a contribuir para a constru\u00e7\u00e3o de solu\u00e7\u00f5es em conjunto\u201d, diz o comunicado da associa\u00e7\u00e3o.<\/p>\n\n\n\n<p class=\"has-text-color has-background has-very-light-gray-color has-very-dark-gray-background-color\">Quer saber as not\u00edcias do <strong>Aconteceu no Vale<\/strong> em primeira m\u00e3o? Siga-nos no Facebook <a rel=\"noreferrer noopener\" href=\"http:\/\/facebook.com\/aconteceunovale\" target=\"_blank\">@aconteceunovale<\/a>, Twitter <a rel=\"noreferrer noopener\" href=\"https:\/\/twitter.com\/noticiadosvales\" target=\"_blank\">@noticiadosvales<\/a> e Instagram <a rel=\"noreferrer noopener\" href=\"https:\/\/www.instagram.com\/aconteceunovale\" target=\"_blank\">@aconteceunovale<\/a>.<\/p>\n","protected":false},"excerpt":{"rendered":"<p>O prefeito de S\u00e3o Paulo, Bruno Covas, sancionou hoje (13), a&nbsp;lei que pro\u00edbe o fornecimento de copos, pratos e talheres de pl\u00e1stico na cidade. Com a proibi\u00e7\u00e3o, os itens devem n\u00e3o s\u00f3 deixar de ser oferecidos por bares e restaurantes, como tamb\u00e9m n\u00e3o estar\u00e3o mais dispon\u00edveis no com\u00e9rcio e em supermercados para uso dom\u00e9stico. A [&hellip;]<\/p>\n","protected":false},"author":1,"featured_media":157383,"comment_status":"open","ping_status":"closed","sticky":false,"template":"","format":"standard","meta":{"amp_status":"","footnotes":""},"categories":[6],"tags":[214473,214470,214471,214472,214465,214468,133892,214466,214467,214469],"class_list":["post-157382","post","type-post","status-publish","format-standard","has-post-thumbnail","hentry","category-br","tag-abiplast","tag-alesp","tag-assembleia-legislativa-do-estado-de-sao-paulo","tag-associacao-brasileira-da-industria-do-plastico","tag-bruno-covas","tag-lei-proibe-copos-e-talheres-de-plastico-em-sao-paulo","tag-prefeito-de-sao-paulo","tag-proibicao-de-copos-e-talhes-de-plasticos-em-sao-paulo","tag-proibicao-de-plastico-em-sao-paulo","tag-xexeu-tripoli"],"_links":{"self":[{"href":"https:\/\/aconteceunovale.com.br\/portal\/index.php?rest_route=\/wp\/v2\/posts\/157382","targetHints":{"allow":["GET"]}}],"collection":[{"href":"https:\/\/aconteceunovale.com.br\/portal\/index.php?rest_route=\/wp\/v2\/posts"}],"about":[{"href":"https:\/\/aconteceunovale.com.br\/portal\/index.php?rest_route=\/wp\/v2\/types\/post"}],"author":[{"embeddable":true,"href":"https:\/\/aconteceunovale.com.br\/portal\/index.php?rest_route=\/wp\/v2\/users\/1"}],"replies":[{"embeddable":true,"href":"https:\/\/aconteceunovale.com.br\/portal\/index.php?rest_route=%2Fwp%2Fv2%2Fcomments&post=157382"}],"version-history":[{"count":1,"href":"https:\/\/aconteceunovale.com.br\/portal\/index.php?rest_route=\/wp\/v2\/posts\/157382\/revisions"}],"predecessor-version":[{"id":157384,"href":"https:\/\/aconteceunovale.com.br\/portal\/index.php?rest_route=\/wp\/v2\/posts\/157382\/revisions\/157384"}],"wp:featuredmedia":[{"embeddable":true,"href":"https:\/\/aconteceunovale.com.br\/portal\/index.php?rest_route=\/wp\/v2\/media\/157383"}],"wp:attachment":[{"href":"https:\/\/aconteceunovale.com.br\/portal\/index.php?rest_route=%2Fwp%2Fv2%2Fmedia&parent=157382"}],"wp:term":[{"taxonomy":"category","embeddable":true,"href":"https:\/\/aconteceunovale.com.br\/portal\/index.php?rest_route=%2Fwp%2Fv2%2Fcategories&post=157382"},{"taxonomy":"post_tag","embeddable":true,"href":"https:\/\/aconteceunovale.com.br\/portal\/index.php?rest_route=%2Fwp%2Fv2%2Ftags&post=157382"}],"curies":[{"name":"wp","href":"https:\/\/api.w.org\/{rel}","templated":true}]}}