{"id":157376,"date":"2020-01-13T11:49:27","date_gmt":"2020-01-13T14:49:27","guid":{"rendered":"http:\/\/aconteceunovale.com.br\/portal\/?p=157376"},"modified":"2020-01-13T11:51:05","modified_gmt":"2020-01-13T14:51:05","slug":"morre-quinta-vitima-de-acidente-na-br-116-no-vale-do-jequitinhonha","status":"publish","type":"post","link":"https:\/\/aconteceunovale.com.br\/portal\/?p=157376","title":{"rendered":"Morre quinta v\u00edtima de acidente na BR-116, no Vale do Jequitinhonha"},"content":{"rendered":"\n<p>Cinco pessoas de uma mesma fam\u00edlia morreram ap\u00f3s um grav\u00edssimo acidente na BR-116, no munic\u00edpio de Itaobim (MG), na madrugada de domingo (12\/01\/2020). A quinta v\u00edtima da trag\u00e9dia, uma adolescente de 15 anos, n\u00e3o resistiu aos ferimentos e faleceu na madrugada desta segunda-feira (13). Os pais e duas irm\u00e3s da garota morreram ontem. <\/p>\n\n\n\n<p>A fam\u00edlia residia em Paul\u00ednia, no interior do Estado de S\u00e3o\nPaulo, e retornava para casa ap\u00f3s um per\u00edodo de f\u00e9rias em Mana\u00edra, no Sert\u00e3o\nda Para\u00edba. <\/p>\n\n\n\n<h2 class=\"wp-block-heading\">O acidente<\/h2>\n\n\n\n<p>Segundo informa\u00e7\u00f5es da Pol\u00edcia Rodovi\u00e1ria Federal (PRF), o carro\nda fam\u00edlia invadiu a contram\u00e3o de dire\u00e7\u00e3o e colidiu frontalmente contra o um\ncaminh\u00e3o. O acidente aconteceu por volta de 4h30 e a suspeita inicial \u00e9 de que\na condutora do autom\u00f3vel tenha dormido ao volante. <\/p>\n\n\n\n<p>\u00c9rika Cristina de Ara\u00fajo (motorista), de 38 anos, Afonso da\nSilva Gomes, de 48, e Luiza Cristina Ara\u00fajo Gomes, de 11, morreram no local. A\ncrian\u00e7a era filha do casal.<\/p>\n\n\n\n<p>Outras duas filhas de \u00c9rika e Afonso foram socorridas por uma\nequipe do Servi\u00e7o de Atendimento M\u00f3vel de Urg\u00eancia (SAMU) e encaminhadas ao\nHospital Vale do Jequitinhonha, em Itaobim (MG). Izabela Caroline Ara\u00fajo Gomes,\nde 18 anos, morreu pouco depois de dar entrada na unidade hospitalar. J\u00e1 Maria\nEduarda Gomes Ara\u00fajo, de 15, veio a \u00f3bito nesta segunda-feira (13). <\/p>\n\n\n\n<p>O caminhoneiro n\u00e3o ficou ferido. As causas do acidente ser\u00e3o investigadas pelas autoridades locais.<\/p>\n\n\n\n<figure class=\"wp-block-image size-large is-resized\"><img loading=\"lazy\" decoding=\"async\" src=\"http:\/\/aconteceunovale.com.br\/portal\/wp-content\/uploads\/2020\/01\/acidente_itaobim_1.jpg\" alt=\"\" class=\"wp-image-157328\" width=\"700\" height=\"461\" srcset=\"https:\/\/aconteceunovale.com.br\/portal\/wp-content\/uploads\/2020\/01\/acidente_itaobim_1.jpg 678w, https:\/\/aconteceunovale.com.br\/portal\/wp-content\/uploads\/2020\/01\/acidente_itaobim_1-300x198.jpg 300w, https:\/\/aconteceunovale.com.br\/portal\/wp-content\/uploads\/2020\/01\/acidente_itaobim_1-637x420.jpg 637w\" sizes=\"auto, (max-width: 700px) 100vw, 700px\" \/><figcaption> <em> Foto: Pol\u00edcia Rodovi\u00e1ria Federal \/ Divulga\u00e7\u00e3o <\/em> <\/figcaption><\/figure>\n\n\n\n<figure class=\"wp-block-image size-large is-resized\"><img loading=\"lazy\" decoding=\"async\" src=\"http:\/\/aconteceunovale.com.br\/portal\/wp-content\/uploads\/2020\/01\/acidente_itaobim_2.jpg\" alt=\"\" class=\"wp-image-157329\" width=\"700\" height=\"442\" srcset=\"https:\/\/aconteceunovale.com.br\/portal\/wp-content\/uploads\/2020\/01\/acidente_itaobim_2.jpg 678w, https:\/\/aconteceunovale.com.br\/portal\/wp-content\/uploads\/2020\/01\/acidente_itaobim_2-300x189.jpg 300w, https:\/\/aconteceunovale.com.br\/portal\/wp-content\/uploads\/2020\/01\/acidente_itaobim_2-665x420.jpg 665w\" sizes=\"auto, (max-width: 700px) 100vw, 700px\" \/><figcaption> <em> Foto: Pol\u00edcia Rodovi\u00e1ria Federal \/ Divulga\u00e7\u00e3o <\/em> <\/figcaption><\/figure>\n\n\n\n<h2 class=\"wp-block-heading\">30 anos longe da terra natal<\/h2>\n\n\n\n<p>Afonso da Silva Gomes era natural de Mana\u00edra (PB)\u00a0e, segundo relatos de familiares, ficou 30 anos sem voltar a sua terra natal. Ele, a esposa e as tr\u00eas filhas resolveram passar as festas de fim de ano no Nordeste e, no retorno para S\u00e3o Paulo, foram vitimados por essa terr\u00edvel trag\u00e9dia. <\/p>\n\n\n\n<figure class=\"wp-block-image size-large is-resized\"><img loading=\"lazy\" decoding=\"async\" src=\"http:\/\/aconteceunovale.com.br\/portal\/wp-content\/uploads\/2020\/01\/tragedia_familia.jpg\" alt=\"\" class=\"wp-image-157377\" width=\"700\" height=\"466\" srcset=\"https:\/\/aconteceunovale.com.br\/portal\/wp-content\/uploads\/2020\/01\/tragedia_familia.jpg 675w, https:\/\/aconteceunovale.com.br\/portal\/wp-content\/uploads\/2020\/01\/tragedia_familia-300x200.jpg 300w, https:\/\/aconteceunovale.com.br\/portal\/wp-content\/uploads\/2020\/01\/tragedia_familia-630x420.jpg 630w\" sizes=\"auto, (max-width: 700px) 100vw, 700px\" \/><figcaption><em> Foto: Arquivo da Fam\u00edlia \/ Reprodu\u00e7\u00e3o<\/em><\/figcaption><\/figure>\n\n\n\n<p class=\"has-text-color has-background has-very-light-gray-color has-very-dark-gray-background-color\">Quer saber as not\u00edcias do <strong>Aconteceu no Vale<\/strong> em primeira m\u00e3o? Siga-nos no Facebook <a rel=\"noreferrer noopener\" href=\"http:\/\/facebook.com\/aconteceunovale\" target=\"_blank\">@aconteceunovale<\/a>, Twitter <a rel=\"noreferrer noopener\" href=\"https:\/\/twitter.com\/noticiadosvales\" target=\"_blank\">@noticiadosvales<\/a> e Instagram <a rel=\"noreferrer noopener\" href=\"https:\/\/www.instagram.com\/aconteceunovale\" target=\"_blank\">@aconteceunovale<\/a>.<\/p>\n","protected":false},"excerpt":{"rendered":"<p>Cinco pessoas de uma mesma fam\u00edlia morreram ap\u00f3s um grav\u00edssimo acidente na BR-116, no munic\u00edpio de Itaobim (MG), na madrugada de domingo (12\/01\/2020). A quinta v\u00edtima da trag\u00e9dia, uma adolescente de 15 anos, n\u00e3o resistiu aos ferimentos e faleceu na madrugada desta segunda-feira (13). Os pais e duas irm\u00e3s da garota morreram ontem. A fam\u00edlia [&hellip;]<\/p>\n","protected":false},"author":1,"featured_media":157377,"comment_status":"open","ping_status":"closed","sticky":false,"template":"","format":"standard","meta":{"amp_status":"","footnotes":""},"categories":[6,120],"tags":[214380,214377,214452,214456,214457,214453,47353,214378,106299,8703,214382,182,1018,214381,214458,391,214384,214383,214454,214385,214448,214451,214374,214373,214375,164,214450,214455,214376,93350,214449],"class_list":["post-157376","post","type-post","status-publish","format-standard","has-post-thumbnail","hentry","category-br","category-jequi","tag-acidente-com-carro-da-paraiba-em-itaobim","tag-acidente-com-carro-da-paraiba-na-br-116","tag-acidente-com-familia-de-paulinia","tag-acidente-com-filho-de-manaira","tag-acidente-com-morador-de-manaira","tag-acidente-com-moradores-de-paulinia","tag-acidente-em-itaobim","tag-acidente-entre-carro-e-caminhao-em-itaobim","tag-acidente-na-br-116-em-itaobim","tag-acidente-perto-de-itaobim","tag-afonso-da-silva-gomes","tag-br-116","tag-destaque","tag-erika-cristina-araujo","tag-familia-inteira-morre-em-acidente-na-br-116","tag-itaobim","tag-izabela-caroline-araujo-gomes","tag-luiza-cristina-araujo-gomes","tag-manaira","tag-maria-eduarda-araujo-gomes","tag-morre-quinta-vitima-de-acidente-na-br-116","tag-morte-de-familia-de-paulinia","tag-quatro-pessoas-da-mesma-familia-morrem-em-acidente-na-br-116","tag-quatro-pessoas-da-mesma-familia-morrem-em-acidente-na-br-116-em-itaobim","tag-quatro-pessoas-da-mesma-familia-morrem-em-acidente-na-br-116-no-vale-do-jequitinhonha","tag-teofilo-otoni","tag-tragedia-com-familia-de-paulinia","tag-tragedia-com-filho-de-manaira","tag-tragedia-em-itaobim","tag-tragedia-na-br-116","tag-tragedia-na-br-116-em-itaobim-familia-de-paulinia"],"_links":{"self":[{"href":"https:\/\/aconteceunovale.com.br\/portal\/index.php?rest_route=\/wp\/v2\/posts\/157376","targetHints":{"allow":["GET"]}}],"collection":[{"href":"https:\/\/aconteceunovale.com.br\/portal\/index.php?rest_route=\/wp\/v2\/posts"}],"about":[{"href":"https:\/\/aconteceunovale.com.br\/portal\/index.php?rest_route=\/wp\/v2\/types\/post"}],"author":[{"embeddable":true,"href":"https:\/\/aconteceunovale.com.br\/portal\/index.php?rest_route=\/wp\/v2\/users\/1"}],"replies":[{"embeddable":true,"href":"https:\/\/aconteceunovale.com.br\/portal\/index.php?rest_route=%2Fwp%2Fv2%2Fcomments&post=157376"}],"version-history":[{"count":1,"href":"https:\/\/aconteceunovale.com.br\/portal\/index.php?rest_route=\/wp\/v2\/posts\/157376\/revisions"}],"predecessor-version":[{"id":157378,"href":"https:\/\/aconteceunovale.com.br\/portal\/index.php?rest_route=\/wp\/v2\/posts\/157376\/revisions\/157378"}],"wp:featuredmedia":[{"embeddable":true,"href":"https:\/\/aconteceunovale.com.br\/portal\/index.php?rest_route=\/wp\/v2\/media\/157377"}],"wp:attachment":[{"href":"https:\/\/aconteceunovale.com.br\/portal\/index.php?rest_route=%2Fwp%2Fv2%2Fmedia&parent=157376"}],"wp:term":[{"taxonomy":"category","embeddable":true,"href":"https:\/\/aconteceunovale.com.br\/portal\/index.php?rest_route=%2Fwp%2Fv2%2Fcategories&post=157376"},{"taxonomy":"post_tag","embeddable":true,"href":"https:\/\/aconteceunovale.com.br\/portal\/index.php?rest_route=%2Fwp%2Fv2%2Ftags&post=157376"}],"curies":[{"name":"wp","href":"https:\/\/api.w.org\/{rel}","templated":true}]}}