{"id":157371,"date":"2020-01-13T09:43:31","date_gmt":"2020-01-13T12:43:31","guid":{"rendered":"http:\/\/aconteceunovale.com.br\/portal\/?p=157371"},"modified":"2020-01-13T09:46:50","modified_gmt":"2020-01-13T12:46:50","slug":"motorista-morre-atropelado-pelo-proprio-caminhao","status":"publish","type":"post","link":"https:\/\/aconteceunovale.com.br\/portal\/?p=157371","title":{"rendered":"Motorista morre atropelado pelo pr\u00f3prio caminh\u00e3o"},"content":{"rendered":"\n<p>Um homem de 37 anos morreu ap\u00f3s ser atropelado pelo pr\u00f3prio caminh\u00e3o no munic\u00edpio de \u00c1guas Vermelhas, pr\u00f3ximo \u00e0 divisa de Minas Gerais com a Bahia, na manh\u00e3 de sexta-feira (10\/01\/2020). Francisco Brasileiro Neto estacionou o ve\u00edculo no p\u00e1tio de um posto de combust\u00edveis no Povoado de Abacaxi, \u00e0s margens da BR-116, e foi atingido pelas rodas traseiras ao verificar o sistema de freios. <\/p>\n\n\n\n<p>Testemunhas relataram que o caminh\u00e3o carregado de cocos\nestava ligado e come\u00e7ou a se mover quando o homem estava debaixo do ve\u00edculo. O\ncaminhoneiro ainda tentou sair, mas acabou atropelado. <\/p>\n\n\n\n<p>A Per\u00edcia da Pol\u00edcia Civil esteve no local e liberou o corpo para o Instituto M\u00e9dico Legal (IML) de Te\u00f3filo Otoni. As causas do acidente ser\u00e3o investigadas. <\/p>\n\n\n\n<figure class=\"wp-block-image size-large is-resized\"><img loading=\"lazy\" decoding=\"async\" src=\"http:\/\/aconteceunovale.com.br\/portal\/wp-content\/uploads\/2020\/01\/acidente_caminhao_1.jpg\" alt=\"\" class=\"wp-image-157374\" width=\"719\" height=\"423\" srcset=\"https:\/\/aconteceunovale.com.br\/portal\/wp-content\/uploads\/2020\/01\/acidente_caminhao_1.jpg 663w, https:\/\/aconteceunovale.com.br\/portal\/wp-content\/uploads\/2020\/01\/acidente_caminhao_1-300x176.jpg 300w\" sizes=\"auto, (max-width: 719px) 100vw, 719px\" \/><figcaption><em>Foto: Reprodu\u00e7\u00e3o \/ WhatsApp<\/em><\/figcaption><\/figure>\n\n\n\n<p class=\"has-text-color has-background has-very-light-gray-color has-very-dark-gray-background-color\">Quer saber as not\u00edcias do <strong>Aconteceu no Vale<\/strong> em primeira m\u00e3o? Siga-nos no Facebook <a rel=\"noreferrer noopener\" href=\"http:\/\/facebook.com\/aconteceunovale\" target=\"_blank\">@aconteceunovale<\/a>, Twitter <a rel=\"noreferrer noopener\" href=\"https:\/\/twitter.com\/noticiadosvales\" target=\"_blank\">@noticiadosvales<\/a> e Instagram <a rel=\"noreferrer noopener\" href=\"https:\/\/www.instagram.com\/aconteceunovale\" target=\"_blank\">@aconteceunovale<\/a>.<\/p>\n","protected":false},"excerpt":{"rendered":"<p>Um homem de 37 anos morreu ap\u00f3s ser atropelado pelo pr\u00f3prio caminh\u00e3o no munic\u00edpio de \u00c1guas Vermelhas, pr\u00f3ximo \u00e0 divisa de Minas Gerais com a Bahia, na manh\u00e3 de sexta-feira (10\/01\/2020). Francisco Brasileiro Neto estacionou o ve\u00edculo no p\u00e1tio de um posto de combust\u00edveis no Povoado de Abacaxi, \u00e0s margens da BR-116, e foi atingido [&hellip;]<\/p>\n","protected":false},"author":1,"featured_media":157372,"comment_status":"open","ping_status":"closed","sticky":false,"template":"","format":"standard","meta":{"amp_status":"","footnotes":""},"categories":[1236],"tags":[4202,214447,214443,214444,214442,214445,214446],"class_list":["post-157371","post","type-post","status-publish","format-standard","has-post-thumbnail","hentry","category-norte_de_minas","tag-aguas-vermelhas","tag-francisco-brasileiro-neto","tag-motorista-morre-atropelado-pelo-proprio-caminhao","tag-motorista-morre-atropelado-pelo-proprio-caminhao-em-aguas-vermelhas","tag-motorista-morre-atropelado-pelo-proprio-caminhao-na-br-116","tag-motorista-morre-atropelado-pelo-proprio-caminhao-no-alto-rio-pardo","tag-motorista-morre-atropelado-pelo-proprio-caminhao-no-povoado-de-abacaxi"],"_links":{"self":[{"href":"https:\/\/aconteceunovale.com.br\/portal\/index.php?rest_route=\/wp\/v2\/posts\/157371","targetHints":{"allow":["GET"]}}],"collection":[{"href":"https:\/\/aconteceunovale.com.br\/portal\/index.php?rest_route=\/wp\/v2\/posts"}],"about":[{"href":"https:\/\/aconteceunovale.com.br\/portal\/index.php?rest_route=\/wp\/v2\/types\/post"}],"author":[{"embeddable":true,"href":"https:\/\/aconteceunovale.com.br\/portal\/index.php?rest_route=\/wp\/v2\/users\/1"}],"replies":[{"embeddable":true,"href":"https:\/\/aconteceunovale.com.br\/portal\/index.php?rest_route=%2Fwp%2Fv2%2Fcomments&post=157371"}],"version-history":[{"count":2,"href":"https:\/\/aconteceunovale.com.br\/portal\/index.php?rest_route=\/wp\/v2\/posts\/157371\/revisions"}],"predecessor-version":[{"id":157375,"href":"https:\/\/aconteceunovale.com.br\/portal\/index.php?rest_route=\/wp\/v2\/posts\/157371\/revisions\/157375"}],"wp:featuredmedia":[{"embeddable":true,"href":"https:\/\/aconteceunovale.com.br\/portal\/index.php?rest_route=\/wp\/v2\/media\/157372"}],"wp:attachment":[{"href":"https:\/\/aconteceunovale.com.br\/portal\/index.php?rest_route=%2Fwp%2Fv2%2Fmedia&parent=157371"}],"wp:term":[{"taxonomy":"category","embeddable":true,"href":"https:\/\/aconteceunovale.com.br\/portal\/index.php?rest_route=%2Fwp%2Fv2%2Fcategories&post=157371"},{"taxonomy":"post_tag","embeddable":true,"href":"https:\/\/aconteceunovale.com.br\/portal\/index.php?rest_route=%2Fwp%2Fv2%2Ftags&post=157371"}],"curies":[{"name":"wp","href":"https:\/\/api.w.org\/{rel}","templated":true}]}}