{"id":157362,"date":"2020-01-13T08:50:48","date_gmt":"2020-01-13T11:50:48","guid":{"rendered":"http:\/\/aconteceunovale.com.br\/portal\/?p=157362"},"modified":"2020-01-13T08:51:23","modified_gmt":"2020-01-13T11:51:23","slug":"quatro-pessoas-ficam-feridas-em-acidentes-na-br-116-no-leste-de-minas","status":"publish","type":"post","link":"https:\/\/aconteceunovale.com.br\/portal\/?p=157362","title":{"rendered":"Quatro pessoas ficam feridas em acidentes na BR-116, no Leste de Minas"},"content":{"rendered":"\n<p>Dois acidentes foram registrados na BR-116, no Leste de Minas Gerais, na tarde desse domingo (12\/01\/2020). Na altura do km 550 da rodovia, no munic\u00edpio de Santa B\u00e1rbara do Leste, a colis\u00e3o entre um Hyundai Creta, licenciado em S\u00e3o Jos\u00e9 dos Campos (SP), e um Fiat Idea, placa de Santa B\u00e1rbara, deixou tr\u00eas pessoas feridas. <\/p>\n\n\n\n<p>Duas v\u00edtimas estavam no Fiat e Idea e receberam atendimento do\nGrupamento Anjos de Resgate de Santa Rita de Minas. Luzia Batista e Lucimar Assis foram encaminhadas ao Hospital Nossa Senhora Auxiliadora (HNSA) em Caratinga.<\/p>\n\n\n\n<p>O Creta, que seguia de S\u00e3o Paulo\npara o Estado da Para\u00edba, era ocupado por quatro pessoas e os tr\u00eas passageiros sa\u00edram\nilesos. J\u00e1 o motorista, conforme os socorristas, sofreu um pequeno corte e\nluxa\u00e7\u00e3o no bra\u00e7o direito, mas recusou deslocamento at\u00e9 o hospital. &nbsp;<\/p>\n\n\n\n<p>A Pol\u00edcia Rodovi\u00e1ria Federal (PRF) foi acionada e registou a ocorr\u00eancia. As causas do acidente ser\u00e3o investigadas.<\/p>\n\n\n\n<figure class=\"wp-block-image size-large\"><img loading=\"lazy\" decoding=\"async\" width=\"960\" height=\"540\" src=\"http:\/\/aconteceunovale.com.br\/portal\/wp-content\/uploads\/2020\/01\/acidente_santa_barbara_1.jpg\" alt=\"\" class=\"wp-image-157363\" srcset=\"https:\/\/aconteceunovale.com.br\/portal\/wp-content\/uploads\/2020\/01\/acidente_santa_barbara_1.jpg 960w, https:\/\/aconteceunovale.com.br\/portal\/wp-content\/uploads\/2020\/01\/acidente_santa_barbara_1-300x169.jpg 300w, https:\/\/aconteceunovale.com.br\/portal\/wp-content\/uploads\/2020\/01\/acidente_santa_barbara_1-768x432.jpg 768w, https:\/\/aconteceunovale.com.br\/portal\/wp-content\/uploads\/2020\/01\/acidente_santa_barbara_1-696x392.jpg 696w, https:\/\/aconteceunovale.com.br\/portal\/wp-content\/uploads\/2020\/01\/acidente_santa_barbara_1-747x420.jpg 747w\" sizes=\"auto, (max-width: 960px) 100vw, 960px\" \/><figcaption><em>Foto: Super Canal Caratinga \/ Facebook \/ Reprodu\u00e7\u00e3o<\/em><\/figcaption><\/figure>\n\n\n\n<figure class=\"wp-block-image size-large\"><img loading=\"lazy\" decoding=\"async\" width=\"678\" height=\"381\" src=\"http:\/\/aconteceunovale.com.br\/portal\/wp-content\/uploads\/2020\/01\/acidente_santa_barbara_2.jpg\" alt=\"\" class=\"wp-image-157364\" srcset=\"https:\/\/aconteceunovale.com.br\/portal\/wp-content\/uploads\/2020\/01\/acidente_santa_barbara_2.jpg 678w, https:\/\/aconteceunovale.com.br\/portal\/wp-content\/uploads\/2020\/01\/acidente_santa_barbara_2-300x169.jpg 300w\" sizes=\"auto, (max-width: 678px) 100vw, 678px\" \/><figcaption> <em>Foto: Super Canal Caratinga \/ Facebook \/ Reprodu\u00e7\u00e3o<\/em> <\/figcaption><\/figure>\n\n\n\n<figure class=\"wp-block-image size-large\"><img loading=\"lazy\" decoding=\"async\" width=\"960\" height=\"540\" src=\"http:\/\/aconteceunovale.com.br\/portal\/wp-content\/uploads\/2020\/01\/acidente_santa_barbara_3.jpg\" alt=\"\" class=\"wp-image-157365\" srcset=\"https:\/\/aconteceunovale.com.br\/portal\/wp-content\/uploads\/2020\/01\/acidente_santa_barbara_3.jpg 960w, https:\/\/aconteceunovale.com.br\/portal\/wp-content\/uploads\/2020\/01\/acidente_santa_barbara_3-300x169.jpg 300w, https:\/\/aconteceunovale.com.br\/portal\/wp-content\/uploads\/2020\/01\/acidente_santa_barbara_3-768x432.jpg 768w, https:\/\/aconteceunovale.com.br\/portal\/wp-content\/uploads\/2020\/01\/acidente_santa_barbara_3-696x392.jpg 696w, https:\/\/aconteceunovale.com.br\/portal\/wp-content\/uploads\/2020\/01\/acidente_santa_barbara_3-747x420.jpg 747w\" sizes=\"auto, (max-width: 960px) 100vw, 960px\" \/><figcaption> <em>Foto: Super Canal Caratinga \/ Facebook \/ Reprodu\u00e7\u00e3o<\/em> <\/figcaption><\/figure>\n\n\n\n<h2 class=\"wp-block-heading\">Colis\u00e3o entre carro e moto<\/h2>\n\n\n\n<p>Um motociclista ficou gravemente ferido em um acidente no per\u00edmetro urbano da BR-116, em Caratinga (MG), na tarde desse domingo (12\/01). Erivelton Caetano da Silva, de 20 anos, sofreu fratura exposta na perna esquerda ap\u00f3s se envolver em uma colis\u00e3o frontal com um autom\u00f3vel. <\/p>\n\n\n\n<p>O motociclista recebeu atendimento do Grupamento Anjos de\nResgate de Santa Rita de Minas e do Corpo de Bombeiros. Ele foi imobilizado e encaminhado para o hospital da cidade. <\/p>\n\n\n\n<p>O carro era conduzido por Nilza Helena, de 52 anos, que n\u00e3o teve ferimentos. A ocorr\u00eancia foi registrada pela PRF e as causas do acidente ser\u00e3o apuradas.<\/p>\n\n\n\n<figure class=\"wp-block-image size-large\"><img loading=\"lazy\" decoding=\"async\" width=\"678\" height=\"412\" src=\"http:\/\/aconteceunovale.com.br\/portal\/wp-content\/uploads\/2020\/01\/acidente_caratinga_1.jpg\" alt=\"\" class=\"wp-image-157366\" srcset=\"https:\/\/aconteceunovale.com.br\/portal\/wp-content\/uploads\/2020\/01\/acidente_caratinga_1.jpg 678w, https:\/\/aconteceunovale.com.br\/portal\/wp-content\/uploads\/2020\/01\/acidente_caratinga_1-300x182.jpg 300w\" sizes=\"auto, (max-width: 678px) 100vw, 678px\" \/><figcaption>  <em>Foto: Super Canal Caratinga \/ Facebook \/ Reprodu\u00e7\u00e3o<\/em>  <\/figcaption><\/figure>\n\n\n\n<figure class=\"wp-block-image size-large\"><img loading=\"lazy\" decoding=\"async\" width=\"678\" height=\"448\" src=\"http:\/\/aconteceunovale.com.br\/portal\/wp-content\/uploads\/2020\/01\/acidente_caratinga_2.jpg\" alt=\"\" class=\"wp-image-157367\" srcset=\"https:\/\/aconteceunovale.com.br\/portal\/wp-content\/uploads\/2020\/01\/acidente_caratinga_2.jpg 678w, https:\/\/aconteceunovale.com.br\/portal\/wp-content\/uploads\/2020\/01\/acidente_caratinga_2-300x198.jpg 300w, https:\/\/aconteceunovale.com.br\/portal\/wp-content\/uploads\/2020\/01\/acidente_caratinga_2-636x420.jpg 636w\" sizes=\"auto, (max-width: 678px) 100vw, 678px\" \/><figcaption>  <em>Foto: Super Canal Caratinga \/ Facebook \/ Reprodu\u00e7\u00e3o<\/em>  <\/figcaption><\/figure>\n\n\n\n<p class=\"has-text-color has-background has-very-light-gray-color has-very-dark-gray-background-color\">Quer saber as not\u00edcias do <strong>Aconteceu no Vale<\/strong> em primeira m\u00e3o? Siga-nos no Facebook <a rel=\"noreferrer noopener\" href=\"http:\/\/facebook.com\/aconteceunovale\" target=\"_blank\">@aconteceunovale<\/a>, Twitter <a rel=\"noreferrer noopener\" href=\"https:\/\/twitter.com\/noticiadosvales\" target=\"_blank\">@noticiadosvales<\/a> e Instagram <a rel=\"noreferrer noopener\" href=\"https:\/\/www.instagram.com\/aconteceunovale\" target=\"_blank\">@aconteceunovale<\/a>.<\/p>\n","protected":false},"excerpt":{"rendered":"<p>Dois acidentes foram registrados na BR-116, no Leste de Minas Gerais, na tarde desse domingo (12\/01\/2020). Na altura do km 550 da rodovia, no munic\u00edpio de Santa B\u00e1rbara do Leste, a colis\u00e3o entre um Hyundai Creta, licenciado em S\u00e3o Jos\u00e9 dos Campos (SP), e um Fiat Idea, placa de Santa B\u00e1rbara, deixou tr\u00eas pessoas feridas. [&hellip;]<\/p>\n","protected":false},"author":1,"featured_media":157364,"comment_status":"open","ping_status":"closed","sticky":false,"template":"","format":"standard","meta":{"amp_status":"","footnotes":""},"categories":[121],"tags":[214437,214432,39606,46447,87833,67578,121835,182,214436,214438,214434,214433,214435,214431,311],"class_list":["post-157362","post","type-post","status-publish","format-standard","has-post-thumbnail","hentry","category-leste","tag-acidente-com-carro-de-santa-barbara-do-leste","tag-acidente-com-hyundai-creta-de-sao-jose-dos-campos","tag-acidente-em-caratinga","tag-acidente-em-santa-barbara-do-leste","tag-acidente-na-br-116-em-caratinga","tag-acidente-na-br-116-em-santa-barbara-do-leste","tag-acidentes-na-br-116","tag-br-116","tag-erivelton-caetano-da-silva","tag-grupamento-anjos-de-resgate-de-santa-rita-de-minas","tag-lucimar-assis","tag-luzia-batista","tag-nilza-helena","tag-quatro-pessoas-ficam-feridas-em-acidentes-na-br-116","tag-santa-barbara-do-leste"],"_links":{"self":[{"href":"https:\/\/aconteceunovale.com.br\/portal\/index.php?rest_route=\/wp\/v2\/posts\/157362","targetHints":{"allow":["GET"]}}],"collection":[{"href":"https:\/\/aconteceunovale.com.br\/portal\/index.php?rest_route=\/wp\/v2\/posts"}],"about":[{"href":"https:\/\/aconteceunovale.com.br\/portal\/index.php?rest_route=\/wp\/v2\/types\/post"}],"author":[{"embeddable":true,"href":"https:\/\/aconteceunovale.com.br\/portal\/index.php?rest_route=\/wp\/v2\/users\/1"}],"replies":[{"embeddable":true,"href":"https:\/\/aconteceunovale.com.br\/portal\/index.php?rest_route=%2Fwp%2Fv2%2Fcomments&post=157362"}],"version-history":[{"count":1,"href":"https:\/\/aconteceunovale.com.br\/portal\/index.php?rest_route=\/wp\/v2\/posts\/157362\/revisions"}],"predecessor-version":[{"id":157368,"href":"https:\/\/aconteceunovale.com.br\/portal\/index.php?rest_route=\/wp\/v2\/posts\/157362\/revisions\/157368"}],"wp:featuredmedia":[{"embeddable":true,"href":"https:\/\/aconteceunovale.com.br\/portal\/index.php?rest_route=\/wp\/v2\/media\/157364"}],"wp:attachment":[{"href":"https:\/\/aconteceunovale.com.br\/portal\/index.php?rest_route=%2Fwp%2Fv2%2Fmedia&parent=157362"}],"wp:term":[{"taxonomy":"category","embeddable":true,"href":"https:\/\/aconteceunovale.com.br\/portal\/index.php?rest_route=%2Fwp%2Fv2%2Fcategories&post=157362"},{"taxonomy":"post_tag","embeddable":true,"href":"https:\/\/aconteceunovale.com.br\/portal\/index.php?rest_route=%2Fwp%2Fv2%2Ftags&post=157362"}],"curies":[{"name":"wp","href":"https:\/\/api.w.org\/{rel}","templated":true}]}}