{"id":157360,"date":"2020-01-13T00:36:00","date_gmt":"2020-01-13T03:36:00","guid":{"rendered":"http:\/\/aconteceunovale.com.br\/portal\/?p=157360"},"modified":"2020-01-13T00:37:53","modified_gmt":"2020-01-13T03:37:53","slug":"policia-civil-de-minas-gerais-analisa-amostras-recolhidas-de-cervejaria","status":"publish","type":"post","link":"https:\/\/aconteceunovale.com.br\/portal\/?p=157360","title":{"rendered":"Pol\u00edcia Civil de Minas Gerais analisa amostras recolhidas de cervejaria"},"content":{"rendered":"\n<p>A Pol\u00edcia Civil de Minas Gerais informou\u00a0neste domingo (12\/01\/2020) que os peritos do Instituto de Criminal\u00edstica trabalharam durante todo o dia de\u00a0s\u00e1bado (11) na an\u00e1lise de amostras de cerveja recolhidos na cervejaria Backer na \u00faltima\u00a0quinta-feira (9). Os laudos ficar\u00e3o prontos nos pr\u00f3ximos dias.<\/p>\n\n\n\n<p>As autoridades suspeitam de que lotes de cervejas produzidas pela f\u00e1brica mineira podem\u00a0ter\u00a0sido contaminadas pela subst\u00e2ncia dietilenoglicol e intoxicado consumidores. J\u00e1\u00a0chega a dez\u00a0o n\u00famero de casos suspeitos da s\u00edndrome nefroneural, notificados desde 30 dezembro.<\/p>\n\n\n\n<p>Exames acusaram a presen\u00e7a da subst\u00e2ncia dietilenoglicol no sangue de ao menos tr\u00eas pacientes internados. Uma pessoa morreu, no dia&nbsp;7 de janeiro, em Juiz de Fora (MG), e os outros nove continuam em tratamento.<\/p>\n\n\n\n<p>T\u00f3xico, o dietilenoglicol costuma ser usado em\u00a0sistemas de refrigera\u00e7\u00e3o\u00a0devido a suas propriedades anticongelantes. Exames realizados pelo Instituto de Criminal\u00edstica comprovaram a presen\u00e7a da subst\u00e2ncia em amostras da cerveja pilsen Belorizontina, da Backer (lotes L1-1348 e L2-1348), que foram recolhidas nas resid\u00eancias de pacientes internados.<\/p>\n\n\n\n<p>Embora o dietilenoglicol possa ser usado tamb\u00e9m no processo de refrigera\u00e7\u00e3o de cervejas, a Backer garante que n\u00e3o o utiliza em nenhuma etapa do processo de fabrica\u00e7\u00e3o de seus produtos. A Pol\u00edcia Civil n\u00e3o descarta nenhuma possibilidade de\u00a0investiga\u00e7\u00e3o, inclusive sabotagem.<\/p>\n\n\n\n<p>De acordo com a pol\u00edcia, um supervisor da empresa registrou boletim de ocorr\u00eancia por crime de amea\u00e7a, em\u00a019 de dezembro\u00a0de 2019, ap\u00f3s um funcion\u00e1rio\u00a0ter\u00a0sido demitido, mas a pessoa n\u00e3o voltou \u00e0 delegacia para dar continuidade \u00e0 a\u00e7\u00e3o penal.<\/p>\n\n\n\n<h2 class=\"wp-block-heading\">Nota da PCMG<\/h2>\n\n\n\n<p><em>A\u00a0Pol\u00edcia Civil de Minas Gerais (PCMG)\u00a0informa que os peritos do Instituto de Criminal\u00edstica realizaram an\u00e1lises de amostras de cerveja produzida pela Backer durante todo o s\u00e1bado (11\/01).<\/em><\/p>\n\n\n\n<p><em>Tamb\u00e9m est\u00e3o sendo realizados exames no material que foi recolhido na cervejaria durante per\u00edcia ocorrida na \u00faltima quinta-feira (09\/01). Os laudos devem ficar prontos nos pr\u00f3ximos dias.<\/em><\/p>\n\n\n\n<p><em>Conforme divulgado na \u00faltima sexta-feira (10\/01), as amostras de sangue de tr\u00eas\u00a0pacientes internados apresentaram a subst\u00e2ncia dietilenoglicol, a mesma identificada em tr\u00eas amostras da cerveja.<\/em><\/p>\n\n\n\n<p><em>Sobre a informa\u00e7\u00e3o de que um supervisor do \u00a0empresa Backer registrou Boletim de Ocorr\u00eancias, em 19 de dezembro de 2019, ap\u00f3s um funcion\u00e1rio ter sido demitido: o\u00a0crime de amea\u00e7a demanda a\u00e7\u00e3o penal p\u00fablica condicionada \u00e0 representa\u00e7\u00e3o do ofendido. Tendo em vista que a pessoa que\u00a0registou o referido boletim n\u00e3o foi \u00e0 delegacia representar pela continuidade de a\u00e7\u00e3o penal, n\u00e3o foi instaurado Termo Circunstanciado de Ocorr\u00eancia.\u00a0<\/em><\/p>\n\n\n\n<p><em>Independentemente deste fato, a Pol\u00edcia Civil n\u00e3o descarta nenhuma possibilidade, o que vem sido divulgado desde o momento em que o delegado Fl\u00e1vio Grossi instaurou o inqu\u00e9rito sobre a forma de contamina\u00e7\u00e3o da cerveja Belorizontina, ou seja, a partir da \u00faltima quarta-feira.\u00a0<\/em><\/p>\n\n\n\n<p><em>\u00c9 importante ressaltar: desde o momento em que a PCMG tomou conhecimento de que as pessoas que desenvolveram a s\u00edndrome nefroneural podem ter sido contaminadas ap\u00f3s ingerir a bebida, foram instauradas dilig\u00eancias preliminares (que subsidiam a decis\u00e3o da autoridade instaurar ou n\u00e3o um inqu\u00e9rito).<\/em><\/p>\n\n\n\n<p class=\"has-text-color has-background has-very-light-gray-color has-very-dark-gray-background-color\">Quer saber as not\u00edcias do <strong>Aconteceu no Vale<\/strong> em primeira m\u00e3o? Siga-nos no Facebook <a rel=\"noreferrer noopener\" href=\"http:\/\/facebook.com\/aconteceunovale\" target=\"_blank\">@aconteceunovale<\/a>, Twitter <a rel=\"noreferrer noopener\" href=\"https:\/\/twitter.com\/noticiadosvales\" target=\"_blank\">@noticiadosvales<\/a> e Instagram <a rel=\"noreferrer noopener\" href=\"https:\/\/www.instagram.com\/aconteceunovale\" target=\"_blank\">@aconteceunovale<\/a>.<\/p>\n","protected":false},"excerpt":{"rendered":"<p>A Pol\u00edcia Civil de Minas Gerais informou\u00a0neste domingo (12\/01\/2020) que os peritos do Instituto de Criminal\u00edstica trabalharam durante todo o dia de\u00a0s\u00e1bado (11) na an\u00e1lise de amostras de cerveja recolhidos na cervejaria Backer na \u00faltima\u00a0quinta-feira (9). Os laudos ficar\u00e3o prontos nos pr\u00f3ximos dias. As autoridades suspeitam de que lotes de cervejas produzidas pela f\u00e1brica mineira [&hellip;]<\/p>\n","protected":false},"author":1,"featured_media":157195,"comment_status":"open","ping_status":"closed","sticky":false,"template":"","format":"standard","meta":{"amp_status":"","footnotes":""},"categories":[123],"tags":[194,96064,214212,214215,214213,214214,214156,1018,214157,214160,214161,214131,214132,214133,214134,214136,214162,206,214216,19326,214135,1496,214430,214158,214154,214155,214293,219,214159],"class_list":["post-157360","post","type-post","status-publish","format-standard","has-post-thumbnail","hentry","category-gerais","tag-belo-horizonte","tag-cerveja","tag-cerveja-belorizontina","tag-cerveja-com-produto-quimico","tag-cerveja-contaminada","tag-cervejaria-backer","tag-contaminacao-da-belorizontina","tag-destaque","tag-dietilenoglicol","tag-dietilenoglicol-belorizontina","tag-dietilenoglicol-em-cerveja-mineira","tag-doenca-desconhecida","tag-doenca-desconhecida-causa-morte-em-minas-gerais","tag-doenca-desconhecida-em-minas-gerais","tag-doenca-misteriosa-assusta-os-moradores-de-minas-gerais","tag-doenca-misteriosa-causa-morte-em-minas-gerais","tag-elemento-toxico-encontrado-em-cerveja-mineira-ja-causou-centenas-de-mortes-pelo-mundo","tag-juiz-de-fora","tag-ministerio-da-agricultura-interdita-cervejaria-em-belo-horizonte","tag-ministerio-da-saude","tag-morte-por-doenca-misteriosa-em-minas-gerais","tag-nova-lima","tag-policia-civil-de-minas-gerais-analisa-amostras-recolhidas-de-cervejaria","tag-problema-com-belorizontina","tag-produto-quimico-encontrado-em-cerveja-mineira-ja-causou-centenas-de-mortes-pelo-mundo","tag-produto-quimico-encontrado-na-cerveja-belorizontina-ja-causou-centenas-de-mortes-pelo-mundo","tag-sobe-para-10-o-numero-de-pessoas-internadas-apos-ingestao-de-cerveja-em-minas-gerais","tag-uba","tag-veneno-na-belorizontina"],"_links":{"self":[{"href":"https:\/\/aconteceunovale.com.br\/portal\/index.php?rest_route=\/wp\/v2\/posts\/157360","targetHints":{"allow":["GET"]}}],"collection":[{"href":"https:\/\/aconteceunovale.com.br\/portal\/index.php?rest_route=\/wp\/v2\/posts"}],"about":[{"href":"https:\/\/aconteceunovale.com.br\/portal\/index.php?rest_route=\/wp\/v2\/types\/post"}],"author":[{"embeddable":true,"href":"https:\/\/aconteceunovale.com.br\/portal\/index.php?rest_route=\/wp\/v2\/users\/1"}],"replies":[{"embeddable":true,"href":"https:\/\/aconteceunovale.com.br\/portal\/index.php?rest_route=%2Fwp%2Fv2%2Fcomments&post=157360"}],"version-history":[{"count":1,"href":"https:\/\/aconteceunovale.com.br\/portal\/index.php?rest_route=\/wp\/v2\/posts\/157360\/revisions"}],"predecessor-version":[{"id":157361,"href":"https:\/\/aconteceunovale.com.br\/portal\/index.php?rest_route=\/wp\/v2\/posts\/157360\/revisions\/157361"}],"wp:featuredmedia":[{"embeddable":true,"href":"https:\/\/aconteceunovale.com.br\/portal\/index.php?rest_route=\/wp\/v2\/media\/157195"}],"wp:attachment":[{"href":"https:\/\/aconteceunovale.com.br\/portal\/index.php?rest_route=%2Fwp%2Fv2%2Fmedia&parent=157360"}],"wp:term":[{"taxonomy":"category","embeddable":true,"href":"https:\/\/aconteceunovale.com.br\/portal\/index.php?rest_route=%2Fwp%2Fv2%2Fcategories&post=157360"},{"taxonomy":"post_tag","embeddable":true,"href":"https:\/\/aconteceunovale.com.br\/portal\/index.php?rest_route=%2Fwp%2Fv2%2Ftags&post=157360"}],"curies":[{"name":"wp","href":"https:\/\/api.w.org\/{rel}","templated":true}]}}