{"id":157357,"date":"2020-01-12T23:48:17","date_gmt":"2020-01-13T02:48:17","guid":{"rendered":"http:\/\/aconteceunovale.com.br\/portal\/?p=157357"},"modified":"2020-01-12T23:48:46","modified_gmt":"2020-01-13T02:48:46","slug":"onca-capturada-em-ipatinga-esta-saudavel","status":"publish","type":"post","link":"https:\/\/aconteceunovale.com.br\/portal\/?p=157357","title":{"rendered":"On\u00e7a capturada em Ipatinga est\u00e1 saud\u00e1vel"},"content":{"rendered":"\n<p>A on\u00e7a-parda\ncapturada no fim da tarde de quinta-feira (09\/01\/2020) na \u00e1rea urbana de Ipatinga,\nno Vale do A\u00e7o, foi levada para o Centro de Biodiversidade da Usipa (Cebus) e\naparenta bom estado de sa\u00fade. De acordo com o m\u00e9dico veterin\u00e1rio L\u00e9lio Costa e\nSilva, o animal, que tamb\u00e9m \u00e9 conhecido como su\u00e7uarana, tem aproximadamente um\nano de idade.<\/p>\n\n\n\n<p>\u201c\u00c9 um jovem adulto, sem ferimentos,\naparentemente bem de sa\u00fade e sem sinais de domestica\u00e7\u00e3o\u201d, destaca L\u00e9lio. Ainda\nsegundo o veterin\u00e1rio, a on\u00e7a est\u00e1 magra, um ind\u00edcio de que \u00e9 um animal\nsilvestre, que anda muito em busca de alimentos.<\/p>\n\n\n\n<p>\u201cNesta \u00e9poca do ano, de muito calor e chuvas, as presas deste tipo de animal se escondem, fazendo com eles tenham que busc\u00e1-las em locais mais distantes. Com as constantes queimadas e desmatamentos, a on\u00e7a chegou at\u00e9 a \u00e1rea urbana em busca de alimento\u201d, enfatiza L\u00e9lio.<\/p>\n\n\n\n<figure class=\"wp-block-image size-large is-resized\"><img loading=\"lazy\" decoding=\"async\" src=\"http:\/\/aconteceunovale.com.br\/portal\/wp-content\/uploads\/2020\/01\/onca_ipatinga.jpg\" alt=\"\" class=\"wp-image-157358\" width=\"702\" height=\"467\" srcset=\"https:\/\/aconteceunovale.com.br\/portal\/wp-content\/uploads\/2020\/01\/onca_ipatinga.jpg 675w, https:\/\/aconteceunovale.com.br\/portal\/wp-content\/uploads\/2020\/01\/onca_ipatinga-300x200.jpg 300w, https:\/\/aconteceunovale.com.br\/portal\/wp-content\/uploads\/2020\/01\/onca_ipatinga-630x420.jpg 630w\" sizes=\"auto, (max-width: 702px) 100vw, 702px\" \/><figcaption><em>Foto: Divulga\u00e7\u00e3o \/ Usipa<\/em><\/figcaption><\/figure>\n\n\n\n<p><strong>Destino\nda on\u00e7a<\/strong><\/p>\n\n\n\n<p>On\u00e7as jovens, normalmente, n\u00e3o t\u00eam\ngenit\u00e1lias aparentes. Por isso, n\u00e3o foi poss\u00edvel identificar se o animal\ncapturado \u00e9 macho ou f\u00eamea. Para verificar isso, seria necess\u00e1rio sed\u00e1-lo.\n\u201cNeste momento, nosso trabalho \u00e9 desestressar o animal depois de tudo o que ele\npassou para, em breve, devolv\u00ea-lo \u00e0 natureza. Sed\u00e1-lo para verificar o sexo do\nanimal causaria ainda mais estresse\u201d, relata L\u00e9lio.<\/p>\n\n\n\n<p>De acordo com o m\u00e9dico veterin\u00e1rio, o\nInstituto Estadual de Florestas (IEF) j\u00e1 prepara o local para soltura do\nanimal. O local n\u00e3o ser\u00e1 revelado \u00e0 popula\u00e7\u00e3o para preservar a vida da on\u00e7a.<\/p>\n\n\n\n<p><strong>O papel\ndas on\u00e7as na natureza<\/strong><\/p>\n\n\n\n<p>On\u00e7as s\u00e3o predadores naturais do topo da\ncadeia alimentar e, sem elas, nenhuma floresta sobreviveria. Segundo L\u00e9lio, o\nrisco do aparecimento delas em \u00e1reas urbanas \u00e9 maior para o pr\u00f3prio animal do\nque para o ser humano.<\/p>\n\n\n\n<p>\u201cElas s\u00e3o essenciais para manuten\u00e7\u00e3o do equil\u00edbrio deste tipo de ambiente. Animais de pequeno porte e herb\u00edvoros se reproduzem em n\u00fameros muito maiores do que as on\u00e7as. Se houver superpopula\u00e7\u00e3o de herb\u00edvoros em florestas, a vegeta\u00e7\u00e3o pode se tornar escassa e desaparecer. Sem vegeta\u00e7\u00e3o, a \u00e1gua seca e at\u00e9 mesmo os herb\u00edvoros morrer\u00e3o. Sem florestas e sem \u00e1gua, \u00e9 imposs\u00edvel ter vida. As on\u00e7as controlam essa superpopula\u00e7\u00e3o e equilibram o meio ambiente\u201d, refor\u00e7a.<\/p>\n\n\n\n<p class=\"has-text-color has-background has-very-light-gray-color has-very-dark-gray-background-color\">Quer saber as not\u00edcias do <strong>Aconteceu no Vale<\/strong> em primeira m\u00e3o? Siga-nos no Facebook <a rel=\"noreferrer noopener\" href=\"http:\/\/facebook.com\/aconteceunovale\" target=\"_blank\">@aconteceunovale<\/a>, Twitter <a rel=\"noreferrer noopener\" href=\"https:\/\/twitter.com\/noticiadosvales\" target=\"_blank\">@noticiadosvales<\/a> e Instagram <a rel=\"noreferrer noopener\" href=\"https:\/\/www.instagram.com\/aconteceunovale\" target=\"_blank\">@aconteceunovale<\/a>.<\/p>\n","protected":false},"excerpt":{"rendered":"<p>A on\u00e7a-parda capturada no fim da tarde de quinta-feira (09\/01\/2020) na \u00e1rea urbana de Ipatinga, no Vale do A\u00e7o, foi levada para o Centro de Biodiversidade da Usipa (Cebus) e aparenta bom estado de sa\u00fade. De acordo com o m\u00e9dico veterin\u00e1rio L\u00e9lio Costa e Silva, o animal, que tamb\u00e9m \u00e9 conhecido como su\u00e7uarana, tem aproximadamente [&hellip;]<\/p>\n","protected":false},"author":1,"featured_media":157358,"comment_status":"open","ping_status":"closed","sticky":false,"template":"","format":"standard","meta":{"amp_status":"","footnotes":""},"categories":[121],"tags":[158137,158136,1018,158144,214427,214425,214429,214426,214428,149073],"class_list":["post-157357","post","type-post","status-publish","format-standard","has-post-thumbnail","hentry","category-leste","tag-cebus","tag-centro-de-biodiversidade-da-usipa","tag-destaque","tag-lelio-costa-e-silva","tag-onca-capturada-em-ipatinga","tag-onca-capturada-em-ipatinga-esta-saudavel","tag-onca-encontrada-em-ipatinga","tag-onca-ipatinga-sucuarana-ipatinga","tag-papel-das-oncas-na-natureza","tag-usipa"],"_links":{"self":[{"href":"https:\/\/aconteceunovale.com.br\/portal\/index.php?rest_route=\/wp\/v2\/posts\/157357","targetHints":{"allow":["GET"]}}],"collection":[{"href":"https:\/\/aconteceunovale.com.br\/portal\/index.php?rest_route=\/wp\/v2\/posts"}],"about":[{"href":"https:\/\/aconteceunovale.com.br\/portal\/index.php?rest_route=\/wp\/v2\/types\/post"}],"author":[{"embeddable":true,"href":"https:\/\/aconteceunovale.com.br\/portal\/index.php?rest_route=\/wp\/v2\/users\/1"}],"replies":[{"embeddable":true,"href":"https:\/\/aconteceunovale.com.br\/portal\/index.php?rest_route=%2Fwp%2Fv2%2Fcomments&post=157357"}],"version-history":[{"count":1,"href":"https:\/\/aconteceunovale.com.br\/portal\/index.php?rest_route=\/wp\/v2\/posts\/157357\/revisions"}],"predecessor-version":[{"id":157359,"href":"https:\/\/aconteceunovale.com.br\/portal\/index.php?rest_route=\/wp\/v2\/posts\/157357\/revisions\/157359"}],"wp:featuredmedia":[{"embeddable":true,"href":"https:\/\/aconteceunovale.com.br\/portal\/index.php?rest_route=\/wp\/v2\/media\/157358"}],"wp:attachment":[{"href":"https:\/\/aconteceunovale.com.br\/portal\/index.php?rest_route=%2Fwp%2Fv2%2Fmedia&parent=157357"}],"wp:term":[{"taxonomy":"category","embeddable":true,"href":"https:\/\/aconteceunovale.com.br\/portal\/index.php?rest_route=%2Fwp%2Fv2%2Fcategories&post=157357"},{"taxonomy":"post_tag","embeddable":true,"href":"https:\/\/aconteceunovale.com.br\/portal\/index.php?rest_route=%2Fwp%2Fv2%2Ftags&post=157357"}],"curies":[{"name":"wp","href":"https:\/\/api.w.org\/{rel}","templated":true}]}}