{"id":157351,"date":"2020-01-12T21:56:04","date_gmt":"2020-01-13T00:56:04","guid":{"rendered":"http:\/\/aconteceunovale.com.br\/portal\/?p=157351"},"modified":"2020-01-12T21:57:18","modified_gmt":"2020-01-13T00:57:18","slug":"policia-registra-dois-homicidios-em-governador-valadares-2","status":"publish","type":"post","link":"https:\/\/aconteceunovale.com.br\/portal\/?p=157351","title":{"rendered":"Pol\u00edcia registra dois homic\u00eddios em Governador Valadares"},"content":{"rendered":"\n<p>Um jovem de 27 anos morreu ap\u00f3s ser atingido por um tiro no Bairro Turmalina, em Governador Valadares (MG), na noite de s\u00e1bado (11\/01\/2020). Raylander Raone Nunes de Souza e outras duas mulheres, de 20 e 48, foram baleados na esquina da Rua Sobr\u00e1lia com Avenida Coqueiral. <\/p>\n\n\n\n<p>Segundo informa\u00e7\u00f5es da Pol\u00edcia Militar, Raylander foi\natingido no t\u00f3rax e encaminhado ao Hospital Municipal de Governador Valadares,\nmas n\u00e3o resistiu e veio a \u00f3bito na madrugada deste domingo (12\/01\/2020). A v\u00edtima de 20\nanos foi baleada de rasp\u00e3o nas n\u00e1degas e a de 48 sofreu ferimento em uma das\npernas. As duas mulheres foram atendidas e liberadas. <\/p>\n\n\n\n<p>A autoria e a motiva\u00e7\u00e3o do crime ser\u00e3o investigadas. Um suspeito de 17 anos \u00e9 procurado pela pol\u00edcia. <\/p>\n\n\n\n<figure class=\"wp-block-image size-large is-resized\"><img loading=\"lazy\" decoding=\"async\" src=\"http:\/\/aconteceunovale.com.br\/portal\/wp-content\/uploads\/2020\/01\/homicidio_gv.jpg\" alt=\"\" class=\"wp-image-157352\" width=\"661\" height=\"492\" srcset=\"https:\/\/aconteceunovale.com.br\/portal\/wp-content\/uploads\/2020\/01\/homicidio_gv.jpg 604w, https:\/\/aconteceunovale.com.br\/portal\/wp-content\/uploads\/2020\/01\/homicidio_gv-300x224.jpg 300w, https:\/\/aconteceunovale.com.br\/portal\/wp-content\/uploads\/2020\/01\/homicidio_gv-80x60.jpg 80w, https:\/\/aconteceunovale.com.br\/portal\/wp-content\/uploads\/2020\/01\/homicidio_gv-265x198.jpg 265w, https:\/\/aconteceunovale.com.br\/portal\/wp-content\/uploads\/2020\/01\/homicidio_gv-564x420.jpg 564w\" sizes=\"auto, (max-width: 661px) 100vw, 661px\" \/><figcaption><em>Foto: Roberto Higino \/ Reprodu\u00e7\u00e3o G1<\/em><\/figcaption><\/figure>\n\n\n\n<h3 class=\"wp-block-heading\">Ocorr\u00eancia no Conjunto SIR<\/h3>\n\n\n\n<p>Breno Lopes Carvalho, de 20 anos, morreu ap\u00f3s ser baleado no\nConjunto SIR, em Governador Valadares, na noite de s\u00e1bado (11). O principal\nsuspeito do crime \u00e9 o sogro da v\u00edtima. Segundo a Pol\u00edcia Militar, o homem n\u00e3o aprovava\no relacionamento do jovem com uma filha dele. <\/p>\n\n\n\n<p>Na noite de ontem, segundo a pol\u00edcia, o suspeito estava de bicicleta e, ao avistar Breno na Rua Jos\u00e9 Hatem, sacou uma arma de fogo e efetuou disparos contra o rapaz. A v\u00edtima se escondeu dentro de um bar e foi resgatada por uma equipe do SAMU (Servi\u00e7o de Atendimento M\u00f3vel de Urg\u00eancia) com ferimentos no abd\u00f4men e nas costas, mas n\u00e3o resistiu e morreu. <\/p>\n\n\n\n<p>O suspeito, de 38 anos, foi preso e conduzido \u00e0 Delegacia de Pol\u00edcia Civil. O caso ser\u00e1 investigado. <\/p>\n\n\n\n<p class=\"has-text-color has-background has-very-light-gray-color has-very-dark-gray-background-color\">Quer saber as not\u00edcias do <strong>Aconteceu no Vale<\/strong> em primeira m\u00e3o? Siga-nos no Facebook <a rel=\"noreferrer noopener\" href=\"http:\/\/facebook.com\/aconteceunovale\" target=\"_blank\">@aconteceunovale<\/a>, Twitter <a rel=\"noreferrer noopener\" href=\"https:\/\/twitter.com\/noticiadosvales\" target=\"_blank\">@noticiadosvales<\/a> e Instagram <a rel=\"noreferrer noopener\" href=\"https:\/\/www.instagram.com\/aconteceunovale\" target=\"_blank\">@aconteceunovale<\/a>.<\/p>\n","protected":false},"excerpt":{"rendered":"<p>Um jovem de 27 anos morreu ap\u00f3s ser atingido por um tiro no Bairro Turmalina, em Governador Valadares (MG), na noite de s\u00e1bado (11\/01\/2020). Raylander Raone Nunes de Souza e outras duas mulheres, de 20 e 48, foram baleados na esquina da Rua Sobr\u00e1lia com Avenida Coqueiral. Segundo informa\u00e7\u00f5es da Pol\u00edcia Militar, Raylander foi atingido [&hellip;]<\/p>\n","protected":false},"author":1,"featured_media":157352,"comment_status":"open","ping_status":"closed","sticky":false,"template":"","format":"standard","meta":{"amp_status":"","footnotes":""},"categories":[121],"tags":[48393,214416,247,4167,40192,40193,145467,214415,214414,44656],"class_list":["post-157351","post","type-post","status-publish","format-standard","has-post-thumbnail","hentry","category-leste","tag-assassinados-em-governador-valadares","tag-breno-lopes-carvalho","tag-governador-valadares","tag-homicidios-em-governador-valadares","tag-mortes-em-governador-valadares","tag-mortos-em-governador-valadares","tag-policia-registra-dois-homicidios-em-governador-valadares","tag-railander-raone-nunes-de-souza","tag-raylander-raone-nunes-de-souza","tag-violencia-em-governador-valadares"],"_links":{"self":[{"href":"https:\/\/aconteceunovale.com.br\/portal\/index.php?rest_route=\/wp\/v2\/posts\/157351","targetHints":{"allow":["GET"]}}],"collection":[{"href":"https:\/\/aconteceunovale.com.br\/portal\/index.php?rest_route=\/wp\/v2\/posts"}],"about":[{"href":"https:\/\/aconteceunovale.com.br\/portal\/index.php?rest_route=\/wp\/v2\/types\/post"}],"author":[{"embeddable":true,"href":"https:\/\/aconteceunovale.com.br\/portal\/index.php?rest_route=\/wp\/v2\/users\/1"}],"replies":[{"embeddable":true,"href":"https:\/\/aconteceunovale.com.br\/portal\/index.php?rest_route=%2Fwp%2Fv2%2Fcomments&post=157351"}],"version-history":[{"count":1,"href":"https:\/\/aconteceunovale.com.br\/portal\/index.php?rest_route=\/wp\/v2\/posts\/157351\/revisions"}],"predecessor-version":[{"id":157353,"href":"https:\/\/aconteceunovale.com.br\/portal\/index.php?rest_route=\/wp\/v2\/posts\/157351\/revisions\/157353"}],"wp:featuredmedia":[{"embeddable":true,"href":"https:\/\/aconteceunovale.com.br\/portal\/index.php?rest_route=\/wp\/v2\/media\/157352"}],"wp:attachment":[{"href":"https:\/\/aconteceunovale.com.br\/portal\/index.php?rest_route=%2Fwp%2Fv2%2Fmedia&parent=157351"}],"wp:term":[{"taxonomy":"category","embeddable":true,"href":"https:\/\/aconteceunovale.com.br\/portal\/index.php?rest_route=%2Fwp%2Fv2%2Fcategories&post=157351"},{"taxonomy":"post_tag","embeddable":true,"href":"https:\/\/aconteceunovale.com.br\/portal\/index.php?rest_route=%2Fwp%2Fv2%2Ftags&post=157351"}],"curies":[{"name":"wp","href":"https:\/\/api.w.org\/{rel}","templated":true}]}}