{"id":157348,"date":"2020-01-12T21:20:47","date_gmt":"2020-01-13T00:20:47","guid":{"rendered":"http:\/\/aconteceunovale.com.br\/portal\/?p=157348"},"modified":"2020-01-12T21:20:48","modified_gmt":"2020-01-13T00:20:48","slug":"carlos-alberto-de-nobrega-e-internado-apos-ingerir-iogurte-vencido","status":"publish","type":"post","link":"https:\/\/aconteceunovale.com.br\/portal\/?p=157348","title":{"rendered":"Carlos Alberto de N\u00f3brega \u00e9 internado ap\u00f3s ingerir iogurte vencido"},"content":{"rendered":"\n<p>O apresentador do SBT, Carlos Alberto de N\u00f3brega, de 83 anos,\nest\u00e1 internado no Hospital S\u00edrio-Liban\u00eas, em S\u00e3o Paulo, para tratar uma\ninfec\u00e7\u00e3o generalizada. As informa\u00e7\u00f5es foram divulgadas por ele, neste domingo\n(12\/01\/2020), em v\u00eddeos em uma rede social.<\/p>\n\n\n\n<p>Segundo a assessoria\nde imprensa do S\u00edrio-Liban\u00eas, nenhum boletim ser\u00e1 divulgado sobre o estado de\nsa\u00fade do apresentador e nem sobre possibilidade de alta.<\/p>\n\n\n\n<p>Carlos Alberto explica nos v\u00eddeos divulgados no Instagram que passou mal ap\u00f3s ingerir um iogurte vencido. <em>&#8220;Hoje o assunto \u00e9 s\u00e9rio. Estou internado por uma infec\u00e7\u00e3o generalizada causada por uma infec\u00e7\u00e3o intestinal. Porque eu tomei na quarta-feira [8] um iogurte e eu n\u00e3o reparei na validade. Isso \u00e9 uma coisa muito s\u00e9ria. Voc\u00ea tem que fazer o que eu n\u00e3o fiz. Quando for comprar qualquer produto, veja a validade. Porque \u00e0s vezes voc\u00ea pode perder a tua vida por causa de uma besteira, de uma irresponsabilidade de comerciante que n\u00e3o se preocupa com as pessoas, com seus semelhantes&#8221;<\/em>, disse o apresentador.<\/p>\n\n\n\n<p>O apresentador disse tamb\u00e9m que n\u00e3o tem previs\u00e3o de alta. <em>&#8220;Eu estou bem, gra\u00e7as a Deus, mas levei um susto muito grande. Vou ficar internado alguns dias aqui. E a partir de agora certamente eu vou ver validade at\u00e9 na minha mulher, coitada, que est\u00e1 pagando por isso. Tomem cuidado, gente. E o que sair a\u00ed \u00e9 fofoca, eu estou bem, gra\u00e7as a Deus.&#8221;<\/em><\/p>\n\n\n\n<figure class=\"wp-block-image size-large is-resized\"><img loading=\"lazy\" decoding=\"async\" src=\"http:\/\/aconteceunovale.com.br\/portal\/wp-content\/uploads\/2020\/01\/carlos_alberto.jpg\" alt=\"\" class=\"wp-image-157349\" width=\"716\" height=\"496\" srcset=\"https:\/\/aconteceunovale.com.br\/portal\/wp-content\/uploads\/2020\/01\/carlos_alberto.jpg 648w, https:\/\/aconteceunovale.com.br\/portal\/wp-content\/uploads\/2020\/01\/carlos_alberto-300x208.jpg 300w, https:\/\/aconteceunovale.com.br\/portal\/wp-content\/uploads\/2020\/01\/carlos_alberto-100x70.jpg 100w, https:\/\/aconteceunovale.com.br\/portal\/wp-content\/uploads\/2020\/01\/carlos_alberto-218x150.jpg 218w, https:\/\/aconteceunovale.com.br\/portal\/wp-content\/uploads\/2020\/01\/carlos_alberto-605x420.jpg 605w\" sizes=\"auto, (max-width: 716px) 100vw, 716px\" \/><figcaption><em>Foto: Reprodu\u00e7\u00e3o \/ Instagram<\/em><\/figcaption><\/figure>\n\n\n\n<p class=\"has-text-color has-background has-very-light-gray-color has-very-dark-gray-background-color\">Quer saber as not\u00edcias do <strong>Aconteceu no Vale<\/strong> em primeira m\u00e3o? Siga-nos no Facebook <a rel=\"noreferrer noopener\" href=\"http:\/\/facebook.com\/aconteceunovale\" target=\"_blank\">@aconteceunovale<\/a>, Twitter <a rel=\"noreferrer noopener\" href=\"https:\/\/twitter.com\/noticiadosvales\" target=\"_blank\">@noticiadosvales<\/a> e Instagram <a rel=\"noreferrer noopener\" href=\"https:\/\/www.instagram.com\/aconteceunovale\" target=\"_blank\">@aconteceunovale<\/a>.<\/p>\n","protected":false},"excerpt":{"rendered":"<p>O apresentador do SBT, Carlos Alberto de N\u00f3brega, de 83 anos, est\u00e1 internado no Hospital S\u00edrio-Liban\u00eas, em S\u00e3o Paulo, para tratar uma infec\u00e7\u00e3o generalizada. As informa\u00e7\u00f5es foram divulgadas por ele, neste domingo (12\/01\/2020), em v\u00eddeos em uma rede social. Segundo a assessoria de imprensa do S\u00edrio-Liban\u00eas, nenhum boletim ser\u00e1 divulgado sobre o estado de sa\u00fade [&hellip;]<\/p>\n","protected":false},"author":1,"featured_media":157349,"comment_status":"open","ping_status":"closed","sticky":false,"template":"","format":"standard","meta":{"amp_status":"","footnotes":""},"categories":[6],"tags":[214408,214411,214407,214413,214412,214409,214410],"class_list":["post-157348","post","type-post","status-publish","format-standard","has-post-thumbnail","hentry","category-br","tag-carlos-alberto-de-nobrega","tag-carlos-alberto-de-nobrega-e-internado","tag-carlos-alberto-de-nobrega-e-internado-apos-ingerir-iogurte-vencido","tag-carlos-alberto-de-nobrega-iogurte-estragado","tag-carlos-alberto-de-nobrega-iogurte-vencido","tag-estado-de-saude-de-carlos-alberto-de-nobrega","tag-internacao-de-carlos-alberto-de-nobrega"],"_links":{"self":[{"href":"https:\/\/aconteceunovale.com.br\/portal\/index.php?rest_route=\/wp\/v2\/posts\/157348","targetHints":{"allow":["GET"]}}],"collection":[{"href":"https:\/\/aconteceunovale.com.br\/portal\/index.php?rest_route=\/wp\/v2\/posts"}],"about":[{"href":"https:\/\/aconteceunovale.com.br\/portal\/index.php?rest_route=\/wp\/v2\/types\/post"}],"author":[{"embeddable":true,"href":"https:\/\/aconteceunovale.com.br\/portal\/index.php?rest_route=\/wp\/v2\/users\/1"}],"replies":[{"embeddable":true,"href":"https:\/\/aconteceunovale.com.br\/portal\/index.php?rest_route=%2Fwp%2Fv2%2Fcomments&post=157348"}],"version-history":[{"count":1,"href":"https:\/\/aconteceunovale.com.br\/portal\/index.php?rest_route=\/wp\/v2\/posts\/157348\/revisions"}],"predecessor-version":[{"id":157350,"href":"https:\/\/aconteceunovale.com.br\/portal\/index.php?rest_route=\/wp\/v2\/posts\/157348\/revisions\/157350"}],"wp:featuredmedia":[{"embeddable":true,"href":"https:\/\/aconteceunovale.com.br\/portal\/index.php?rest_route=\/wp\/v2\/media\/157349"}],"wp:attachment":[{"href":"https:\/\/aconteceunovale.com.br\/portal\/index.php?rest_route=%2Fwp%2Fv2%2Fmedia&parent=157348"}],"wp:term":[{"taxonomy":"category","embeddable":true,"href":"https:\/\/aconteceunovale.com.br\/portal\/index.php?rest_route=%2Fwp%2Fv2%2Fcategories&post=157348"},{"taxonomy":"post_tag","embeddable":true,"href":"https:\/\/aconteceunovale.com.br\/portal\/index.php?rest_route=%2Fwp%2Fv2%2Ftags&post=157348"}],"curies":[{"name":"wp","href":"https:\/\/api.w.org\/{rel}","templated":true}]}}