{"id":157339,"date":"2020-01-12T20:34:40","date_gmt":"2020-01-12T23:34:40","guid":{"rendered":"http:\/\/aconteceunovale.com.br\/portal\/?p=157339"},"modified":"2020-01-13T19:05:05","modified_gmt":"2020-01-13T22:05:05","slug":"filho-e-preso-apos-agredir-pai-em-manga-no-norte-de-minas","status":"publish","type":"post","link":"https:\/\/aconteceunovale.com.br\/portal\/?p=157339","title":{"rendered":"Filho \u00e9 preso ap\u00f3s agredir pai em Manga, no Norte de Minas"},"content":{"rendered":"\n<p>Um homem de 54 anos teve traumatismo craniano e foi socorrido em\nestado grave ap\u00f3s ser agredido pelo pr\u00f3prio filho no Bairro Arvoredo, em Manga\n(MG), neste domingo (12\/01\/2020). Segundo informa\u00e7\u00f5es da Pol\u00edcia Militar (PM),\na v\u00edtima foi encontrada ensanguentada depois de ter recebido chutes na cabe\u00e7a.<\/p>\n\n\n\n<p>A PM foi acionada por\nvizinhos que ouviram os gritos da v\u00edtima. O homem foi atendido por m\u00e9dicos do SAMU\n(Servi\u00e7o de Atendimento M\u00f3vel de Urg\u00eancia) e precisou ser transferido por uma\naeronave do Corpo de Bombeiros para a Santa Casa de Montes Claros, onde\npermanece internado em estado grave e respira com ajuda de aparelhos.<\/p>\n\n\n\n<p>Durante buscas, os\nmilitares encontraram e prenderam o jovem, de 19 anos, que agrediu o pai. Ele\ndisse que estava se defendendo, pois o pai havia arremessado uma picareta\ncontra ele. No entanto, o rapaz n\u00e3o estava ferido.<\/p>\n\n\n\n<p>O jovem contou ainda que as brigas entre ele e o pai s\u00e3o frequentes. De acordo com a PM, o pai faz uso frequente de bebida alco\u00f3lica. J\u00e1 o jovem possui passagens por tr\u00e1fico de drogas.<\/p>\n\n\n\n<p>Durante a ocorr\u00eancia, os policiais apreenderam 13 pedras de crack com o rapaz, que foi encaminhado para a Delegacia de Pol\u00edcia Civil de Janu\u00e1ria.<\/p>\n\n\n\n<p class=\"has-text-color has-background has-very-light-gray-color has-very-dark-gray-background-color\">Quer saber as not\u00edcias do <strong>Aconteceu no Vale<\/strong> em primeira m\u00e3o? Siga-nos no Facebook <a rel=\"noreferrer noopener\" href=\"http:\/\/facebook.com\/aconteceunovale\" target=\"_blank\">@aconteceunovale<\/a>, Twitter <a rel=\"noreferrer noopener\" href=\"https:\/\/twitter.com\/noticiadosvales\" target=\"_blank\">@noticiadosvales<\/a> e Instagram <a rel=\"noreferrer noopener\" href=\"https:\/\/www.instagram.com\/aconteceunovale\" target=\"_blank\">@aconteceunovale<\/a>.<\/p>\n","protected":false},"excerpt":{"rendered":"<p>Um homem de 54 anos teve traumatismo craniano e foi socorrido em estado grave ap\u00f3s ser agredido pelo pr\u00f3prio filho no Bairro Arvoredo, em Manga (MG), neste domingo (12\/01\/2020). Segundo informa\u00e7\u00f5es da Pol\u00edcia Militar (PM), a v\u00edtima foi encontrada ensanguentada depois de ter recebido chutes na cabe\u00e7a. A PM foi acionada por vizinhos que ouviram [&hellip;]<\/p>\n","protected":false},"author":1,"featured_media":151866,"comment_status":"open","ping_status":"closed","sticky":false,"template":"","format":"standard","meta":{"amp_status":"","footnotes":""},"categories":[1236],"tags":[214400,214399,214397,205,1356,210,214398,214396],"class_list":{"0":"post-157339","1":"post","2":"type-post","3":"status-publish","4":"format-standard","5":"has-post-thumbnail","6":"hentry","7":"category-norte_de_minas","8":"tag-agredido-por-filho-em-manga","10":"tag-filho-e-preso-apos-agredir-pai-em-manga","11":"tag-januaria","12":"tag-manga","13":"tag-montes-claros","14":"tag-pai-agredido-por-filho-em-manga","15":"tag-pai-e-agredido-por-filho-em-manga"},"_links":{"self":[{"href":"https:\/\/aconteceunovale.com.br\/portal\/index.php?rest_route=\/wp\/v2\/posts\/157339","targetHints":{"allow":["GET"]}}],"collection":[{"href":"https:\/\/aconteceunovale.com.br\/portal\/index.php?rest_route=\/wp\/v2\/posts"}],"about":[{"href":"https:\/\/aconteceunovale.com.br\/portal\/index.php?rest_route=\/wp\/v2\/types\/post"}],"author":[{"embeddable":true,"href":"https:\/\/aconteceunovale.com.br\/portal\/index.php?rest_route=\/wp\/v2\/users\/1"}],"replies":[{"embeddable":true,"href":"https:\/\/aconteceunovale.com.br\/portal\/index.php?rest_route=%2Fwp%2Fv2%2Fcomments&post=157339"}],"version-history":[{"count":2,"href":"https:\/\/aconteceunovale.com.br\/portal\/index.php?rest_route=\/wp\/v2\/posts\/157339\/revisions"}],"predecessor-version":[{"id":157408,"href":"https:\/\/aconteceunovale.com.br\/portal\/index.php?rest_route=\/wp\/v2\/posts\/157339\/revisions\/157408"}],"wp:featuredmedia":[{"embeddable":true,"href":"https:\/\/aconteceunovale.com.br\/portal\/index.php?rest_route=\/wp\/v2\/media\/151866"}],"wp:attachment":[{"href":"https:\/\/aconteceunovale.com.br\/portal\/index.php?rest_route=%2Fwp%2Fv2%2Fmedia&parent=157339"}],"wp:term":[{"taxonomy":"category","embeddable":true,"href":"https:\/\/aconteceunovale.com.br\/portal\/index.php?rest_route=%2Fwp%2Fv2%2Fcategories&post=157339"},{"taxonomy":"post_tag","embeddable":true,"href":"https:\/\/aconteceunovale.com.br\/portal\/index.php?rest_route=%2Fwp%2Fv2%2Ftags&post=157339"}],"curies":[{"name":"wp","href":"https:\/\/api.w.org\/{rel}","templated":true}]}}