{"id":157304,"date":"2020-01-11T21:58:53","date_gmt":"2020-01-12T00:58:53","guid":{"rendered":"http:\/\/aconteceunovale.com.br\/portal\/?p=157304"},"modified":"2026-08-31T22:54:44","modified_gmt":"2026-09-01T01:54:44","slug":"vinte-passaros-silvestres-sao-apreendidos-com-dupla-que-seguia-de-capelinha-para-nova-serrana","status":"publish","type":"post","link":"https:\/\/aconteceunovale.com.br\/portal\/?p=157304","title":{"rendered":"Vinte p\u00e1ssaros silvestres s\u00e3o apreendidos com dupla que seguia de Capelinha para Nova Serrana"},"content":{"rendered":"\n<p class=\"wp-block-paragraph\">Vinte p\u00e1ssaros silvestres foram apreendidos na BR-262, em Nova\nSerrana (MG), neste s\u00e1bado (11\/01\/2020). De acordo com a Pol\u00edcia Rodovi\u00e1ria\nFederal (PRF), as aves eram transportas por duas pessoas em uma moto.<\/p>\n\n\n\n<p class=\"wp-block-paragraph\">O ve\u00edculo foi parado pelos agentes em uma fiscaliza\u00e7\u00e3o de rotina na rodovia. No momento da abordagem, verificou-se que o passageiro, um homem de 50 anos, segurava um volume grande de embalagens de papel\u00e3o e tubos de PVC.<\/p>\n\n\n\n<p class=\"wp-block-paragraph\">Quando os policiais pediram para verificar o que estava sendo transportado, descobriram 11 trinca-ferros, dois papa-capins, um azul\u00e3o e seis sabi\u00e1s laranjeira dentro das embalagens. O homem disse que as aves eram levadas de Capelinha, no Vale do Jequitinhonha, para Nova Serrana.<\/p>\n\n\n\n<p class=\"wp-block-paragraph\">As aves foram encaminhadas para a Pol\u00edcia Militar de Meio Ambiente e o homem foi multado.<\/p>\n\n\n\n<figure class=\"wp-block-image size-large is-resized\"><img loading=\"lazy\" decoding=\"async\" src=\"http:\/\/aconteceunovale.com.br\/portal\/wp-content\/uploads\/2020\/01\/aves_prf_1.jpeg\" alt=\"\" class=\"wp-image-157305\" width=\"700\" height=\"468\" srcset=\"https:\/\/aconteceunovale.com.br\/portal\/wp-content\/uploads\/2020\/01\/aves_prf_1.jpeg 674w, https:\/\/aconteceunovale.com.br\/portal\/wp-content\/uploads\/2020\/01\/aves_prf_1-300x200.jpeg 300w, https:\/\/aconteceunovale.com.br\/portal\/wp-content\/uploads\/2020\/01\/aves_prf_1-629x420.jpeg 629w\" sizes=\"auto, (max-width: 700px) 100vw, 700px\" \/><figcaption><em>Foto: PRF \/ Divulga\u00e7\u00e3o<\/em><\/figcaption><\/figure>\n\n\n\n<figure class=\"wp-block-image size-large is-resized\"><img loading=\"lazy\" decoding=\"async\" src=\"http:\/\/aconteceunovale.com.br\/portal\/wp-content\/uploads\/2020\/01\/aves_prf_2.jpeg\" alt=\"\" class=\"wp-image-157306\" width=\"700\" height=\"520\" srcset=\"https:\/\/aconteceunovale.com.br\/portal\/wp-content\/uploads\/2020\/01\/aves_prf_2.jpeg 606w, https:\/\/aconteceunovale.com.br\/portal\/wp-content\/uploads\/2020\/01\/aves_prf_2-300x223.jpeg 300w, https:\/\/aconteceunovale.com.br\/portal\/wp-content\/uploads\/2020\/01\/aves_prf_2-80x60.jpeg 80w, https:\/\/aconteceunovale.com.br\/portal\/wp-content\/uploads\/2020\/01\/aves_prf_2-265x198.jpeg 265w, https:\/\/aconteceunovale.com.br\/portal\/wp-content\/uploads\/2020\/01\/aves_prf_2-566x420.jpeg 566w\" sizes=\"auto, (max-width: 700px) 100vw, 700px\" \/><figcaption><em>Foto: PRF \/ Divulga\u00e7\u00e3o<\/em><\/figcaption><\/figure>\n\n\n\n<p class=\"has-text-color has-background has-very-light-gray-color has-very-dark-gray-background-color wp-block-paragraph\">Quer saber as not\u00edcias do <strong>Aconteceu no Vale<\/strong> em primeira m\u00e3o? Siga-nos no Facebook <a rel=\"noreferrer noopener\" href=\"http:\/\/facebook.com\/aconteceunovale\" target=\"_blank\">@aconteceunovale<\/a>, Twitter <a rel=\"noreferrer noopener\" href=\"https:\/\/twitter.com\/noticiadosvales\" target=\"_blank\">@noticiadosvales<\/a> e Instagram <a rel=\"noreferrer noopener\" href=\"https:\/\/www.instagram.com\/aconteceunovale\" target=\"_blank\">@aconteceunovale<\/a>.<\/p>\n","protected":false},"excerpt":{"rendered":"<p>Vinte p\u00e1ssaros silvestres foram apreendidos na BR-262, em Nova Serrana (MG), neste s\u00e1bado (11\/01\/2020). De acordo com a Pol\u00edcia Rodovi\u00e1ria Federal (PRF), as aves eram transportas por duas pessoas em uma moto. O ve\u00edculo foi parado pelos agentes em uma fiscaliza\u00e7\u00e3o de rotina na rodovia. No momento da abordagem, verificou-se que o passageiro, um homem [&hellip;]<\/p>\n","protected":false},"author":1,"featured_media":157305,"comment_status":"open","ping_status":"closed","sticky":false,"template":"","format":"standard","meta":{"amp_status":"","footnotes":""},"categories":[272535,123,120],"tags":[49986,132,1018,1515,214346,214347,214345],"class_list":["post-157304","post","type-post","status-publish","format-standard","has-post-thumbnail","hentry","category-capelinha","category-gerais","category-jequi","tag-br-262","tag-capelinha","tag-destaque","tag-nova-serrana","tag-passaros-capelinha","tag-passaros-que-eram-levados-de-capelinha-para-nova-serrana","tag-vinte-passaros-silvestres-sao-apreendidos-com-dupla-que-seguia-de-capelinha-para-nova-serrana"],"yoast_head":"<!-- This site is optimized with the Yoast SEO plugin v28.3 - https:\/\/yoast.com\/product\/yoast-seo-wordpress\/ -->\n<title>Vinte p\u00e1ssaros silvestres s\u00e3o apreendidos com dupla que seguia de Capelinha para Nova Serrana - Aconteceu no Vale<\/title>\n<meta name=\"robots\" content=\"index, follow, max-snippet:-1, max-image-preview:large, max-video-preview:-1\" \/>\n<link rel=\"canonical\" href=\"https:\/\/aconteceunovale.com.br\/portal\/?p=157304\" \/>\n<meta property=\"og:locale\" content=\"pt_BR\" \/>\n<meta property=\"og:type\" content=\"article\" \/>\n<meta property=\"og:title\" content=\"Vinte p\u00e1ssaros silvestres s\u00e3o apreendidos com dupla que seguia de Capelinha para Nova Serrana - Aconteceu no Vale\" \/>\n<meta property=\"og:description\" content=\"Vinte p\u00e1ssaros silvestres foram apreendidos na BR-262, em Nova Serrana (MG), neste s\u00e1bado (11\/01\/2020). De acordo com a Pol\u00edcia Rodovi\u00e1ria Federal (PRF), as aves eram transportas por duas pessoas em uma moto. O ve\u00edculo foi parado pelos agentes em uma fiscaliza\u00e7\u00e3o de rotina na rodovia. No momento da abordagem, verificou-se que o passageiro, um homem [&hellip;]\" \/>\n<meta property=\"og:url\" content=\"https:\/\/aconteceunovale.com.br\/portal\/?p=157304\" \/>\n<meta property=\"og:site_name\" content=\"Aconteceu no Vale\" \/>\n<meta property=\"article:publisher\" content=\"https:\/\/www.facebook.com\/aconteceunovale\/\" \/>\n<meta property=\"article:published_time\" content=\"2020-01-12T00:58:53+00:00\" \/>\n<meta property=\"article:modified_time\" content=\"2026-09-01T01:54:44+00:00\" \/>\n<meta property=\"og:image\" content=\"https:\/\/aconteceunovale.com.br\/portal\/wp-content\/uploads\/2020\/01\/aves_prf_1.jpeg\" \/>\n\t<meta property=\"og:image:width\" content=\"674\" \/>\n\t<meta property=\"og:image:height\" content=\"450\" \/>\n\t<meta property=\"og:image:type\" content=\"image\/jpeg\" \/>\n<meta name=\"author\" content=\"Aconteceu no Vale\" \/>\n<meta name=\"twitter:card\" content=\"summary_large_image\" \/>\n<meta name=\"twitter:creator\" content=\"@noticiadosvales\" \/>\n<meta name=\"twitter:site\" content=\"@noticiadosvales\" \/>\n<meta name=\"twitter:label1\" content=\"Escrito por\" \/>\n\t<meta name=\"twitter:data1\" content=\"Aconteceu no Vale\" \/>\n\t<meta name=\"twitter:label2\" content=\"Est. tempo de leitura\" \/>\n\t<meta name=\"twitter:data2\" content=\"1 minuto\" \/>\n<script type=\"application\/ld+json\" class=\"yoast-schema-graph\">{\"@context\":\"https:\\\/\\\/schema.org\",\"@graph\":[{\"@type\":\"Article\",\"@id\":\"https:\\\/\\\/aconteceunovale.com.br\\\/portal\\\/?p=157304#article\",\"isPartOf\":{\"@id\":\"https:\\\/\\\/aconteceunovale.com.br\\\/portal\\\/?p=157304\"},\"author\":{\"name\":\"Aconteceu no Vale\",\"@id\":\"https:\\\/\\\/aconteceunovale.com.br\\\/portal\\\/#\\\/schema\\\/person\\\/633529146f2c94272bef50ac2953d589\"},\"headline\":\"Vinte p\u00e1ssaros silvestres s\u00e3o apreendidos com dupla que seguia de Capelinha para Nova Serrana\",\"datePublished\":\"2020-01-12T00:58:53+00:00\",\"dateModified\":\"2026-09-01T01:54:44+00:00\",\"mainEntityOfPage\":{\"@id\":\"https:\\\/\\\/aconteceunovale.com.br\\\/portal\\\/?p=157304\"},\"wordCount\":181,\"commentCount\":0,\"image\":{\"@id\":\"https:\\\/\\\/aconteceunovale.com.br\\\/portal\\\/?p=157304#primaryimage\"},\"thumbnailUrl\":\"https:\\\/\\\/aconteceunovale.com.br\\\/portal\\\/wp-content\\\/uploads\\\/2020\\\/01\\\/aves_prf_1.jpeg\",\"keywords\":[\"BR-262\",\"Capelinha\",\"destaque\",\"Nova Serrana\",\"P\u00e1ssaros Capelinha\",\"P\u00e1ssaros que eram levados de Capelinha para Nova Serrana\",\"Vinte p\u00e1ssaros silvestres s\u00e3o apreendidos com dupla que seguia de Capelinha para Nova Serrana\"],\"articleSection\":[\"Capelinha\",\"Minas Gerais\",\"Vale do Jequitinhonha\"],\"inLanguage\":\"pt-BR\",\"potentialAction\":[{\"@type\":\"CommentAction\",\"name\":\"Comment\",\"target\":[\"https:\\\/\\\/aconteceunovale.com.br\\\/portal\\\/?p=157304#respond\"]}]},{\"@type\":\"WebPage\",\"@id\":\"https:\\\/\\\/aconteceunovale.com.br\\\/portal\\\/?p=157304\",\"url\":\"https:\\\/\\\/aconteceunovale.com.br\\\/portal\\\/?p=157304\",\"name\":\"Vinte p\u00e1ssaros silvestres s\u00e3o apreendidos com dupla que seguia de Capelinha para Nova Serrana - Aconteceu no Vale\",\"isPartOf\":{\"@id\":\"https:\\\/\\\/aconteceunovale.com.br\\\/portal\\\/#website\"},\"primaryImageOfPage\":{\"@id\":\"https:\\\/\\\/aconteceunovale.com.br\\\/portal\\\/?p=157304#primaryimage\"},\"image\":{\"@id\":\"https:\\\/\\\/aconteceunovale.com.br\\\/portal\\\/?p=157304#primaryimage\"},\"thumbnailUrl\":\"https:\\\/\\\/aconteceunovale.com.br\\\/portal\\\/wp-content\\\/uploads\\\/2020\\\/01\\\/aves_prf_1.jpeg\",\"datePublished\":\"2020-01-12T00:58:53+00:00\",\"dateModified\":\"2026-09-01T01:54:44+00:00\",\"author\":{\"@id\":\"https:\\\/\\\/aconteceunovale.com.br\\\/portal\\\/#\\\/schema\\\/person\\\/633529146f2c94272bef50ac2953d589\"},\"breadcrumb\":{\"@id\":\"https:\\\/\\\/aconteceunovale.com.br\\\/portal\\\/?p=157304#breadcrumb\"},\"inLanguage\":\"pt-BR\",\"potentialAction\":[{\"@type\":\"ReadAction\",\"target\":[\"https:\\\/\\\/aconteceunovale.com.br\\\/portal\\\/?p=157304\"]}]},{\"@type\":\"ImageObject\",\"inLanguage\":\"pt-BR\",\"@id\":\"https:\\\/\\\/aconteceunovale.com.br\\\/portal\\\/?p=157304#primaryimage\",\"url\":\"https:\\\/\\\/aconteceunovale.com.br\\\/portal\\\/wp-content\\\/uploads\\\/2020\\\/01\\\/aves_prf_1.jpeg\",\"contentUrl\":\"https:\\\/\\\/aconteceunovale.com.br\\\/portal\\\/wp-content\\\/uploads\\\/2020\\\/01\\\/aves_prf_1.jpeg\",\"width\":674,\"height\":450},{\"@type\":\"BreadcrumbList\",\"@id\":\"https:\\\/\\\/aconteceunovale.com.br\\\/portal\\\/?p=157304#breadcrumb\",\"itemListElement\":[{\"@type\":\"ListItem\",\"position\":1,\"name\":\"In\u00edcio\",\"item\":\"https:\\\/\\\/aconteceunovale.com.br\\\/portal\\\/\"},{\"@type\":\"ListItem\",\"position\":2,\"name\":\"Vinte p\u00e1ssaros silvestres s\u00e3o apreendidos com dupla que seguia de Capelinha para Nova Serrana\"}]},{\"@type\":\"WebSite\",\"@id\":\"https:\\\/\\\/aconteceunovale.com.br\\\/portal\\\/#website\",\"url\":\"https:\\\/\\\/aconteceunovale.com.br\\\/portal\\\/\",\"name\":\"Aconteceu no Vale\",\"description\":\"Portal de Not\u00edcias\",\"potentialAction\":[{\"@type\":\"SearchAction\",\"target\":{\"@type\":\"EntryPoint\",\"urlTemplate\":\"https:\\\/\\\/aconteceunovale.com.br\\\/portal\\\/?s={search_term_string}\"},\"query-input\":{\"@type\":\"PropertyValueSpecification\",\"valueRequired\":true,\"valueName\":\"search_term_string\"}}],\"inLanguage\":\"pt-BR\"},{\"@type\":\"Person\",\"@id\":\"https:\\\/\\\/aconteceunovale.com.br\\\/portal\\\/#\\\/schema\\\/person\\\/633529146f2c94272bef50ac2953d589\",\"name\":\"Aconteceu no Vale\",\"description\":\"Equipe de reportagem do Aconteceu no Vale, portal de not\u00edcias do Vale do Jequitinhonha, em Minas Gerais. Cobrimos as 51 cidades do Vale desde 2013. Sugest\u00f5es de pauta e pedidos de corre\u00e7\u00e3o: contato@aconteceunovale.com.br\",\"sameAs\":[\"http:\\\/\\\/www.aconteceunovale.com.br\"],\"url\":\"https:\\\/\\\/aconteceunovale.com.br\\\/portal\\\/?author=1\"}]}<\/script>\n<!-- \/ Yoast SEO plugin. -->","yoast_head_json":{"title":"Vinte p\u00e1ssaros silvestres s\u00e3o apreendidos com dupla que seguia de Capelinha para Nova Serrana - Aconteceu no Vale","robots":{"index":"index","follow":"follow","max-snippet":"max-snippet:-1","max-image-preview":"max-image-preview:large","max-video-preview":"max-video-preview:-1"},"canonical":"https:\/\/aconteceunovale.com.br\/portal\/?p=157304","og_locale":"pt_BR","og_type":"article","og_title":"Vinte p\u00e1ssaros silvestres s\u00e3o apreendidos com dupla que seguia de Capelinha para Nova Serrana - Aconteceu no Vale","og_description":"Vinte p\u00e1ssaros silvestres foram apreendidos na BR-262, em Nova Serrana (MG), neste s\u00e1bado (11\/01\/2020). De acordo com a Pol\u00edcia Rodovi\u00e1ria Federal (PRF), as aves eram transportas por duas pessoas em uma moto. O ve\u00edculo foi parado pelos agentes em uma fiscaliza\u00e7\u00e3o de rotina na rodovia. No momento da abordagem, verificou-se que o passageiro, um homem [&hellip;]","og_url":"https:\/\/aconteceunovale.com.br\/portal\/?p=157304","og_site_name":"Aconteceu no Vale","article_publisher":"https:\/\/www.facebook.com\/aconteceunovale\/","article_published_time":"2020-01-12T00:58:53+00:00","article_modified_time":"2026-09-01T01:54:44+00:00","og_image":[{"width":674,"height":450,"url":"https:\/\/aconteceunovale.com.br\/portal\/wp-content\/uploads\/2020\/01\/aves_prf_1.jpeg","type":"image\/jpeg"}],"author":"Aconteceu no Vale","twitter_card":"summary_large_image","twitter_creator":"@noticiadosvales","twitter_site":"@noticiadosvales","twitter_misc":{"Escrito por":"Aconteceu no Vale","Est. tempo de leitura":"1 minuto"},"schema":{"@context":"https:\/\/schema.org","@graph":[{"@type":"Article","@id":"https:\/\/aconteceunovale.com.br\/portal\/?p=157304#article","isPartOf":{"@id":"https:\/\/aconteceunovale.com.br\/portal\/?p=157304"},"author":{"name":"Aconteceu no Vale","@id":"https:\/\/aconteceunovale.com.br\/portal\/#\/schema\/person\/633529146f2c94272bef50ac2953d589"},"headline":"Vinte p\u00e1ssaros silvestres s\u00e3o apreendidos com dupla que seguia de Capelinha para Nova Serrana","datePublished":"2020-01-12T00:58:53+00:00","dateModified":"2026-09-01T01:54:44+00:00","mainEntityOfPage":{"@id":"https:\/\/aconteceunovale.com.br\/portal\/?p=157304"},"wordCount":181,"commentCount":0,"image":{"@id":"https:\/\/aconteceunovale.com.br\/portal\/?p=157304#primaryimage"},"thumbnailUrl":"https:\/\/aconteceunovale.com.br\/portal\/wp-content\/uploads\/2020\/01\/aves_prf_1.jpeg","keywords":["BR-262","Capelinha","destaque","Nova Serrana","P\u00e1ssaros Capelinha","P\u00e1ssaros que eram levados de Capelinha para Nova Serrana","Vinte p\u00e1ssaros silvestres s\u00e3o apreendidos com dupla que seguia de Capelinha para Nova Serrana"],"articleSection":["Capelinha","Minas Gerais","Vale do Jequitinhonha"],"inLanguage":"pt-BR","potentialAction":[{"@type":"CommentAction","name":"Comment","target":["https:\/\/aconteceunovale.com.br\/portal\/?p=157304#respond"]}]},{"@type":"WebPage","@id":"https:\/\/aconteceunovale.com.br\/portal\/?p=157304","url":"https:\/\/aconteceunovale.com.br\/portal\/?p=157304","name":"Vinte p\u00e1ssaros silvestres s\u00e3o apreendidos com dupla que seguia de Capelinha para Nova Serrana - Aconteceu no Vale","isPartOf":{"@id":"https:\/\/aconteceunovale.com.br\/portal\/#website"},"primaryImageOfPage":{"@id":"https:\/\/aconteceunovale.com.br\/portal\/?p=157304#primaryimage"},"image":{"@id":"https:\/\/aconteceunovale.com.br\/portal\/?p=157304#primaryimage"},"thumbnailUrl":"https:\/\/aconteceunovale.com.br\/portal\/wp-content\/uploads\/2020\/01\/aves_prf_1.jpeg","datePublished":"2020-01-12T00:58:53+00:00","dateModified":"2026-09-01T01:54:44+00:00","author":{"@id":"https:\/\/aconteceunovale.com.br\/portal\/#\/schema\/person\/633529146f2c94272bef50ac2953d589"},"breadcrumb":{"@id":"https:\/\/aconteceunovale.com.br\/portal\/?p=157304#breadcrumb"},"inLanguage":"pt-BR","potentialAction":[{"@type":"ReadAction","target":["https:\/\/aconteceunovale.com.br\/portal\/?p=157304"]}]},{"@type":"ImageObject","inLanguage":"pt-BR","@id":"https:\/\/aconteceunovale.com.br\/portal\/?p=157304#primaryimage","url":"https:\/\/aconteceunovale.com.br\/portal\/wp-content\/uploads\/2020\/01\/aves_prf_1.jpeg","contentUrl":"https:\/\/aconteceunovale.com.br\/portal\/wp-content\/uploads\/2020\/01\/aves_prf_1.jpeg","width":674,"height":450},{"@type":"BreadcrumbList","@id":"https:\/\/aconteceunovale.com.br\/portal\/?p=157304#breadcrumb","itemListElement":[{"@type":"ListItem","position":1,"name":"In\u00edcio","item":"https:\/\/aconteceunovale.com.br\/portal\/"},{"@type":"ListItem","position":2,"name":"Vinte p\u00e1ssaros silvestres s\u00e3o apreendidos com dupla que seguia de Capelinha para Nova Serrana"}]},{"@type":"WebSite","@id":"https:\/\/aconteceunovale.com.br\/portal\/#website","url":"https:\/\/aconteceunovale.com.br\/portal\/","name":"Aconteceu no Vale","description":"Portal de Not\u00edcias","potentialAction":[{"@type":"SearchAction","target":{"@type":"EntryPoint","urlTemplate":"https:\/\/aconteceunovale.com.br\/portal\/?s={search_term_string}"},"query-input":{"@type":"PropertyValueSpecification","valueRequired":true,"valueName":"search_term_string"}}],"inLanguage":"pt-BR"},{"@type":"Person","@id":"https:\/\/aconteceunovale.com.br\/portal\/#\/schema\/person\/633529146f2c94272bef50ac2953d589","name":"Aconteceu no Vale","description":"Equipe de reportagem do Aconteceu no Vale, portal de not\u00edcias do Vale do Jequitinhonha, em Minas Gerais. Cobrimos as 51 cidades do Vale desde 2013. Sugest\u00f5es de pauta e pedidos de corre\u00e7\u00e3o: contato@aconteceunovale.com.br","sameAs":["http:\/\/www.aconteceunovale.com.br"],"url":"https:\/\/aconteceunovale.com.br\/portal\/?author=1"}]}},"_links":{"self":[{"href":"https:\/\/aconteceunovale.com.br\/portal\/index.php?rest_route=\/wp\/v2\/posts\/157304","targetHints":{"allow":["GET"]}}],"collection":[{"href":"https:\/\/aconteceunovale.com.br\/portal\/index.php?rest_route=\/wp\/v2\/posts"}],"about":[{"href":"https:\/\/aconteceunovale.com.br\/portal\/index.php?rest_route=\/wp\/v2\/types\/post"}],"author":[{"embeddable":true,"href":"https:\/\/aconteceunovale.com.br\/portal\/index.php?rest_route=\/wp\/v2\/users\/1"}],"replies":[{"embeddable":true,"href":"https:\/\/aconteceunovale.com.br\/portal\/index.php?rest_route=%2Fwp%2Fv2%2Fcomments&post=157304"}],"version-history":[{"count":2,"href":"https:\/\/aconteceunovale.com.br\/portal\/index.php?rest_route=\/wp\/v2\/posts\/157304\/revisions"}],"predecessor-version":[{"id":157308,"href":"https:\/\/aconteceunovale.com.br\/portal\/index.php?rest_route=\/wp\/v2\/posts\/157304\/revisions\/157308"}],"wp:featuredmedia":[{"embeddable":true,"href":"https:\/\/aconteceunovale.com.br\/portal\/index.php?rest_route=\/wp\/v2\/media\/157305"}],"wp:attachment":[{"href":"https:\/\/aconteceunovale.com.br\/portal\/index.php?rest_route=%2Fwp%2Fv2%2Fmedia&parent=157304"}],"wp:term":[{"taxonomy":"category","embeddable":true,"href":"https:\/\/aconteceunovale.com.br\/portal\/index.php?rest_route=%2Fwp%2Fv2%2Fcategories&post=157304"},{"taxonomy":"post_tag","embeddable":true,"href":"https:\/\/aconteceunovale.com.br\/portal\/index.php?rest_route=%2Fwp%2Fv2%2Ftags&post=157304"}],"curies":[{"name":"wp","href":"https:\/\/api.w.org\/{rel}","templated":true}]}}