{"id":157300,"date":"2020-01-11T20:17:16","date_gmt":"2020-01-11T23:17:16","guid":{"rendered":"http:\/\/aconteceunovale.com.br\/portal\/?p=157300"},"modified":"2020-01-11T20:17:47","modified_gmt":"2020-01-11T23:17:47","slug":"2019-foi-o-segundo-ano-mais-quente-da-historia","status":"publish","type":"post","link":"https:\/\/aconteceunovale.com.br\/portal\/?p=157300","title":{"rendered":"2019 foi o segundo ano mais quente da hist\u00f3ria"},"content":{"rendered":"\n<p class=\"wp-block-paragraph\">O ano de 2019 foi o segundo mais quente da hist\u00f3ria, de acordo com o Servi\u00e7o de Mudan\u00e7as Clim\u00e1ticas da Uni\u00e3o Europeia. A segunda d\u00e9cada do s\u00e9culo 21 foi a mais quente desde o in\u00edcio dos registros.<\/p>\n\n\n\n<p class=\"wp-block-paragraph\">Os dados divulgados pelo Copernicus Climate Change Service mostram que as temperaturas mundiais em 2019 ficaram abaixo das de 2016.<\/p>\n\n\n\n<p class=\"wp-block-paragraph\">J\u00e1 em um recorte por continente, 2019 foi o ano mais quente na Europa desde o in\u00edcio do registro de dados.<\/p>\n\n\n\n<p class=\"wp-block-paragraph\">\u201cOs \u00faltimos cinco anos foram os mais quentes j\u00e1 registrados e a \u00faltima d\u00e9cada foi a mais quente j\u00e1 registrada\u201d, afirmou Jean-Noel Thepaut, diretor do centro Copernicus, citado pela AFP.<\/p>\n\n\n\n<p class=\"wp-block-paragraph\">As temperaturas gerais em 2019 ficaram 0,6 graus Celsius (\u00b0C) mais quentes que a m\u00e9dia de 1981 a 2010 e a temperatura da Terra, nos \u00faltimos cinco anos aumentou entre 1,1\u00b0C e 1,2\u00b0C do que no per\u00edodo pr\u00e9-industrial.<\/p>\n\n\n\n<p class=\"wp-block-paragraph\">O Copernicus Climate Change Service afirma que as concentra\u00e7\u00f5es atmosf\u00e9ricas de carbono continuam aumentando, tendo atingido os seus n\u00edveis mais altos, no ano passado.<\/p>\n\n\n\n<p class=\"wp-block-paragraph\">O aumento da temperatura acontece um ano depois que as Na\u00e7\u00f5es Unidas afirmaram que as emiss\u00f5es de gases de efeito estufa precisavam cair cerca de 7,6% a cada ano, at\u00e9 2030, com o objetivo de limitar o aumento das temperaturas para 1,5\u00b0C.<\/p>\n\n\n\n<p class=\"has-text-color has-background has-very-light-gray-color has-very-dark-gray-background-color wp-block-paragraph\">Quer saber as not\u00edcias do <strong>Aconteceu no Vale<\/strong> em primeira m\u00e3o? Siga-nos no Facebook <a rel=\"noreferrer noopener\" href=\"http:\/\/facebook.com\/aconteceunovale\" target=\"_blank\">@aconteceunovale<\/a>, Twitter <a rel=\"noreferrer noopener\" href=\"https:\/\/twitter.com\/noticiadosvales\" target=\"_blank\">@noticiadosvales<\/a> e Instagram <a rel=\"noreferrer noopener\" href=\"https:\/\/www.instagram.com\/aconteceunovale\" target=\"_blank\">@aconteceunovale<\/a>.<\/p>\n","protected":false},"excerpt":{"rendered":"<p>O ano de 2019 foi o segundo mais quente da hist\u00f3ria, de acordo com o Servi\u00e7o de Mudan\u00e7as Clim\u00e1ticas da Uni\u00e3o Europeia. A segunda d\u00e9cada do s\u00e9culo 21 foi a mais quente desde o in\u00edcio dos registros. Os dados divulgados pelo Copernicus Climate Change Service mostram que as temperaturas mundiais em 2019 ficaram abaixo das [&hellip;]<\/p>\n","protected":false},"author":1,"featured_media":140562,"comment_status":"open","ping_status":"closed","sticky":false,"template":"","format":"standard","meta":{"amp_status":"","footnotes":""},"categories":[6],"tags":[214340,67299,214341,214344,214342,214343],"class_list":["post-157300","post","type-post","status-publish","format-standard","has-post-thumbnail","hentry","category-br","tag-2019-foi-o-segundo-ano-mais-quente-da-historia","tag-ano-mais-quente-da-historia","tag-copernicus-climate-change-service","tag-jean-noel-thepaut","tag-segundo-ano-mais-quente-da-historia","tag-servico-de-mudancas-climaticas-da-uniao-europeia"],"yoast_head":"<!-- This site is optimized with the Yoast SEO plugin v28.3 - https:\/\/yoast.com\/product\/yoast-seo-wordpress\/ -->\n<title>2019 foi o segundo ano mais quente da hist\u00f3ria - Aconteceu no Vale<\/title>\n<meta name=\"robots\" content=\"index, follow, max-snippet:-1, max-image-preview:large, max-video-preview:-1\" \/>\n<link rel=\"canonical\" href=\"https:\/\/aconteceunovale.com.br\/portal\/?p=157300\" \/>\n<meta property=\"og:locale\" content=\"pt_BR\" \/>\n<meta property=\"og:type\" content=\"article\" \/>\n<meta property=\"og:title\" content=\"2019 foi o segundo ano mais quente da hist\u00f3ria - Aconteceu no Vale\" \/>\n<meta property=\"og:description\" content=\"O ano de 2019 foi o segundo mais quente da hist\u00f3ria, de acordo com o Servi\u00e7o de Mudan\u00e7as Clim\u00e1ticas da Uni\u00e3o Europeia. A segunda d\u00e9cada do s\u00e9culo 21 foi a mais quente desde o in\u00edcio dos registros. Os dados divulgados pelo Copernicus Climate Change Service mostram que as temperaturas mundiais em 2019 ficaram abaixo das [&hellip;]\" \/>\n<meta property=\"og:url\" content=\"https:\/\/aconteceunovale.com.br\/portal\/?p=157300\" \/>\n<meta property=\"og:site_name\" content=\"Aconteceu no Vale\" \/>\n<meta property=\"article:publisher\" content=\"https:\/\/www.facebook.com\/aconteceunovale\/\" \/>\n<meta property=\"article:published_time\" content=\"2020-01-11T23:17:16+00:00\" \/>\n<meta property=\"article:modified_time\" content=\"2020-01-11T23:17:47+00:00\" \/>\n<meta property=\"og:image\" content=\"https:\/\/aconteceunovale.com.br\/portal\/wp-content\/uploads\/2018\/12\/temperatura_alta.png\" \/>\n\t<meta property=\"og:image:width\" content=\"678\" \/>\n\t<meta property=\"og:image:height\" content=\"331\" \/>\n\t<meta property=\"og:image:type\" content=\"image\/png\" \/>\n<meta name=\"author\" content=\"Aconteceu no Vale\" \/>\n<meta name=\"twitter:card\" content=\"summary_large_image\" \/>\n<meta name=\"twitter:creator\" content=\"@noticiadosvales\" \/>\n<meta name=\"twitter:site\" content=\"@noticiadosvales\" \/>\n<meta name=\"twitter:label1\" content=\"Escrito por\" \/>\n\t<meta name=\"twitter:data1\" content=\"Aconteceu no Vale\" \/>\n\t<meta name=\"twitter:label2\" content=\"Est. tempo de leitura\" \/>\n\t<meta name=\"twitter:data2\" content=\"1 minuto\" \/>\n<script type=\"application\/ld+json\" class=\"yoast-schema-graph\">{\"@context\":\"https:\\\/\\\/schema.org\",\"@graph\":[{\"@type\":\"Article\",\"@id\":\"https:\\\/\\\/aconteceunovale.com.br\\\/portal\\\/?p=157300#article\",\"isPartOf\":{\"@id\":\"https:\\\/\\\/aconteceunovale.com.br\\\/portal\\\/?p=157300\"},\"author\":{\"name\":\"Aconteceu no Vale\",\"@id\":\"https:\\\/\\\/aconteceunovale.com.br\\\/portal\\\/#\\\/schema\\\/person\\\/633529146f2c94272bef50ac2953d589\"},\"headline\":\"2019 foi o segundo ano mais quente da hist\u00f3ria\",\"datePublished\":\"2020-01-11T23:17:16+00:00\",\"dateModified\":\"2020-01-11T23:17:47+00:00\",\"mainEntityOfPage\":{\"@id\":\"https:\\\/\\\/aconteceunovale.com.br\\\/portal\\\/?p=157300\"},\"wordCount\":250,\"commentCount\":0,\"image\":{\"@id\":\"https:\\\/\\\/aconteceunovale.com.br\\\/portal\\\/?p=157300#primaryimage\"},\"thumbnailUrl\":\"https:\\\/\\\/aconteceunovale.com.br\\\/portal\\\/wp-content\\\/uploads\\\/2018\\\/12\\\/temperatura_alta.png\",\"keywords\":[\"2019 foi o segundo ano mais quente da hist\u00f3ria\",\"ano mais quente da hist\u00f3ria\",\"Copernicus Climate Change Service\",\"Jean-Noel Thepaut\",\"Segundo ano mais quente da hist\u00f3ria\",\"Servi\u00e7o de Mudan\u00e7as Clim\u00e1ticas da Uni\u00e3o Europeia\"],\"articleSection\":[\"Brasil\"],\"inLanguage\":\"pt-BR\",\"potentialAction\":[{\"@type\":\"CommentAction\",\"name\":\"Comment\",\"target\":[\"https:\\\/\\\/aconteceunovale.com.br\\\/portal\\\/?p=157300#respond\"]}]},{\"@type\":\"WebPage\",\"@id\":\"https:\\\/\\\/aconteceunovale.com.br\\\/portal\\\/?p=157300\",\"url\":\"https:\\\/\\\/aconteceunovale.com.br\\\/portal\\\/?p=157300\",\"name\":\"2019 foi o segundo ano mais quente da hist\u00f3ria - Aconteceu no Vale\",\"isPartOf\":{\"@id\":\"https:\\\/\\\/aconteceunovale.com.br\\\/portal\\\/#website\"},\"primaryImageOfPage\":{\"@id\":\"https:\\\/\\\/aconteceunovale.com.br\\\/portal\\\/?p=157300#primaryimage\"},\"image\":{\"@id\":\"https:\\\/\\\/aconteceunovale.com.br\\\/portal\\\/?p=157300#primaryimage\"},\"thumbnailUrl\":\"https:\\\/\\\/aconteceunovale.com.br\\\/portal\\\/wp-content\\\/uploads\\\/2018\\\/12\\\/temperatura_alta.png\",\"datePublished\":\"2020-01-11T23:17:16+00:00\",\"dateModified\":\"2020-01-11T23:17:47+00:00\",\"author\":{\"@id\":\"https:\\\/\\\/aconteceunovale.com.br\\\/portal\\\/#\\\/schema\\\/person\\\/633529146f2c94272bef50ac2953d589\"},\"breadcrumb\":{\"@id\":\"https:\\\/\\\/aconteceunovale.com.br\\\/portal\\\/?p=157300#breadcrumb\"},\"inLanguage\":\"pt-BR\",\"potentialAction\":[{\"@type\":\"ReadAction\",\"target\":[\"https:\\\/\\\/aconteceunovale.com.br\\\/portal\\\/?p=157300\"]}]},{\"@type\":\"ImageObject\",\"inLanguage\":\"pt-BR\",\"@id\":\"https:\\\/\\\/aconteceunovale.com.br\\\/portal\\\/?p=157300#primaryimage\",\"url\":\"https:\\\/\\\/aconteceunovale.com.br\\\/portal\\\/wp-content\\\/uploads\\\/2018\\\/12\\\/temperatura_alta.png\",\"contentUrl\":\"https:\\\/\\\/aconteceunovale.com.br\\\/portal\\\/wp-content\\\/uploads\\\/2018\\\/12\\\/temperatura_alta.png\",\"width\":678,\"height\":331},{\"@type\":\"BreadcrumbList\",\"@id\":\"https:\\\/\\\/aconteceunovale.com.br\\\/portal\\\/?p=157300#breadcrumb\",\"itemListElement\":[{\"@type\":\"ListItem\",\"position\":1,\"name\":\"In\u00edcio\",\"item\":\"https:\\\/\\\/aconteceunovale.com.br\\\/portal\\\/\"},{\"@type\":\"ListItem\",\"position\":2,\"name\":\"2019 foi o segundo ano mais quente da hist\u00f3ria\"}]},{\"@type\":\"WebSite\",\"@id\":\"https:\\\/\\\/aconteceunovale.com.br\\\/portal\\\/#website\",\"url\":\"https:\\\/\\\/aconteceunovale.com.br\\\/portal\\\/\",\"name\":\"Aconteceu no Vale\",\"description\":\"Portal de Not\u00edcias\",\"potentialAction\":[{\"@type\":\"SearchAction\",\"target\":{\"@type\":\"EntryPoint\",\"urlTemplate\":\"https:\\\/\\\/aconteceunovale.com.br\\\/portal\\\/?s={search_term_string}\"},\"query-input\":{\"@type\":\"PropertyValueSpecification\",\"valueRequired\":true,\"valueName\":\"search_term_string\"}}],\"inLanguage\":\"pt-BR\"},{\"@type\":\"Person\",\"@id\":\"https:\\\/\\\/aconteceunovale.com.br\\\/portal\\\/#\\\/schema\\\/person\\\/633529146f2c94272bef50ac2953d589\",\"name\":\"Aconteceu no Vale\",\"description\":\"Equipe de reportagem do Aconteceu no Vale, portal de not\u00edcias do Vale do Jequitinhonha, em Minas Gerais. Cobrimos as 51 cidades do Vale desde 2013. Sugest\u00f5es de pauta e pedidos de corre\u00e7\u00e3o: contato@aconteceunovale.com.br\",\"sameAs\":[\"http:\\\/\\\/www.aconteceunovale.com.br\"],\"url\":\"https:\\\/\\\/aconteceunovale.com.br\\\/portal\\\/?author=1\"}]}<\/script>\n<!-- \/ Yoast SEO plugin. -->","yoast_head_json":{"title":"2019 foi o segundo ano mais quente da hist\u00f3ria - Aconteceu no Vale","robots":{"index":"index","follow":"follow","max-snippet":"max-snippet:-1","max-image-preview":"max-image-preview:large","max-video-preview":"max-video-preview:-1"},"canonical":"https:\/\/aconteceunovale.com.br\/portal\/?p=157300","og_locale":"pt_BR","og_type":"article","og_title":"2019 foi o segundo ano mais quente da hist\u00f3ria - Aconteceu no Vale","og_description":"O ano de 2019 foi o segundo mais quente da hist\u00f3ria, de acordo com o Servi\u00e7o de Mudan\u00e7as Clim\u00e1ticas da Uni\u00e3o Europeia. A segunda d\u00e9cada do s\u00e9culo 21 foi a mais quente desde o in\u00edcio dos registros. Os dados divulgados pelo Copernicus Climate Change Service mostram que as temperaturas mundiais em 2019 ficaram abaixo das [&hellip;]","og_url":"https:\/\/aconteceunovale.com.br\/portal\/?p=157300","og_site_name":"Aconteceu no Vale","article_publisher":"https:\/\/www.facebook.com\/aconteceunovale\/","article_published_time":"2020-01-11T23:17:16+00:00","article_modified_time":"2020-01-11T23:17:47+00:00","og_image":[{"width":678,"height":331,"url":"https:\/\/aconteceunovale.com.br\/portal\/wp-content\/uploads\/2018\/12\/temperatura_alta.png","type":"image\/png"}],"author":"Aconteceu no Vale","twitter_card":"summary_large_image","twitter_creator":"@noticiadosvales","twitter_site":"@noticiadosvales","twitter_misc":{"Escrito por":"Aconteceu no Vale","Est. tempo de leitura":"1 minuto"},"schema":{"@context":"https:\/\/schema.org","@graph":[{"@type":"Article","@id":"https:\/\/aconteceunovale.com.br\/portal\/?p=157300#article","isPartOf":{"@id":"https:\/\/aconteceunovale.com.br\/portal\/?p=157300"},"author":{"name":"Aconteceu no Vale","@id":"https:\/\/aconteceunovale.com.br\/portal\/#\/schema\/person\/633529146f2c94272bef50ac2953d589"},"headline":"2019 foi o segundo ano mais quente da hist\u00f3ria","datePublished":"2020-01-11T23:17:16+00:00","dateModified":"2020-01-11T23:17:47+00:00","mainEntityOfPage":{"@id":"https:\/\/aconteceunovale.com.br\/portal\/?p=157300"},"wordCount":250,"commentCount":0,"image":{"@id":"https:\/\/aconteceunovale.com.br\/portal\/?p=157300#primaryimage"},"thumbnailUrl":"https:\/\/aconteceunovale.com.br\/portal\/wp-content\/uploads\/2018\/12\/temperatura_alta.png","keywords":["2019 foi o segundo ano mais quente da hist\u00f3ria","ano mais quente da hist\u00f3ria","Copernicus Climate Change Service","Jean-Noel Thepaut","Segundo ano mais quente da hist\u00f3ria","Servi\u00e7o de Mudan\u00e7as Clim\u00e1ticas da Uni\u00e3o Europeia"],"articleSection":["Brasil"],"inLanguage":"pt-BR","potentialAction":[{"@type":"CommentAction","name":"Comment","target":["https:\/\/aconteceunovale.com.br\/portal\/?p=157300#respond"]}]},{"@type":"WebPage","@id":"https:\/\/aconteceunovale.com.br\/portal\/?p=157300","url":"https:\/\/aconteceunovale.com.br\/portal\/?p=157300","name":"2019 foi o segundo ano mais quente da hist\u00f3ria - Aconteceu no Vale","isPartOf":{"@id":"https:\/\/aconteceunovale.com.br\/portal\/#website"},"primaryImageOfPage":{"@id":"https:\/\/aconteceunovale.com.br\/portal\/?p=157300#primaryimage"},"image":{"@id":"https:\/\/aconteceunovale.com.br\/portal\/?p=157300#primaryimage"},"thumbnailUrl":"https:\/\/aconteceunovale.com.br\/portal\/wp-content\/uploads\/2018\/12\/temperatura_alta.png","datePublished":"2020-01-11T23:17:16+00:00","dateModified":"2020-01-11T23:17:47+00:00","author":{"@id":"https:\/\/aconteceunovale.com.br\/portal\/#\/schema\/person\/633529146f2c94272bef50ac2953d589"},"breadcrumb":{"@id":"https:\/\/aconteceunovale.com.br\/portal\/?p=157300#breadcrumb"},"inLanguage":"pt-BR","potentialAction":[{"@type":"ReadAction","target":["https:\/\/aconteceunovale.com.br\/portal\/?p=157300"]}]},{"@type":"ImageObject","inLanguage":"pt-BR","@id":"https:\/\/aconteceunovale.com.br\/portal\/?p=157300#primaryimage","url":"https:\/\/aconteceunovale.com.br\/portal\/wp-content\/uploads\/2018\/12\/temperatura_alta.png","contentUrl":"https:\/\/aconteceunovale.com.br\/portal\/wp-content\/uploads\/2018\/12\/temperatura_alta.png","width":678,"height":331},{"@type":"BreadcrumbList","@id":"https:\/\/aconteceunovale.com.br\/portal\/?p=157300#breadcrumb","itemListElement":[{"@type":"ListItem","position":1,"name":"In\u00edcio","item":"https:\/\/aconteceunovale.com.br\/portal\/"},{"@type":"ListItem","position":2,"name":"2019 foi o segundo ano mais quente da hist\u00f3ria"}]},{"@type":"WebSite","@id":"https:\/\/aconteceunovale.com.br\/portal\/#website","url":"https:\/\/aconteceunovale.com.br\/portal\/","name":"Aconteceu no Vale","description":"Portal de Not\u00edcias","potentialAction":[{"@type":"SearchAction","target":{"@type":"EntryPoint","urlTemplate":"https:\/\/aconteceunovale.com.br\/portal\/?s={search_term_string}"},"query-input":{"@type":"PropertyValueSpecification","valueRequired":true,"valueName":"search_term_string"}}],"inLanguage":"pt-BR"},{"@type":"Person","@id":"https:\/\/aconteceunovale.com.br\/portal\/#\/schema\/person\/633529146f2c94272bef50ac2953d589","name":"Aconteceu no Vale","description":"Equipe de reportagem do Aconteceu no Vale, portal de not\u00edcias do Vale do Jequitinhonha, em Minas Gerais. Cobrimos as 51 cidades do Vale desde 2013. Sugest\u00f5es de pauta e pedidos de corre\u00e7\u00e3o: contato@aconteceunovale.com.br","sameAs":["http:\/\/www.aconteceunovale.com.br"],"url":"https:\/\/aconteceunovale.com.br\/portal\/?author=1"}]}},"_links":{"self":[{"href":"https:\/\/aconteceunovale.com.br\/portal\/index.php?rest_route=\/wp\/v2\/posts\/157300","targetHints":{"allow":["GET"]}}],"collection":[{"href":"https:\/\/aconteceunovale.com.br\/portal\/index.php?rest_route=\/wp\/v2\/posts"}],"about":[{"href":"https:\/\/aconteceunovale.com.br\/portal\/index.php?rest_route=\/wp\/v2\/types\/post"}],"author":[{"embeddable":true,"href":"https:\/\/aconteceunovale.com.br\/portal\/index.php?rest_route=\/wp\/v2\/users\/1"}],"replies":[{"embeddable":true,"href":"https:\/\/aconteceunovale.com.br\/portal\/index.php?rest_route=%2Fwp%2Fv2%2Fcomments&post=157300"}],"version-history":[{"count":1,"href":"https:\/\/aconteceunovale.com.br\/portal\/index.php?rest_route=\/wp\/v2\/posts\/157300\/revisions"}],"predecessor-version":[{"id":157301,"href":"https:\/\/aconteceunovale.com.br\/portal\/index.php?rest_route=\/wp\/v2\/posts\/157300\/revisions\/157301"}],"wp:featuredmedia":[{"embeddable":true,"href":"https:\/\/aconteceunovale.com.br\/portal\/index.php?rest_route=\/wp\/v2\/media\/140562"}],"wp:attachment":[{"href":"https:\/\/aconteceunovale.com.br\/portal\/index.php?rest_route=%2Fwp%2Fv2%2Fmedia&parent=157300"}],"wp:term":[{"taxonomy":"category","embeddable":true,"href":"https:\/\/aconteceunovale.com.br\/portal\/index.php?rest_route=%2Fwp%2Fv2%2Fcategories&post=157300"},{"taxonomy":"post_tag","embeddable":true,"href":"https:\/\/aconteceunovale.com.br\/portal\/index.php?rest_route=%2Fwp%2Fv2%2Ftags&post=157300"}],"curies":[{"name":"wp","href":"https:\/\/api.w.org\/{rel}","templated":true}]}}