{"id":157290,"date":"2020-01-11T19:45:17","date_gmt":"2020-01-11T22:45:17","guid":{"rendered":"http:\/\/aconteceunovale.com.br\/portal\/?p=157290"},"modified":"2020-01-11T19:45:50","modified_gmt":"2020-01-11T22:45:50","slug":"usuario-de-agua-da-uniao-deve-declarar-volume-utilizado-ate-dia-31-de-janeiro","status":"publish","type":"post","link":"https:\/\/aconteceunovale.com.br\/portal\/?p=157290","title":{"rendered":"Usu\u00e1rio de \u00e1gua da Uni\u00e3o deve declarar volume utilizado at\u00e9 dia 31 de janeiro"},"content":{"rendered":"\n<p class=\"wp-block-paragraph\">O prazo para que os usu\u00e1rios de \u00e1guas da Uni\u00e3o apresentem a declara\u00e7\u00e3o com os volumes utilizados no ano anterior termina no dia 31 de janeiro. A informa\u00e7\u00e3o \u00e9 da Ag\u00eancia Nacional das \u00c1guas (ANA). De acordo com a ag\u00eancia reguladora, os usu\u00e1rios que tiverem outorga de direito de uso das \u00e1guas devem realizar a&nbsp;<a href=\"http:\/\/www.snirh.gov.br\/cnarh\/identificar.jsf\" target=\"_blank\" rel=\"noreferrer noopener\">Declara\u00e7\u00e3o Anual de Uso de Recursos H\u00eddricos<\/a>&nbsp;(DAURH), indicando os volumes captados e lan\u00e7ados nos mananciais em cada m\u00eas de 2019. A declara\u00e7\u00e3o \u00e9 obrigat\u00f3ria.<\/p>\n\n\n\n<p class=\"wp-block-paragraph\">Os declarantes s\u00e3o basicamente agricultores, que usam a \u00e1gua captada na agricultura. A medida vale para quem capta \u00e1guas interestaduais, transfronteiri\u00e7as ou em reservat\u00f3rios federais nas bacias dos rios: das Contas; Capivari; Doce; Ipojuca; Jundia\u00ed; Mucuri; S\u00e3o Francisco; Para\u00edba do Sul; Parana\u00edba; Piracicaba, Uruguai, Vaza Barris e Verde Grande.<\/p>\n\n\n\n<p class=\"wp-block-paragraph\">Segundo a ag\u00eancia, as informa\u00e7\u00f5es coletadas contribuem para que a ag\u00eancia entenda melhor o comportamento das demandas de \u00e1gua. A ag\u00eancia disse ainda que com o envio das informa\u00e7\u00f5es os usu\u00e1rios mant\u00eam seus usos regularizados e podem at\u00e9 mesmo pagar menos em bacias com rios de dom\u00ednio da Uni\u00e3o que j\u00e1 tenham a cobran\u00e7a pelo uso de recursos h\u00eddricos.<\/p>\n\n\n\n<p class=\"wp-block-paragraph\">\u201cOs volumes declarados determinar\u00e3o os valores a serem pagos quanto aos usos de \u00e1gua em 2019, que s\u00e3o medidos pelos pr\u00f3prios usu\u00e1rios de recursos h\u00eddricos e fiscalizados pela ANA presencial ou remotamente. A queda dos valores pode acontecer em caso de redu\u00e7\u00e3o na capta\u00e7\u00e3o e no consumo de \u00e1gua ou mesmo em caso de diminui\u00e7\u00e3o do lan\u00e7amento de efluentes nos corpos d\u2019\u00e1gua\u201d, informou a ANA.<\/p>\n\n\n\n<p class=\"has-text-color has-background has-very-light-gray-color has-very-dark-gray-background-color wp-block-paragraph\">Quer saber as not\u00edcias do <strong>Aconteceu no Vale<\/strong> em primeira m\u00e3o? Siga-nos no Facebook <a rel=\"noreferrer noopener\" href=\"http:\/\/facebook.com\/aconteceunovale\" target=\"_blank\">@aconteceunovale<\/a>, Twitter <a rel=\"noreferrer noopener\" href=\"https:\/\/twitter.com\/noticiadosvales\" target=\"_blank\">@noticiadosvales<\/a> e Instagram <a rel=\"noreferrer noopener\" href=\"https:\/\/www.instagram.com\/aconteceunovale\" target=\"_blank\">@aconteceunovale<\/a>.<\/p>\n","protected":false},"excerpt":{"rendered":"<p>O prazo para que os usu\u00e1rios de \u00e1guas da Uni\u00e3o apresentem a declara\u00e7\u00e3o com os volumes utilizados no ano anterior termina no dia 31 de janeiro. A informa\u00e7\u00e3o \u00e9 da Ag\u00eancia Nacional das \u00c1guas (ANA). De acordo com a ag\u00eancia reguladora, os usu\u00e1rios que tiverem outorga de direito de uso das \u00e1guas devem realizar a&nbsp;Declara\u00e7\u00e3o [&hellip;]<\/p>\n","protected":false},"author":1,"featured_media":94095,"comment_status":"open","ping_status":"closed","sticky":false,"template":"","format":"standard","meta":{"amp_status":"","footnotes":""},"categories":[6],"tags":[20944,214303,20943,214304,214305,214302,214301],"class_list":["post-157290","post","type-post","status-publish","format-standard","has-post-thumbnail","hentry","category-br","tag-agencia-nacional-das-aguas","tag-agua-da-uniao","tag-ana","tag-daurh","tag-declaracao-de-uso-de-agua","tag-usuario-de-agua-da-uniao","tag-usuario-de-agua-da-uniao-deve-declarar-volume-utilizado-ate-dia-31-de-janeiro"],"yoast_head":"<!-- This site is optimized with the Yoast SEO plugin v28.3 - https:\/\/yoast.com\/product\/yoast-seo-wordpress\/ -->\n<title>Usu\u00e1rio de \u00e1gua da Uni\u00e3o deve declarar volume utilizado at\u00e9 dia 31 de janeiro - Aconteceu no Vale<\/title>\n<meta name=\"robots\" content=\"index, follow, max-snippet:-1, max-image-preview:large, max-video-preview:-1\" \/>\n<link rel=\"canonical\" href=\"https:\/\/aconteceunovale.com.br\/portal\/?p=157290\" \/>\n<meta property=\"og:locale\" content=\"pt_BR\" \/>\n<meta property=\"og:type\" content=\"article\" \/>\n<meta property=\"og:title\" content=\"Usu\u00e1rio de \u00e1gua da Uni\u00e3o deve declarar volume utilizado at\u00e9 dia 31 de janeiro - Aconteceu no Vale\" \/>\n<meta property=\"og:description\" content=\"O prazo para que os usu\u00e1rios de \u00e1guas da Uni\u00e3o apresentem a declara\u00e7\u00e3o com os volumes utilizados no ano anterior termina no dia 31 de janeiro. A informa\u00e7\u00e3o \u00e9 da Ag\u00eancia Nacional das \u00c1guas (ANA). De acordo com a ag\u00eancia reguladora, os usu\u00e1rios que tiverem outorga de direito de uso das \u00e1guas devem realizar a&nbsp;Declara\u00e7\u00e3o [&hellip;]\" \/>\n<meta property=\"og:url\" content=\"https:\/\/aconteceunovale.com.br\/portal\/?p=157290\" \/>\n<meta property=\"og:site_name\" content=\"Aconteceu no Vale\" \/>\n<meta property=\"article:publisher\" content=\"https:\/\/www.facebook.com\/aconteceunovale\/\" \/>\n<meta property=\"article:published_time\" content=\"2020-01-11T22:45:17+00:00\" \/>\n<meta property=\"article:modified_time\" content=\"2020-01-11T22:45:50+00:00\" \/>\n<meta property=\"og:image\" content=\"https:\/\/aconteceunovale.com.br\/portal\/wp-content\/uploads\/2016\/08\/rio_sao_francisco.jpg\" \/>\n\t<meta property=\"og:image:width\" content=\"580\" \/>\n\t<meta property=\"og:image:height\" content=\"388\" \/>\n\t<meta property=\"og:image:type\" content=\"image\/jpeg\" \/>\n<meta name=\"author\" content=\"Aconteceu no Vale\" \/>\n<meta name=\"twitter:card\" content=\"summary_large_image\" \/>\n<meta name=\"twitter:creator\" content=\"@noticiadosvales\" \/>\n<meta name=\"twitter:site\" content=\"@noticiadosvales\" \/>\n<meta name=\"twitter:label1\" content=\"Escrito por\" \/>\n\t<meta name=\"twitter:data1\" content=\"Aconteceu no Vale\" \/>\n\t<meta name=\"twitter:label2\" content=\"Est. tempo de leitura\" \/>\n\t<meta name=\"twitter:data2\" content=\"2 minutos\" \/>\n<script type=\"application\/ld+json\" class=\"yoast-schema-graph\">{\"@context\":\"https:\\\/\\\/schema.org\",\"@graph\":[{\"@type\":\"Article\",\"@id\":\"https:\\\/\\\/aconteceunovale.com.br\\\/portal\\\/?p=157290#article\",\"isPartOf\":{\"@id\":\"https:\\\/\\\/aconteceunovale.com.br\\\/portal\\\/?p=157290\"},\"author\":{\"name\":\"Aconteceu no Vale\",\"@id\":\"https:\\\/\\\/aconteceunovale.com.br\\\/portal\\\/#\\\/schema\\\/person\\\/633529146f2c94272bef50ac2953d589\"},\"headline\":\"Usu\u00e1rio de \u00e1gua da Uni\u00e3o deve declarar volume utilizado at\u00e9 dia 31 de janeiro\",\"datePublished\":\"2020-01-11T22:45:17+00:00\",\"dateModified\":\"2020-01-11T22:45:50+00:00\",\"mainEntityOfPage\":{\"@id\":\"https:\\\/\\\/aconteceunovale.com.br\\\/portal\\\/?p=157290\"},\"wordCount\":327,\"commentCount\":0,\"image\":{\"@id\":\"https:\\\/\\\/aconteceunovale.com.br\\\/portal\\\/?p=157290#primaryimage\"},\"thumbnailUrl\":\"https:\\\/\\\/aconteceunovale.com.br\\\/portal\\\/wp-content\\\/uploads\\\/2016\\\/08\\\/rio_sao_francisco.jpg\",\"keywords\":[\"Ag\u00eancia Nacional das \u00c1guas\",\"\u00c1gua da Uni\u00e3o\",\"Ana\",\"DAURH\",\"Declara\u00e7\u00e3o de uso de \u00e1gua\",\"Usu\u00e1rio de \u00e1gua da Uni\u00e3o\",\"Usu\u00e1rio de \u00e1gua da Uni\u00e3o deve declarar volume utilizado at\u00e9 dia 31 de janeiro\"],\"articleSection\":[\"Brasil\"],\"inLanguage\":\"pt-BR\",\"potentialAction\":[{\"@type\":\"CommentAction\",\"name\":\"Comment\",\"target\":[\"https:\\\/\\\/aconteceunovale.com.br\\\/portal\\\/?p=157290#respond\"]}]},{\"@type\":\"WebPage\",\"@id\":\"https:\\\/\\\/aconteceunovale.com.br\\\/portal\\\/?p=157290\",\"url\":\"https:\\\/\\\/aconteceunovale.com.br\\\/portal\\\/?p=157290\",\"name\":\"Usu\u00e1rio de \u00e1gua da Uni\u00e3o deve declarar volume utilizado at\u00e9 dia 31 de janeiro - Aconteceu no Vale\",\"isPartOf\":{\"@id\":\"https:\\\/\\\/aconteceunovale.com.br\\\/portal\\\/#website\"},\"primaryImageOfPage\":{\"@id\":\"https:\\\/\\\/aconteceunovale.com.br\\\/portal\\\/?p=157290#primaryimage\"},\"image\":{\"@id\":\"https:\\\/\\\/aconteceunovale.com.br\\\/portal\\\/?p=157290#primaryimage\"},\"thumbnailUrl\":\"https:\\\/\\\/aconteceunovale.com.br\\\/portal\\\/wp-content\\\/uploads\\\/2016\\\/08\\\/rio_sao_francisco.jpg\",\"datePublished\":\"2020-01-11T22:45:17+00:00\",\"dateModified\":\"2020-01-11T22:45:50+00:00\",\"author\":{\"@id\":\"https:\\\/\\\/aconteceunovale.com.br\\\/portal\\\/#\\\/schema\\\/person\\\/633529146f2c94272bef50ac2953d589\"},\"breadcrumb\":{\"@id\":\"https:\\\/\\\/aconteceunovale.com.br\\\/portal\\\/?p=157290#breadcrumb\"},\"inLanguage\":\"pt-BR\",\"potentialAction\":[{\"@type\":\"ReadAction\",\"target\":[\"https:\\\/\\\/aconteceunovale.com.br\\\/portal\\\/?p=157290\"]}]},{\"@type\":\"ImageObject\",\"inLanguage\":\"pt-BR\",\"@id\":\"https:\\\/\\\/aconteceunovale.com.br\\\/portal\\\/?p=157290#primaryimage\",\"url\":\"https:\\\/\\\/aconteceunovale.com.br\\\/portal\\\/wp-content\\\/uploads\\\/2016\\\/08\\\/rio_sao_francisco.jpg\",\"contentUrl\":\"https:\\\/\\\/aconteceunovale.com.br\\\/portal\\\/wp-content\\\/uploads\\\/2016\\\/08\\\/rio_sao_francisco.jpg\",\"width\":580,\"height\":388},{\"@type\":\"BreadcrumbList\",\"@id\":\"https:\\\/\\\/aconteceunovale.com.br\\\/portal\\\/?p=157290#breadcrumb\",\"itemListElement\":[{\"@type\":\"ListItem\",\"position\":1,\"name\":\"In\u00edcio\",\"item\":\"https:\\\/\\\/aconteceunovale.com.br\\\/portal\\\/\"},{\"@type\":\"ListItem\",\"position\":2,\"name\":\"Usu\u00e1rio de \u00e1gua da Uni\u00e3o deve declarar volume utilizado at\u00e9 dia 31 de janeiro\"}]},{\"@type\":\"WebSite\",\"@id\":\"https:\\\/\\\/aconteceunovale.com.br\\\/portal\\\/#website\",\"url\":\"https:\\\/\\\/aconteceunovale.com.br\\\/portal\\\/\",\"name\":\"Aconteceu no Vale\",\"description\":\"Portal de Not\u00edcias\",\"potentialAction\":[{\"@type\":\"SearchAction\",\"target\":{\"@type\":\"EntryPoint\",\"urlTemplate\":\"https:\\\/\\\/aconteceunovale.com.br\\\/portal\\\/?s={search_term_string}\"},\"query-input\":{\"@type\":\"PropertyValueSpecification\",\"valueRequired\":true,\"valueName\":\"search_term_string\"}}],\"inLanguage\":\"pt-BR\"},{\"@type\":\"Person\",\"@id\":\"https:\\\/\\\/aconteceunovale.com.br\\\/portal\\\/#\\\/schema\\\/person\\\/633529146f2c94272bef50ac2953d589\",\"name\":\"Aconteceu no Vale\",\"description\":\"Equipe de reportagem do Aconteceu no Vale, portal de not\u00edcias do Vale do Jequitinhonha, em Minas Gerais. Cobrimos as 51 cidades do Vale desde 2013. Sugest\u00f5es de pauta e pedidos de corre\u00e7\u00e3o: contato@aconteceunovale.com.br\",\"sameAs\":[\"http:\\\/\\\/www.aconteceunovale.com.br\"],\"url\":\"https:\\\/\\\/aconteceunovale.com.br\\\/portal\\\/?author=1\"}]}<\/script>\n<!-- \/ Yoast SEO plugin. -->","yoast_head_json":{"title":"Usu\u00e1rio de \u00e1gua da Uni\u00e3o deve declarar volume utilizado at\u00e9 dia 31 de janeiro - Aconteceu no Vale","robots":{"index":"index","follow":"follow","max-snippet":"max-snippet:-1","max-image-preview":"max-image-preview:large","max-video-preview":"max-video-preview:-1"},"canonical":"https:\/\/aconteceunovale.com.br\/portal\/?p=157290","og_locale":"pt_BR","og_type":"article","og_title":"Usu\u00e1rio de \u00e1gua da Uni\u00e3o deve declarar volume utilizado at\u00e9 dia 31 de janeiro - Aconteceu no Vale","og_description":"O prazo para que os usu\u00e1rios de \u00e1guas da Uni\u00e3o apresentem a declara\u00e7\u00e3o com os volumes utilizados no ano anterior termina no dia 31 de janeiro. A informa\u00e7\u00e3o \u00e9 da Ag\u00eancia Nacional das \u00c1guas (ANA). De acordo com a ag\u00eancia reguladora, os usu\u00e1rios que tiverem outorga de direito de uso das \u00e1guas devem realizar a&nbsp;Declara\u00e7\u00e3o [&hellip;]","og_url":"https:\/\/aconteceunovale.com.br\/portal\/?p=157290","og_site_name":"Aconteceu no Vale","article_publisher":"https:\/\/www.facebook.com\/aconteceunovale\/","article_published_time":"2020-01-11T22:45:17+00:00","article_modified_time":"2020-01-11T22:45:50+00:00","og_image":[{"width":580,"height":388,"url":"https:\/\/aconteceunovale.com.br\/portal\/wp-content\/uploads\/2016\/08\/rio_sao_francisco.jpg","type":"image\/jpeg"}],"author":"Aconteceu no Vale","twitter_card":"summary_large_image","twitter_creator":"@noticiadosvales","twitter_site":"@noticiadosvales","twitter_misc":{"Escrito por":"Aconteceu no Vale","Est. tempo de leitura":"2 minutos"},"schema":{"@context":"https:\/\/schema.org","@graph":[{"@type":"Article","@id":"https:\/\/aconteceunovale.com.br\/portal\/?p=157290#article","isPartOf":{"@id":"https:\/\/aconteceunovale.com.br\/portal\/?p=157290"},"author":{"name":"Aconteceu no Vale","@id":"https:\/\/aconteceunovale.com.br\/portal\/#\/schema\/person\/633529146f2c94272bef50ac2953d589"},"headline":"Usu\u00e1rio de \u00e1gua da Uni\u00e3o deve declarar volume utilizado at\u00e9 dia 31 de janeiro","datePublished":"2020-01-11T22:45:17+00:00","dateModified":"2020-01-11T22:45:50+00:00","mainEntityOfPage":{"@id":"https:\/\/aconteceunovale.com.br\/portal\/?p=157290"},"wordCount":327,"commentCount":0,"image":{"@id":"https:\/\/aconteceunovale.com.br\/portal\/?p=157290#primaryimage"},"thumbnailUrl":"https:\/\/aconteceunovale.com.br\/portal\/wp-content\/uploads\/2016\/08\/rio_sao_francisco.jpg","keywords":["Ag\u00eancia Nacional das \u00c1guas","\u00c1gua da Uni\u00e3o","Ana","DAURH","Declara\u00e7\u00e3o de uso de \u00e1gua","Usu\u00e1rio de \u00e1gua da Uni\u00e3o","Usu\u00e1rio de \u00e1gua da Uni\u00e3o deve declarar volume utilizado at\u00e9 dia 31 de janeiro"],"articleSection":["Brasil"],"inLanguage":"pt-BR","potentialAction":[{"@type":"CommentAction","name":"Comment","target":["https:\/\/aconteceunovale.com.br\/portal\/?p=157290#respond"]}]},{"@type":"WebPage","@id":"https:\/\/aconteceunovale.com.br\/portal\/?p=157290","url":"https:\/\/aconteceunovale.com.br\/portal\/?p=157290","name":"Usu\u00e1rio de \u00e1gua da Uni\u00e3o deve declarar volume utilizado at\u00e9 dia 31 de janeiro - Aconteceu no Vale","isPartOf":{"@id":"https:\/\/aconteceunovale.com.br\/portal\/#website"},"primaryImageOfPage":{"@id":"https:\/\/aconteceunovale.com.br\/portal\/?p=157290#primaryimage"},"image":{"@id":"https:\/\/aconteceunovale.com.br\/portal\/?p=157290#primaryimage"},"thumbnailUrl":"https:\/\/aconteceunovale.com.br\/portal\/wp-content\/uploads\/2016\/08\/rio_sao_francisco.jpg","datePublished":"2020-01-11T22:45:17+00:00","dateModified":"2020-01-11T22:45:50+00:00","author":{"@id":"https:\/\/aconteceunovale.com.br\/portal\/#\/schema\/person\/633529146f2c94272bef50ac2953d589"},"breadcrumb":{"@id":"https:\/\/aconteceunovale.com.br\/portal\/?p=157290#breadcrumb"},"inLanguage":"pt-BR","potentialAction":[{"@type":"ReadAction","target":["https:\/\/aconteceunovale.com.br\/portal\/?p=157290"]}]},{"@type":"ImageObject","inLanguage":"pt-BR","@id":"https:\/\/aconteceunovale.com.br\/portal\/?p=157290#primaryimage","url":"https:\/\/aconteceunovale.com.br\/portal\/wp-content\/uploads\/2016\/08\/rio_sao_francisco.jpg","contentUrl":"https:\/\/aconteceunovale.com.br\/portal\/wp-content\/uploads\/2016\/08\/rio_sao_francisco.jpg","width":580,"height":388},{"@type":"BreadcrumbList","@id":"https:\/\/aconteceunovale.com.br\/portal\/?p=157290#breadcrumb","itemListElement":[{"@type":"ListItem","position":1,"name":"In\u00edcio","item":"https:\/\/aconteceunovale.com.br\/portal\/"},{"@type":"ListItem","position":2,"name":"Usu\u00e1rio de \u00e1gua da Uni\u00e3o deve declarar volume utilizado at\u00e9 dia 31 de janeiro"}]},{"@type":"WebSite","@id":"https:\/\/aconteceunovale.com.br\/portal\/#website","url":"https:\/\/aconteceunovale.com.br\/portal\/","name":"Aconteceu no Vale","description":"Portal de Not\u00edcias","potentialAction":[{"@type":"SearchAction","target":{"@type":"EntryPoint","urlTemplate":"https:\/\/aconteceunovale.com.br\/portal\/?s={search_term_string}"},"query-input":{"@type":"PropertyValueSpecification","valueRequired":true,"valueName":"search_term_string"}}],"inLanguage":"pt-BR"},{"@type":"Person","@id":"https:\/\/aconteceunovale.com.br\/portal\/#\/schema\/person\/633529146f2c94272bef50ac2953d589","name":"Aconteceu no Vale","description":"Equipe de reportagem do Aconteceu no Vale, portal de not\u00edcias do Vale do Jequitinhonha, em Minas Gerais. Cobrimos as 51 cidades do Vale desde 2013. Sugest\u00f5es de pauta e pedidos de corre\u00e7\u00e3o: contato@aconteceunovale.com.br","sameAs":["http:\/\/www.aconteceunovale.com.br"],"url":"https:\/\/aconteceunovale.com.br\/portal\/?author=1"}]}},"_links":{"self":[{"href":"https:\/\/aconteceunovale.com.br\/portal\/index.php?rest_route=\/wp\/v2\/posts\/157290","targetHints":{"allow":["GET"]}}],"collection":[{"href":"https:\/\/aconteceunovale.com.br\/portal\/index.php?rest_route=\/wp\/v2\/posts"}],"about":[{"href":"https:\/\/aconteceunovale.com.br\/portal\/index.php?rest_route=\/wp\/v2\/types\/post"}],"author":[{"embeddable":true,"href":"https:\/\/aconteceunovale.com.br\/portal\/index.php?rest_route=\/wp\/v2\/users\/1"}],"replies":[{"embeddable":true,"href":"https:\/\/aconteceunovale.com.br\/portal\/index.php?rest_route=%2Fwp%2Fv2%2Fcomments&post=157290"}],"version-history":[{"count":1,"href":"https:\/\/aconteceunovale.com.br\/portal\/index.php?rest_route=\/wp\/v2\/posts\/157290\/revisions"}],"predecessor-version":[{"id":157291,"href":"https:\/\/aconteceunovale.com.br\/portal\/index.php?rest_route=\/wp\/v2\/posts\/157290\/revisions\/157291"}],"wp:featuredmedia":[{"embeddable":true,"href":"https:\/\/aconteceunovale.com.br\/portal\/index.php?rest_route=\/wp\/v2\/media\/94095"}],"wp:attachment":[{"href":"https:\/\/aconteceunovale.com.br\/portal\/index.php?rest_route=%2Fwp%2Fv2%2Fmedia&parent=157290"}],"wp:term":[{"taxonomy":"category","embeddable":true,"href":"https:\/\/aconteceunovale.com.br\/portal\/index.php?rest_route=%2Fwp%2Fv2%2Fcategories&post=157290"},{"taxonomy":"post_tag","embeddable":true,"href":"https:\/\/aconteceunovale.com.br\/portal\/index.php?rest_route=%2Fwp%2Fv2%2Ftags&post=157290"}],"curies":[{"name":"wp","href":"https:\/\/api.w.org\/{rel}","templated":true}]}}