{"id":15729,"date":"2013-12-17T08:57:02","date_gmt":"2013-12-17T10:57:02","guid":{"rendered":"http:\/\/aconteceunovale.com.br\/portal\/?p=15729"},"modified":"2013-12-17T09:56:17","modified_gmt":"2013-12-17T11:56:17","slug":"panico-desespero-e-tristeza-mais-de-12-horas-de-chuvas-ininterruptas-causam-varios-problemas-em-capelinha","status":"publish","type":"post","link":"https:\/\/aconteceunovale.com.br\/portal\/?p=15729","title":{"rendered":"P\u00c2NICO, DESESPERO E TRISTEZA: Mais de 12 horas de chuvas ininterruptas causam v\u00e1rios problemas em Capelinha"},"content":{"rendered":"<p><em><strong>Por Tico Neves\/Cleuber Luiz<\/strong><\/em><\/p>\n<p>Ap\u00f3s 12 horas de chuvas sem parar, Capelinha amanheceu nesta ter\u00e7a-feira, 17 de dezembro, com marcas de destrui\u00e7\u00f5es em v\u00e1rios pontos da cidade. O saldo negativo registra at\u00e9 o momento o desabamento de uma resid\u00eancia na rua Sebasti\u00e3o da Luz, entre os bairros S\u00e3o Geraldo e Piedade, sendo provocado pelo deslizamento de terra de um barranco nas proximidades da casa. A fam\u00edlia teve que deixar a moradia com urg\u00eancia para evitar v\u00edtimas. Outras duas casas no mesmo local tamb\u00e9m correm risco de desabamento. <\/p>\n<p><em>A moradora Dona Maria Concei\u00e7\u00e3o, acordou apavorada por volta das 5:00 da manh\u00e3 com um forte estrondo, quando abriu a porta da cozinha deparou com o quintal tomado de terra e lama.<\/p>\n<p>Os moradores Adriano e Valdomiro tamb\u00e9m moradores da via, est\u00e3o deixando suas casas, que foram atingidas pelo deslizamento. <\/em><\/p>\n<p>No final da rua In\u00e1cio Murta, uma cratera que se formou impedindo o tr\u00e2nsito de ve\u00edculos, engoliu um poste de energia el\u00e9trica e est\u00e1 colocando casas e muros em risco de desabamentos. A rua Maria Pereira Campos, no bairro \u00c1gua Santa, tamb\u00e9m est\u00e1 com pontos cr\u00edticos. A Alameda Juarez Barbosa, no centro de Capelinha, est\u00e1 praticamente intransit\u00e1vel e um \u00f4nibus escolar caiu em um buraco no local. <\/p>\n<p>Os estragos provocados pelas chuvas come\u00e7am tamb\u00e9m a ser registrados na zona rural de Capelinha. Uma adutora da COPASA rompeu no Ribeir\u00e3o do Sena e pode comprometer o abastecimento de \u00e1gua na cidade. Em alguns pontos do rio S\u00e3o Louren\u00e7o houve transbordamento, deixando fam\u00edlias ilhadas e sem acesso \u00e0s estradas. O rompimento de represas nas proximidades da Grota dos Cardoso, pr\u00f3ximo ao povoado de Chapadinha est\u00e1 impedindo a passagem de ve\u00edculos e os moradores tamb\u00e9m est\u00e3o ilhados. <\/p>\n<p>A Prefeitura de Capelinha mobilizou equipes de v\u00e1rias secretarias, m\u00e1quinas, caminh\u00f5es e outros ve\u00edculos desde a madrugada desta ter\u00e7a-feira para ajudarem na presta\u00e7\u00e3o de socorro aos desabrigados e para evitar novos deslizamentos de terra e outros problemas. A orienta\u00e7\u00e3o da Prefeitura \u00e9 que as fam\u00edlias residentes em \u00e1reas de risco deixem suas casas ao perceberem qualquer sinal de perigo. A COPASA pede aos moradores de capelinha que economizem \u00e1gua, pois o abastecimento pode ser suspenso a qualquer momento. <\/p>\n<p><strong>CASAS INTERDITADAS NO BAIRRO BURAC\u00c3O<\/strong><\/p>\n<p>Rua Pirapora com Rua Pouso Alegre e Rua Rio Grande do Sul no Bairro Burac\u00e3o, todas as casas da rua foram interditadas. Mais de 12 fam\u00edlias ter\u00e3o que deixar as casas com urg\u00eancia. Uma grande trinca se formou no barranco e poder\u00e1 ceder, atingindo as casas das ruas abaixo. A equipe da Prefeitura Municipal se mobiliza para retirar pertences e alojar a todos. A Prefeitura solicita a colabora\u00e7\u00e3o de empres\u00e1rios com ve\u00edculos de carroceria para ajudar na retirada dos moradores.<\/p>\n<div id='gallery-1' class='gallery galleryid-15729 gallery-columns-4 gallery-size-thumbnail'><figure class='gallery-item'>\n\t\t\t<div class='gallery-icon landscape'>\n\t\t\t\t<a href='https:\/\/aconteceunovale.com.br\/portal\/wp-content\/uploads\/2013\/12\/chuvas_capelinha_deslisamentos_de_terra_1.jpg'><img loading=\"lazy\" decoding=\"async\" width=\"150\" height=\"150\" src=\"https:\/\/aconteceunovale.com.br\/portal\/wp-content\/uploads\/2013\/12\/chuvas_capelinha_deslisamentos_de_terra_1-150x150.jpg\" class=\"attachment-thumbnail size-thumbnail\" alt=\"\" \/><\/a>\n\t\t\t<\/div><\/figure><figure class='gallery-item'>\n\t\t\t<div class='gallery-icon landscape'>\n\t\t\t\t<a href='https:\/\/aconteceunovale.com.br\/portal\/wp-content\/uploads\/2013\/12\/chuvas_capelinha_deslisamentos_de_terra_2.jpg'><img loading=\"lazy\" decoding=\"async\" width=\"150\" height=\"150\" src=\"https:\/\/aconteceunovale.com.br\/portal\/wp-content\/uploads\/2013\/12\/chuvas_capelinha_deslisamentos_de_terra_2-150x150.jpg\" class=\"attachment-thumbnail size-thumbnail\" alt=\"\" \/><\/a>\n\t\t\t<\/div><\/figure><figure class='gallery-item'>\n\t\t\t<div class='gallery-icon landscape'>\n\t\t\t\t<a href='https:\/\/aconteceunovale.com.br\/portal\/wp-content\/uploads\/2013\/12\/chuvas_capelinha_deslisamentos_de_terra_3.jpg'><img loading=\"lazy\" decoding=\"async\" width=\"150\" height=\"150\" src=\"https:\/\/aconteceunovale.com.br\/portal\/wp-content\/uploads\/2013\/12\/chuvas_capelinha_deslisamentos_de_terra_3-150x150.jpg\" class=\"attachment-thumbnail size-thumbnail\" alt=\"\" \/><\/a>\n\t\t\t<\/div><\/figure><figure class='gallery-item'>\n\t\t\t<div class='gallery-icon landscape'>\n\t\t\t\t<a href='https:\/\/aconteceunovale.com.br\/portal\/wp-content\/uploads\/2013\/12\/chuvas_capelinha_deslisamentos_de_terra_4.jpg'><img loading=\"lazy\" decoding=\"async\" width=\"150\" height=\"150\" src=\"https:\/\/aconteceunovale.com.br\/portal\/wp-content\/uploads\/2013\/12\/chuvas_capelinha_deslisamentos_de_terra_4-150x150.jpg\" class=\"attachment-thumbnail size-thumbnail\" alt=\"\" \/><\/a>\n\t\t\t<\/div><\/figure><figure class='gallery-item'>\n\t\t\t<div class='gallery-icon landscape'>\n\t\t\t\t<a href='https:\/\/aconteceunovale.com.br\/portal\/wp-content\/uploads\/2013\/12\/chuvas_capelinha_deslisamentos_de_terra_5.jpg'><img loading=\"lazy\" decoding=\"async\" width=\"150\" height=\"150\" src=\"https:\/\/aconteceunovale.com.br\/portal\/wp-content\/uploads\/2013\/12\/chuvas_capelinha_deslisamentos_de_terra_5-150x150.jpg\" class=\"attachment-thumbnail size-thumbnail\" alt=\"\" \/><\/a>\n\t\t\t<\/div><\/figure><figure class='gallery-item'>\n\t\t\t<div class='gallery-icon landscape'>\n\t\t\t\t<a href='https:\/\/aconteceunovale.com.br\/portal\/wp-content\/uploads\/2013\/12\/chuvas_capelinha_deslisamentos_de_terra_6.jpg'><img loading=\"lazy\" decoding=\"async\" width=\"150\" height=\"150\" src=\"https:\/\/aconteceunovale.com.br\/portal\/wp-content\/uploads\/2013\/12\/chuvas_capelinha_deslisamentos_de_terra_6-150x150.jpg\" class=\"attachment-thumbnail size-thumbnail\" alt=\"\" \/><\/a>\n\t\t\t<\/div><\/figure><figure class='gallery-item'>\n\t\t\t<div class='gallery-icon portrait'>\n\t\t\t\t<a href='https:\/\/aconteceunovale.com.br\/portal\/wp-content\/uploads\/2013\/12\/chuvas_capelinha_deslisamentos_de_terra_7.jpg'><img loading=\"lazy\" decoding=\"async\" width=\"150\" height=\"150\" src=\"https:\/\/aconteceunovale.com.br\/portal\/wp-content\/uploads\/2013\/12\/chuvas_capelinha_deslisamentos_de_terra_7-150x150.jpg\" class=\"attachment-thumbnail size-thumbnail\" alt=\"\" \/><\/a>\n\t\t\t<\/div><\/figure>\n\t\t<\/div>\n\n<p><strong>CRATERA NO FINAL DA RUA IN\u00c1CIO MURTA<\/strong><br \/>\nCratera no final da Rua In\u00e1cio Murta aumenta sua dimens\u00e3o e engole poste da Cemig.<br \/>\n<div id='gallery-2' class='gallery galleryid-15729 gallery-columns-3 gallery-size-thumbnail'><figure class='gallery-item'>\n\t\t\t<div class='gallery-icon landscape'>\n\t\t\t\t<a href='https:\/\/aconteceunovale.com.br\/portal\/wp-content\/uploads\/2013\/12\/cratera_inacio_murta_1.jpg'><img loading=\"lazy\" decoding=\"async\" width=\"150\" height=\"150\" src=\"https:\/\/aconteceunovale.com.br\/portal\/wp-content\/uploads\/2013\/12\/cratera_inacio_murta_1-150x150.jpg\" class=\"attachment-thumbnail size-thumbnail\" alt=\"\" \/><\/a>\n\t\t\t<\/div><\/figure><figure class='gallery-item'>\n\t\t\t<div class='gallery-icon landscape'>\n\t\t\t\t<a href='https:\/\/aconteceunovale.com.br\/portal\/wp-content\/uploads\/2013\/12\/cratera_inacio_murta_2.jpg'><img loading=\"lazy\" decoding=\"async\" width=\"150\" height=\"150\" src=\"https:\/\/aconteceunovale.com.br\/portal\/wp-content\/uploads\/2013\/12\/cratera_inacio_murta_2-150x150.jpg\" class=\"attachment-thumbnail size-thumbnail\" alt=\"\" \/><\/a>\n\t\t\t<\/div><\/figure><figure class='gallery-item'>\n\t\t\t<div class='gallery-icon landscape'>\n\t\t\t\t<a href='https:\/\/aconteceunovale.com.br\/portal\/wp-content\/uploads\/2013\/12\/cratera_inacio_murta_3.jpg'><img loading=\"lazy\" decoding=\"async\" width=\"150\" height=\"150\" src=\"https:\/\/aconteceunovale.com.br\/portal\/wp-content\/uploads\/2013\/12\/cratera_inacio_murta_3-150x150.jpg\" class=\"attachment-thumbnail size-thumbnail\" alt=\"\" \/><\/a>\n\t\t\t<\/div><\/figure>\n\t\t<\/div>\n<\/p>\n<p><strong>CRATERA NO CENTRO DA CIDADE<\/strong><br \/>\nNa Alameda Juarez Barbosa no Centro da Cidade, uma cratera se abriu. Um \u00f4nibus escolar acabou afundando no local. A via esta interditada no momento.<br \/>\n<div id='gallery-3' class='gallery galleryid-15729 gallery-columns-4 gallery-size-thumbnail'><figure class='gallery-item'>\n\t\t\t<div class='gallery-icon landscape'>\n\t\t\t\t<a href='https:\/\/aconteceunovale.com.br\/portal\/wp-content\/uploads\/2013\/12\/cratera_1.jpg'><img loading=\"lazy\" decoding=\"async\" width=\"150\" height=\"150\" src=\"https:\/\/aconteceunovale.com.br\/portal\/wp-content\/uploads\/2013\/12\/cratera_1-150x150.jpg\" class=\"attachment-thumbnail size-thumbnail\" alt=\"\" \/><\/a>\n\t\t\t<\/div><\/figure><figure class='gallery-item'>\n\t\t\t<div class='gallery-icon landscape'>\n\t\t\t\t<a href='https:\/\/aconteceunovale.com.br\/portal\/wp-content\/uploads\/2013\/12\/cratera_2.jpg'><img loading=\"lazy\" decoding=\"async\" width=\"150\" height=\"150\" src=\"https:\/\/aconteceunovale.com.br\/portal\/wp-content\/uploads\/2013\/12\/cratera_2-150x150.jpg\" class=\"attachment-thumbnail size-thumbnail\" alt=\"\" \/><\/a>\n\t\t\t<\/div><\/figure><figure class='gallery-item'>\n\t\t\t<div class='gallery-icon landscape'>\n\t\t\t\t<a href='https:\/\/aconteceunovale.com.br\/portal\/wp-content\/uploads\/2013\/12\/cratera_3.jpg'><img loading=\"lazy\" decoding=\"async\" width=\"150\" height=\"150\" src=\"https:\/\/aconteceunovale.com.br\/portal\/wp-content\/uploads\/2013\/12\/cratera_3-150x150.jpg\" class=\"attachment-thumbnail size-thumbnail\" alt=\"\" \/><\/a>\n\t\t\t<\/div><\/figure><figure class='gallery-item'>\n\t\t\t<div class='gallery-icon landscape'>\n\t\t\t\t<a href='https:\/\/aconteceunovale.com.br\/portal\/wp-content\/uploads\/2013\/12\/cratera_4.jpg'><img loading=\"lazy\" decoding=\"async\" width=\"150\" height=\"150\" src=\"https:\/\/aconteceunovale.com.br\/portal\/wp-content\/uploads\/2013\/12\/cratera_4-150x150.jpg\" class=\"attachment-thumbnail size-thumbnail\" alt=\"\" \/><\/a>\n\t\t\t<\/div><\/figure>\n\t\t<\/div>\n<\/p>\n<p><strong>ESTRAGOS NA ZONA RURAL<\/strong><br \/>\nOs estragos provocados pelas chuvas come\u00e7am tamb\u00e9m a ser registrados na zona rural de Capelinha.<br \/>\n<div id='gallery-4' class='gallery galleryid-15729 gallery-columns-3 gallery-size-thumbnail'><figure class='gallery-item'>\n\t\t\t<div class='gallery-icon landscape'>\n\t\t\t\t<a href='https:\/\/aconteceunovale.com.br\/portal\/wp-content\/uploads\/2013\/12\/estragos_zona_rural_1.jpg'><img loading=\"lazy\" decoding=\"async\" width=\"150\" height=\"150\" src=\"https:\/\/aconteceunovale.com.br\/portal\/wp-content\/uploads\/2013\/12\/estragos_zona_rural_1-150x150.jpg\" class=\"attachment-thumbnail size-thumbnail\" alt=\"\" \/><\/a>\n\t\t\t<\/div><\/figure><figure class='gallery-item'>\n\t\t\t<div class='gallery-icon landscape'>\n\t\t\t\t<a href='https:\/\/aconteceunovale.com.br\/portal\/wp-content\/uploads\/2013\/12\/estragos_zona_rural_2.jpg'><img loading=\"lazy\" decoding=\"async\" width=\"150\" height=\"150\" src=\"https:\/\/aconteceunovale.com.br\/portal\/wp-content\/uploads\/2013\/12\/estragos_zona_rural_2-150x150.jpg\" class=\"attachment-thumbnail size-thumbnail\" alt=\"\" \/><\/a>\n\t\t\t<\/div><\/figure><figure class='gallery-item'>\n\t\t\t<div class='gallery-icon landscape'>\n\t\t\t\t<a href='https:\/\/aconteceunovale.com.br\/portal\/wp-content\/uploads\/2013\/12\/estragos_zona_rural_3.jpg'><img loading=\"lazy\" decoding=\"async\" width=\"150\" height=\"150\" src=\"https:\/\/aconteceunovale.com.br\/portal\/wp-content\/uploads\/2013\/12\/estragos_zona_rural_3-150x150.jpg\" class=\"attachment-thumbnail size-thumbnail\" alt=\"\" \/><\/a>\n\t\t\t<\/div><\/figure>\n\t\t<\/div>\n<\/p>\n<p>Fotos: Cleuber Luiz<\/p>\n","protected":false},"excerpt":{"rendered":"<p>Por Tico Neves\/Cleuber Luiz Ap\u00f3s 12 horas de chuvas sem parar, Capelinha amanheceu nesta ter\u00e7a-feira, 17 de dezembro, com marcas de destrui\u00e7\u00f5es em v\u00e1rios pontos da cidade. O saldo negativo registra at\u00e9 o momento o desabamento de uma resid\u00eancia na rua Sebasti\u00e3o da Luz, entre os bairros S\u00e3o Geraldo e Piedade, sendo provocado pelo deslizamento [&hellip;]<\/p>\n","protected":false},"author":1,"featured_media":15740,"comment_status":"open","ping_status":"closed","sticky":false,"template":"","format":"standard","meta":{"amp_status":"","footnotes":""},"categories":[120],"tags":[1165,1834,1835,1836],"class_list":["post-15729","post","type-post","status-publish","format-standard","has-post-thumbnail","hentry","category-jequi","tag-chuvas-em-capelinha","tag-chuvas-em-capelinha-no-vale-do-jequitinhonha","tag-deslisamento-de-terra-em-capelinha","tag-situacao-de-emergencia-em-capelinha-no-vale-do-jequitinhonha"],"_links":{"self":[{"href":"https:\/\/aconteceunovale.com.br\/portal\/index.php?rest_route=\/wp\/v2\/posts\/15729","targetHints":{"allow":["GET"]}}],"collection":[{"href":"https:\/\/aconteceunovale.com.br\/portal\/index.php?rest_route=\/wp\/v2\/posts"}],"about":[{"href":"https:\/\/aconteceunovale.com.br\/portal\/index.php?rest_route=\/wp\/v2\/types\/post"}],"author":[{"embeddable":true,"href":"https:\/\/aconteceunovale.com.br\/portal\/index.php?rest_route=\/wp\/v2\/users\/1"}],"replies":[{"embeddable":true,"href":"https:\/\/aconteceunovale.com.br\/portal\/index.php?rest_route=%2Fwp%2Fv2%2Fcomments&post=15729"}],"version-history":[{"count":0,"href":"https:\/\/aconteceunovale.com.br\/portal\/index.php?rest_route=\/wp\/v2\/posts\/15729\/revisions"}],"wp:featuredmedia":[{"embeddable":true,"href":"https:\/\/aconteceunovale.com.br\/portal\/index.php?rest_route=\/wp\/v2\/media\/15740"}],"wp:attachment":[{"href":"https:\/\/aconteceunovale.com.br\/portal\/index.php?rest_route=%2Fwp%2Fv2%2Fmedia&parent=15729"}],"wp:term":[{"taxonomy":"category","embeddable":true,"href":"https:\/\/aconteceunovale.com.br\/portal\/index.php?rest_route=%2Fwp%2Fv2%2Fcategories&post=15729"},{"taxonomy":"post_tag","embeddable":true,"href":"https:\/\/aconteceunovale.com.br\/portal\/index.php?rest_route=%2Fwp%2Fv2%2Ftags&post=15729"}],"curies":[{"name":"wp","href":"https:\/\/api.w.org\/{rel}","templated":true}]}}