{"id":157286,"date":"2020-01-11T19:19:54","date_gmt":"2020-01-11T22:19:54","guid":{"rendered":"http:\/\/aconteceunovale.com.br\/portal\/?p=157286"},"modified":"2020-01-11T19:22:13","modified_gmt":"2020-01-11T22:22:13","slug":"ira-admite-abate-de-aviao-ucraniano","status":"publish","type":"post","link":"https:\/\/aconteceunovale.com.br\/portal\/?p=157286","title":{"rendered":"Ir\u00e3 admite abate de avi\u00e3o ucraniano"},"content":{"rendered":"\n<p class=\"wp-block-paragraph\">O presidente do Ir\u00e3,\u00a0Hassan Rouhani, afirmou hoje (11\/01\/2020) que o pa\u00eds &#8220;lamenta profundamente&#8221; ter abatido um avi\u00e3o civil ucraniano, sublinhando tratar-se de &#8220;uma grande trag\u00e9dia e um erro imperdo\u00e1vel&#8221;. O l\u00edder supremo do Ir\u00e3 foi informado ontem (10) das investiga\u00e7\u00f5es e exigiu que a informa\u00e7\u00e3o fosse tornada p\u00fablica. O avi\u00e3o foi confundido com um m\u00edssil de cruzeiro.<\/p>\n\n\n\n<p class=\"wp-block-paragraph\">&#8220;O inqu\u00e9rito interno das for\u00e7as armadas concluiu que\u00a0lamentavelmente m\u00edsseis lan\u00e7ados devido a erro humano provocaram a queda horr\u00edvel do avi\u00e3o ucraniano e a morte de 176 inocentes&#8221;, admitiu Rouhani, numa mensagem divulgada na rede social Twitter.<\/p>\n\n\n\n<p class=\"wp-block-paragraph\">&#8220;As investiga\u00e7\u00f5es continuam para identificar e levar \u00e0 justi\u00e7a&#8221; os respons\u00e1veis, acrescentou, classificando o abate do avi\u00e3o como &#8220;uma grande trag\u00e9dia e um erro imperdo\u00e1vel&#8221;.&nbsp;<\/p>\n\n\n\n<p class=\"wp-block-paragraph\">Em um segundo tweet, Rouhani diz que o Ir\u00e3 \u201clamenta profundamente esse erro desastroso\u201d. \u201cOs meus pensamentos e ora\u00e7\u00f5es v\u00e3o para todas as fam\u00edlias de luto. Ofere\u00e7o as minhas mais sinceras condol\u00eancias\u201d, acrescentou.<\/p>\n\n\n\n<p class=\"wp-block-paragraph\">Tamb\u00e9m o ministro dos Neg\u00f3cios Estrangeiros iraniano,&nbsp;Javad Zarif, apresentou &#8220;as desculpas&#8221; do pa\u00eds pela cat\u00e1strofe envolvendo o Boeing 737 da companhia Ukrainian Airlines, depois de as for\u00e7as armadas terem igualmente reconhecido que o avi\u00e3o foi abatido por erro.<\/p>\n\n\n\n<p class=\"wp-block-paragraph\">&#8220;Dia triste&#8221;, escreveu Mohammmad Javad Zarif no Twitter. Um&nbsp;&#8220;erro humano em tempos de crise causada pelo aventureirismo norte-americano levaram ao desastre&#8221;,&nbsp;acrescentou.<\/p>\n\n\n\n<p class=\"wp-block-paragraph\">&#8220;O nosso profundo arrependimento, desculpas e condol\u00eancias ao nosso povo, \u00e0s fam\u00edlias das v\u00edtimas e \u00e0s outras na\u00e7\u00f5es afetadas&#8221; pelo drama, disse o ministro.<\/p>\n\n\n\n<p class=\"wp-block-paragraph\">O Estado-maior das for\u00e7as armadas do Ir\u00e3 garantiu \u00e0 popula\u00e7\u00e3o do pa\u00eds que &#8220;o respons\u00e1vel&#8221; pela trag\u00e9dia do Boeing,\u00a0abatido na quinta-feira\u00a0(9) nos arredores de Teer\u00e3, vai ser imediatamente apresentado \u00e0 Justi\u00e7a militar.<\/p>\n\n\n\n<p class=\"wp-block-paragraph\">&#8220;Garantimos que ao realizar reformas fundamentais nos processos operacionais ao n\u00edvel das for\u00e7as armadas, vamos tornar imposs\u00edvel a repeti\u00e7\u00e3o de tais erros&#8221;, acrescentou, em comunicado.<\/p>\n\n\n\n<p class=\"wp-block-paragraph\">A ag\u00eancia de not\u00edcias iraniana Fars adianta que&nbsp;o aiatol\u00e1 Ali Khamenei, l\u00edder supremo do Ir\u00e3, foi informado das conclus\u00f5es das for\u00e7as armadas nesta sexta-feira&nbsp;e, depois de uma reuni\u00e3o com a c\u00fapula de seguran\u00e7a do pa\u00eds, decidiu que a&nbsp;informa\u00e7\u00e3o deveria ser anunciada publicamente.<\/p>\n\n\n\n<p class=\"wp-block-paragraph\">Em uma comunica\u00e7\u00e3o publicada em sua p\u00e1gina na internet, ele exortou que se fa\u00e7a o necess\u00e1rio para \u201cevitar a repeti\u00e7\u00e3o de acidentes\u201d, eliminando qualquer tipo de neglig\u00eancia. Ele tamb\u00e9m apelou \u00e0s for\u00e7as armadas que &#8220;investiguem as prov\u00e1veis falhas e culpas no doloroso incidente&#8221;.<\/p>\n\n\n\n<figure class=\"wp-block-image size-large is-resized\"><img loading=\"lazy\" decoding=\"async\" src=\"http:\/\/aconteceunovale.com.br\/portal\/wp-content\/uploads\/2020\/01\/acidente_ira_1.jpg\" alt=\"\" class=\"wp-image-157062\" width=\"730\" height=\"486\" srcset=\"https:\/\/aconteceunovale.com.br\/portal\/wp-content\/uploads\/2020\/01\/acidente_ira_1.jpg 675w, https:\/\/aconteceunovale.com.br\/portal\/wp-content\/uploads\/2020\/01\/acidente_ira_1-300x200.jpg 300w, https:\/\/aconteceunovale.com.br\/portal\/wp-content\/uploads\/2020\/01\/acidente_ira_1-630x420.jpg 630w\" sizes=\"auto, (max-width: 730px) 100vw, 730px\" \/><\/figure>\n\n\n\n<h2 class=\"wp-block-heading\">Avi\u00e3o confundido com m\u00edssil<\/h2>\n\n\n\n<p class=\"wp-block-paragraph\">Mais cedo, a televis\u00e3o estatal iraniana difundiu uma declara\u00e7\u00e3o militar que atribu\u00eda o abate da aeronave a um erro.<\/p>\n\n\n\n<p class=\"wp-block-paragraph\">O avi\u00e3o ucraniano voou perto de \u201cum centro militar sens\u00edvel\u201d da Guarda Revolucion\u00e1ria. Devido \u00e0s tens\u00f5es com os Estados Unidos, os militares estavam no n\u00edvel mais elevado de prontid\u00e3o. \u201cNestas condi\u00e7\u00f5es,&nbsp;devido a um erro humano e de uma forma n\u00e3o intencional, o avi\u00e3o foi atingido\u201d.<\/p>\n\n\n\n<p class=\"wp-block-paragraph\">O avi\u00e3o ucraniano foi confundido com um m\u00edssil de cruzeiro, revelou mais tarde um comandante da Guarda Revolucion\u00e1ria na televis\u00e3o estatal iraniana.&nbsp;O aparelho foi abatido por um m\u00edssil de curta dist\u00e2ncia, revelou o respons\u00e1vel da divis\u00e3o a\u00e9rea Amirali Hajizadeh, dizendo que o m\u00edssil explodiu ao lado do avi\u00e3o.<\/p>\n\n\n\n<p class=\"wp-block-paragraph\">\u201cQuem me dera poder morrer e n\u00e3o assistir a um acidente como este\u201d, acrescentou Hajizadeh.<\/p>\n\n\n\n<p class=\"wp-block-paragraph\">Um soldado teria disparado sem ordem devido a um \u201ccongestionamento de telecomunica\u00e7\u00f5es\u201d, disse o general.<\/p>\n\n\n\n<p class=\"wp-block-paragraph\">At\u00e9 o momento, o\u00a0Ir\u00e3 negava\u00a0que um m\u00edssil fosse respons\u00e1vel pelo acidente. No entanto, os Estados Unidos e o Canad\u00e1 afirmaram, citando informa\u00e7\u00f5es dos respectivos servi\u00e7os de seguran\u00e7a, que o acidente foi causado por um m\u00edssil iraniano.<\/p>\n\n\n\n<p class=\"wp-block-paragraph\">O&nbsp;<em>New York Times<\/em>&nbsp;divulgou um&nbsp;v\u00eddeo do momento em que o m\u00edssil atingia o avi\u00e3o.<\/p>\n\n\n\n<p class=\"wp-block-paragraph\">O Boeing 737 da companhia a\u00e9rea Ukrainian International Airlines, decolou de Teer\u00e3, com destino a Kiev, caindo dois minutos ap\u00f3s a descolagem nos arredores da capital iraniana.<\/p>\n\n\n\n<p class=\"wp-block-paragraph\">O acidente ocorreu horas depois do lan\u00e7amento de 22 m\u00edsseis iranianos contra duas bases da coliga\u00e7\u00e3o internacional liderada pelos Estados Unidos, em Ain Assad e Erbil, no Iraque, numa opera\u00e7\u00e3o de vingan\u00e7a pela morte do general iraniano Qassem Soleimani.<\/p>\n\n\n\n<p class=\"wp-block-paragraph\">A aeronave, que seguia para Kiev, transportava 167 passageiros e nove tripulantes de v\u00e1rias nacionalidades, incluindo 82 iranianos, 57 canadenses, 11 ucranianos, dez suecos, quatro afeg\u00e3os, tr\u00eas alem\u00e3es e tr\u00eas brit\u00e2nicos. Ucr\u00e2nia e Canad\u00e1 exigem investiga\u00e7\u00e3o completa.<\/p>\n\n\n\n<p class=\"wp-block-paragraph\">O presidente ucraniano exige que o Ir\u00e3 assuma inteiramente as responsabilidades. \u201cEsperamos do Ir\u00e3 garantias da sua abertura para uma completa e transparente investiga\u00e7\u00e3o, trazendo os respons\u00e1veis \u00e0 Justi\u00e7a, a entrega dos corpos, o pagamento de uma indemniza\u00e7\u00e3o e desculpas oficiais atrav\u00e9s dos canais diplom\u00e1ticos\u201d, adiantou Volodymyr Zelenskiy.<\/p>\n\n\n\n<p class=\"wp-block-paragraph\">O primeiro-ministro do Canad\u00e1 exigiu igualmente &#8220;transpar\u00eancia&#8221; na realiza\u00e7\u00e3o de um &#8220;inqu\u00e9rito completo e aprofundado&#8221; para apurar as responsabilidades.<\/p>\n\n\n\n<p class=\"wp-block-paragraph\">&#8220;A nossa prioridade continua a ser esclarecer este caso num esp\u00edrito de transpar\u00eancia e Justi\u00e7a&#8221;, afirmou Justin Trudeau, em comunicado.<\/p>\n\n\n\n<p class=\"wp-block-paragraph\">&#8220;Esta \u00e9 uma trag\u00e9dia nacional e todos os canadenses est\u00e3o de luto. Vamos continuar trabalhando com os nossos parceiros em todo o mundo para garantir a realiza\u00e7\u00e3o de um inqu\u00e9rito completo e aprofundado&#8221;, afirmou.<\/p>\n\n\n\n<p class=\"wp-block-paragraph\">Trudeau acrescentou que &#8220;o governo do Canad\u00e1 espera a plena colabora\u00e7\u00e3o das autoridades iranianas&#8221;.<\/p>\n\n\n\n<p class=\"wp-block-paragraph\">J\u00e1 o respons\u00e1vel pela companhia a\u00e9rea ucraniana disse que nunca teve d\u00favidas de que o acidente n\u00e3o tinha sido causado por qualquer problema do avi\u00e3o. O aparelho tinha apenas quatro anos e dois dias antes passou por uma inspe\u00e7\u00e3o peri\u00f3dica, que n\u00e3o detectou qualquer problema.<\/p>\n\n\n\n<p class=\"has-text-color has-background has-very-light-gray-color has-very-dark-gray-background-color wp-block-paragraph\">Quer saber as not\u00edcias do <strong>Aconteceu no Vale<\/strong> em primeira m\u00e3o? Siga-nos no Facebook <a rel=\"noreferrer noopener\" href=\"http:\/\/facebook.com\/aconteceunovale\" target=\"_blank\">@aconteceunovale<\/a>, Twitter <a rel=\"noreferrer noopener\" href=\"https:\/\/twitter.com\/noticiadosvales\" target=\"_blank\">@noticiadosvales<\/a> e Instagram <a rel=\"noreferrer noopener\" href=\"https:\/\/www.instagram.com\/aconteceunovale\" target=\"_blank\">@aconteceunovale<\/a>.<\/p>\n","protected":false},"excerpt":{"rendered":"<p>O presidente do Ir\u00e3,\u00a0Hassan Rouhani, afirmou hoje (11\/01\/2020) que o pa\u00eds &#8220;lamenta profundamente&#8221; ter abatido um avi\u00e3o civil ucraniano, sublinhando tratar-se de &#8220;uma grande trag\u00e9dia e um erro imperdo\u00e1vel&#8221;. O l\u00edder supremo do Ir\u00e3 foi informado ontem (10) das investiga\u00e7\u00f5es e exigiu que a informa\u00e7\u00e3o fosse tornada p\u00fablica. O avi\u00e3o foi confundido com um m\u00edssil [&hellip;]<\/p>\n","protected":false},"author":1,"featured_media":157064,"comment_status":"open","ping_status":"closed","sticky":false,"template":"","format":"standard","meta":{"amp_status":"","footnotes":""},"categories":[28848],"tags":[214294,213979,213969,213968,213974,213972,213515,213970,213512,213506,213509,213517,213507,213967,213528,213527,213684,213632,213631,213633,1018,79020,213647,213688,15469,50315,213534,213526,213525,213932,213930,213931,137642,214296,214295,213921,213923,213922,213926,213925,213924,213928,213927,213929,21608,213513,213971,213514,213516,946,213648,213976,213511,213977,213965,213966,213973,213975,213964,213510,213508,213524,213978],"class_list":["post-157286","post","type-post","status-publish","format-standard","has-post-thumbnail","hentry","category-mundo","tag-abate-de-aviao-ucraniano","tag-acidente-com-aviao-da-ukraine-international-airlines","tag-acidente-com-aviao-em-teera","tag-acidente-com-aviao-na-capital-do-ira","tag-acidente-com-aviao-no-aeroporto-internacional-imam-khomeini","tag-acidente-com-aviao-ucraniano-em-teera","tag-adel-abdul-mahdi","tag-aeroporto-internacional-imam-khomeini","tag-ali-khamenei","tag-ataque-ao-ira","tag-ataque-dos-estados-unidos-ao-ira","tag-ataque-dos-estados-unidos-ao-ira-gera-tensao-entre-lideres-mundiais","tag-ataque-dos-eua-ao-ira","tag-aviao-com-quase-200-pessoas-cai-na-capital-do-ira","tag-conflito-entre-estados-unidos-e-ira","tag-conflito-entre-eua-e-ira","tag-conselheiro-militar-do-ira-diz-que-pais-vai-reagir-a-ataque-dos-estados-unidos","tag-crise-entre-ira-e-eua","tag-crise-no-oriente-medio","tag-crise-no-oriente-medio-deve-provocar-aumento-de-combustiveis","tag-destaque","tag-donald-trump","tag-donald-trump-ameaca-atingir-52-alvos-iranianos","tag-donald-trump-promete-forte-retaliacao-caso-ira-contra-ataque","tag-estados-unidos","tag-eua","tag-eua-enviam-mais-3-mil-soldados-ao-oriente-medio","tag-guerra-entre-estados-unidos-e-ira","tag-guerra-entre-eua-e-ira","tag-inicio-de-guerra-entre-ira-e-estados-unidos","tag-inicio-de-guerra-entre-ira-e-eua","tag-inicio-de-guerra-entre-ira-e-usa","tag-ira","tag-ira-admite-abate-de-aviao-ucraniano","tag-ira-admite-abate-de-aviao-ucraniano-e-reconhece-erro","tag-ira-ataca-alvos-dos-estados-unidos-no-iraque","tag-ira-ataca-alvos-dos-eua-no-iraque","tag-ira-ataca-alvos-norte-americanos","tag-ira-ataca-alvos-norte-americanos-no-iraque","tag-ira-ataca-estados-unidos","tag-ira-ataca-eua","tag-ira-dispara-misseis-contra-alvos-dos-estados-unidos-no-iraque","tag-ira-dispara-misseis-contra-alvos-dos-eua-no-iraque","tag-ira-dispara-misseis-contra-alvos-norte-americanos-no-iraque","tag-iraque","tag-javad-zariff","tag-kiev","tag-major-soleimani","tag-morte-de-qassem-soleimani","tag-papa-francisco","tag-papa-pede-dialogo-e-autocontrole","tag-pir-hossein-kulivand","tag-qassem-soleimani","tag-queda-de-aviao-da-ukraine-international-airlines","tag-queda-de-aviao-em-teera","tag-queda-de-aviao-na-capital-do-ira","tag-queda-de-aviao-no-aeroporto-internacional-imam-khomeini","tag-reza-jafarzadeh","tag-teera","tag-tensao-entre-estados-unidos-e-ira","tag-tensao-entre-eua-e-ira","tag-terceira-guerra-mundial","tag-ukraine-international-airlines"],"yoast_head":"<!-- This site is optimized with the Yoast SEO plugin v28.3 - https:\/\/yoast.com\/product\/yoast-seo-wordpress\/ -->\n<title>Ir\u00e3 admite abate de avi\u00e3o ucraniano - Aconteceu no Vale<\/title>\n<meta name=\"robots\" content=\"index, follow, max-snippet:-1, max-image-preview:large, max-video-preview:-1\" \/>\n<link rel=\"canonical\" href=\"https:\/\/aconteceunovale.com.br\/portal\/?p=157286\" \/>\n<meta property=\"og:locale\" content=\"pt_BR\" \/>\n<meta property=\"og:type\" content=\"article\" \/>\n<meta property=\"og:title\" content=\"Ir\u00e3 admite abate de avi\u00e3o ucraniano - Aconteceu no Vale\" \/>\n<meta property=\"og:description\" content=\"O presidente do Ir\u00e3,\u00a0Hassan Rouhani, afirmou hoje (11\/01\/2020) que o pa\u00eds &#8220;lamenta profundamente&#8221; ter abatido um avi\u00e3o civil ucraniano, sublinhando tratar-se de &#8220;uma grande trag\u00e9dia e um erro imperdo\u00e1vel&#8221;. O l\u00edder supremo do Ir\u00e3 foi informado ontem (10) das investiga\u00e7\u00f5es e exigiu que a informa\u00e7\u00e3o fosse tornada p\u00fablica. O avi\u00e3o foi confundido com um m\u00edssil [&hellip;]\" \/>\n<meta property=\"og:url\" content=\"https:\/\/aconteceunovale.com.br\/portal\/?p=157286\" \/>\n<meta property=\"og:site_name\" content=\"Aconteceu no Vale\" \/>\n<meta property=\"article:publisher\" content=\"https:\/\/www.facebook.com\/aconteceunovale\/\" \/>\n<meta property=\"article:published_time\" content=\"2020-01-11T22:19:54+00:00\" \/>\n<meta property=\"article:modified_time\" content=\"2020-01-11T22:22:13+00:00\" \/>\n<meta property=\"og:image\" content=\"https:\/\/aconteceunovale.com.br\/portal\/wp-content\/uploads\/2020\/01\/acidente_ira_3.jpg\" \/>\n\t<meta property=\"og:image:width\" content=\"598\" \/>\n\t<meta property=\"og:image:height\" content=\"416\" \/>\n\t<meta property=\"og:image:type\" content=\"image\/jpeg\" \/>\n<meta name=\"author\" content=\"Aconteceu no Vale\" \/>\n<meta name=\"twitter:card\" content=\"summary_large_image\" \/>\n<meta name=\"twitter:creator\" content=\"@noticiadosvales\" \/>\n<meta name=\"twitter:site\" content=\"@noticiadosvales\" \/>\n<meta name=\"twitter:label1\" content=\"Escrito por\" \/>\n\t<meta name=\"twitter:data1\" content=\"Aconteceu no Vale\" \/>\n\t<meta name=\"twitter:label2\" content=\"Est. tempo de leitura\" \/>\n\t<meta name=\"twitter:data2\" content=\"5 minutos\" \/>\n<script type=\"application\/ld+json\" class=\"yoast-schema-graph\">{\"@context\":\"https:\\\/\\\/schema.org\",\"@graph\":[{\"@type\":\"Article\",\"@id\":\"https:\\\/\\\/aconteceunovale.com.br\\\/portal\\\/?p=157286#article\",\"isPartOf\":{\"@id\":\"https:\\\/\\\/aconteceunovale.com.br\\\/portal\\\/?p=157286\"},\"author\":{\"name\":\"Aconteceu no Vale\",\"@id\":\"https:\\\/\\\/aconteceunovale.com.br\\\/portal\\\/#\\\/schema\\\/person\\\/633529146f2c94272bef50ac2953d589\"},\"headline\":\"Ir\u00e3 admite abate de avi\u00e3o ucraniano\",\"datePublished\":\"2020-01-11T22:19:54+00:00\",\"dateModified\":\"2020-01-11T22:22:13+00:00\",\"mainEntityOfPage\":{\"@id\":\"https:\\\/\\\/aconteceunovale.com.br\\\/portal\\\/?p=157286\"},\"wordCount\":1038,\"commentCount\":0,\"image\":{\"@id\":\"https:\\\/\\\/aconteceunovale.com.br\\\/portal\\\/?p=157286#primaryimage\"},\"thumbnailUrl\":\"https:\\\/\\\/aconteceunovale.com.br\\\/portal\\\/wp-content\\\/uploads\\\/2020\\\/01\\\/acidente_ira_3.jpg\",\"keywords\":[\"Abate de avi\u00e3o ucraniano\",\"Acidente com avi\u00e3o da Ukraine International Airlines\",\"Acidente com avi\u00e3o em Teer\u00e3\",\"Acidente com avi\u00e3o na capital do Ir\u00e3\",\"Acidente com avi\u00e3o no Aeroporto Internacional Imam Khomeini\",\"Acidente com avi\u00e3o ucraniano em Teer\u00e3\",\"Adel Abdul Mahdi\",\"Aeroporto Internacional Imam Khomeini\",\"Ali Khamenei\",\"Ataque ao Ir\u00e3\",\"Ataque dos Estados Unidos ao Ir\u00e3\",\"Ataque dos Estados Unidos ao Ir\u00e3 gera tens\u00e3o entre l\u00edderes mundiais\",\"Ataque dos EUA ao Ir\u00e3\",\"Avi\u00e3o com quase 200 pessoas cai na capital do Ir\u00e3\",\"Conflito entre Estados Unidos e Ir\u00e3\",\"Conflito entre EUA e Ir\u00e3\",\"Conselheiro militar do Ir\u00e3 diz que pa\u00eds vai reagir a ataque dos Estados Unidos\",\"Crise entre Ir\u00e3 e EUA\",\"Crise no oriente m\u00e9dio\",\"Crise no Oriente M\u00e9dio deve provocar aumento de combust\u00edveis\",\"destaque\",\"Donald Trump\",\"Donald Trump amea\u00e7a atingir 52 alvos iranianos\",\"Donald Trump promete forte retalia\u00e7\u00e3o caso Ir\u00e3 contra-ataque\",\"Estados Unidos\",\"EUA\",\"EUA enviam mais 3 mil soldados ao Oriente M\u00e9dio\",\"Guerra entre Estados Unidos e Ir\u00e3\",\"Guerra entre EUA e Ir\u00e3\",\"In\u00edcio de guerra entre Ir\u00e3 e Estados Unidos\",\"In\u00edcio de guerra entre Ir\u00e3 e EUA\",\"In\u00edcio de guerra entre Ir\u00e3 e USA\",\"Ir\u00e3\",\"Ir\u00e3 admite abate de avi\u00e3o ucraniano\",\"Ir\u00e3 admite abate de avi\u00e3o ucraniano e reconhece erro\",\"Ir\u00e3 ataca alvos dos Estados Unidos no Iraque\",\"Ir\u00e3 ataca alvos dos EUA no Iraque\",\"Ir\u00e3 ataca alvos norte-americanos\",\"Ir\u00e3 ataca alvos norte-americanos no Iraque\",\"Ir\u00e3 ataca Estados Unidos\",\"Ir\u00e3 ataca EUA\",\"Ir\u00e3 dispara m\u00edsseis contra alvos dos Estados Unidos no Iraque\",\"Ir\u00e3 dispara m\u00edsseis contra alvos dos EUA no Iraque\",\"Ir\u00e3 dispara m\u00edsseis contra alvos norte-americanos no Iraque\",\"Iraque\",\"Javad Zariff\",\"Kiev\",\"Major Soleimani\",\"Morte de Qassem Soleimani\",\"papa francisco\",\"Papa pede di\u00e1logo e autocontrole\",\"Pir Hossein Kulivand\",\"Qassem Soleimani\",\"Queda de avi\u00e3o da Ukraine International Airlines\",\"Queda de avi\u00e3o em Teer\u00e3\",\"Queda de avi\u00e3o na capital do Ir\u00e3\",\"Queda de avi\u00e3o no Aeroporto Internacional Imam Khomeini\",\"Reza Jafarzadeh\",\"Teer\u00e3\",\"Tens\u00e3o entre Estados Unidos e Ir\u00e3\",\"Tens\u00e3o entre EUA e Ir\u00e3\",\"Terceira guerra mundial\",\"Ukraine International Airlines\"],\"articleSection\":[\"Mundo\"],\"inLanguage\":\"pt-BR\",\"potentialAction\":[{\"@type\":\"CommentAction\",\"name\":\"Comment\",\"target\":[\"https:\\\/\\\/aconteceunovale.com.br\\\/portal\\\/?p=157286#respond\"]}]},{\"@type\":\"WebPage\",\"@id\":\"https:\\\/\\\/aconteceunovale.com.br\\\/portal\\\/?p=157286\",\"url\":\"https:\\\/\\\/aconteceunovale.com.br\\\/portal\\\/?p=157286\",\"name\":\"Ir\u00e3 admite abate de avi\u00e3o ucraniano - Aconteceu no Vale\",\"isPartOf\":{\"@id\":\"https:\\\/\\\/aconteceunovale.com.br\\\/portal\\\/#website\"},\"primaryImageOfPage\":{\"@id\":\"https:\\\/\\\/aconteceunovale.com.br\\\/portal\\\/?p=157286#primaryimage\"},\"image\":{\"@id\":\"https:\\\/\\\/aconteceunovale.com.br\\\/portal\\\/?p=157286#primaryimage\"},\"thumbnailUrl\":\"https:\\\/\\\/aconteceunovale.com.br\\\/portal\\\/wp-content\\\/uploads\\\/2020\\\/01\\\/acidente_ira_3.jpg\",\"datePublished\":\"2020-01-11T22:19:54+00:00\",\"dateModified\":\"2020-01-11T22:22:13+00:00\",\"author\":{\"@id\":\"https:\\\/\\\/aconteceunovale.com.br\\\/portal\\\/#\\\/schema\\\/person\\\/633529146f2c94272bef50ac2953d589\"},\"breadcrumb\":{\"@id\":\"https:\\\/\\\/aconteceunovale.com.br\\\/portal\\\/?p=157286#breadcrumb\"},\"inLanguage\":\"pt-BR\",\"potentialAction\":[{\"@type\":\"ReadAction\",\"target\":[\"https:\\\/\\\/aconteceunovale.com.br\\\/portal\\\/?p=157286\"]}]},{\"@type\":\"ImageObject\",\"inLanguage\":\"pt-BR\",\"@id\":\"https:\\\/\\\/aconteceunovale.com.br\\\/portal\\\/?p=157286#primaryimage\",\"url\":\"https:\\\/\\\/aconteceunovale.com.br\\\/portal\\\/wp-content\\\/uploads\\\/2020\\\/01\\\/acidente_ira_3.jpg\",\"contentUrl\":\"https:\\\/\\\/aconteceunovale.com.br\\\/portal\\\/wp-content\\\/uploads\\\/2020\\\/01\\\/acidente_ira_3.jpg\",\"width\":598,\"height\":416},{\"@type\":\"BreadcrumbList\",\"@id\":\"https:\\\/\\\/aconteceunovale.com.br\\\/portal\\\/?p=157286#breadcrumb\",\"itemListElement\":[{\"@type\":\"ListItem\",\"position\":1,\"name\":\"In\u00edcio\",\"item\":\"https:\\\/\\\/aconteceunovale.com.br\\\/portal\\\/\"},{\"@type\":\"ListItem\",\"position\":2,\"name\":\"Ir\u00e3 admite abate de avi\u00e3o ucraniano\"}]},{\"@type\":\"WebSite\",\"@id\":\"https:\\\/\\\/aconteceunovale.com.br\\\/portal\\\/#website\",\"url\":\"https:\\\/\\\/aconteceunovale.com.br\\\/portal\\\/\",\"name\":\"Aconteceu no Vale\",\"description\":\"Portal de Not\u00edcias\",\"potentialAction\":[{\"@type\":\"SearchAction\",\"target\":{\"@type\":\"EntryPoint\",\"urlTemplate\":\"https:\\\/\\\/aconteceunovale.com.br\\\/portal\\\/?s={search_term_string}\"},\"query-input\":{\"@type\":\"PropertyValueSpecification\",\"valueRequired\":true,\"valueName\":\"search_term_string\"}}],\"inLanguage\":\"pt-BR\"},{\"@type\":\"Person\",\"@id\":\"https:\\\/\\\/aconteceunovale.com.br\\\/portal\\\/#\\\/schema\\\/person\\\/633529146f2c94272bef50ac2953d589\",\"name\":\"Aconteceu no Vale\",\"description\":\"Equipe de reportagem do Aconteceu no Vale, portal de not\u00edcias do Vale do Jequitinhonha, em Minas Gerais. Cobrimos as 51 cidades do Vale desde 2013. Sugest\u00f5es de pauta e pedidos de corre\u00e7\u00e3o: contato@aconteceunovale.com.br\",\"sameAs\":[\"http:\\\/\\\/www.aconteceunovale.com.br\"],\"url\":\"https:\\\/\\\/aconteceunovale.com.br\\\/portal\\\/?author=1\"}]}<\/script>\n<!-- \/ Yoast SEO plugin. -->","yoast_head_json":{"title":"Ir\u00e3 admite abate de avi\u00e3o ucraniano - Aconteceu no Vale","robots":{"index":"index","follow":"follow","max-snippet":"max-snippet:-1","max-image-preview":"max-image-preview:large","max-video-preview":"max-video-preview:-1"},"canonical":"https:\/\/aconteceunovale.com.br\/portal\/?p=157286","og_locale":"pt_BR","og_type":"article","og_title":"Ir\u00e3 admite abate de avi\u00e3o ucraniano - Aconteceu no Vale","og_description":"O presidente do Ir\u00e3,\u00a0Hassan Rouhani, afirmou hoje (11\/01\/2020) que o pa\u00eds &#8220;lamenta profundamente&#8221; ter abatido um avi\u00e3o civil ucraniano, sublinhando tratar-se de &#8220;uma grande trag\u00e9dia e um erro imperdo\u00e1vel&#8221;. O l\u00edder supremo do Ir\u00e3 foi informado ontem (10) das investiga\u00e7\u00f5es e exigiu que a informa\u00e7\u00e3o fosse tornada p\u00fablica. O avi\u00e3o foi confundido com um m\u00edssil [&hellip;]","og_url":"https:\/\/aconteceunovale.com.br\/portal\/?p=157286","og_site_name":"Aconteceu no Vale","article_publisher":"https:\/\/www.facebook.com\/aconteceunovale\/","article_published_time":"2020-01-11T22:19:54+00:00","article_modified_time":"2020-01-11T22:22:13+00:00","og_image":[{"width":598,"height":416,"url":"https:\/\/aconteceunovale.com.br\/portal\/wp-content\/uploads\/2020\/01\/acidente_ira_3.jpg","type":"image\/jpeg"}],"author":"Aconteceu no Vale","twitter_card":"summary_large_image","twitter_creator":"@noticiadosvales","twitter_site":"@noticiadosvales","twitter_misc":{"Escrito por":"Aconteceu no Vale","Est. tempo de leitura":"5 minutos"},"schema":{"@context":"https:\/\/schema.org","@graph":[{"@type":"Article","@id":"https:\/\/aconteceunovale.com.br\/portal\/?p=157286#article","isPartOf":{"@id":"https:\/\/aconteceunovale.com.br\/portal\/?p=157286"},"author":{"name":"Aconteceu no Vale","@id":"https:\/\/aconteceunovale.com.br\/portal\/#\/schema\/person\/633529146f2c94272bef50ac2953d589"},"headline":"Ir\u00e3 admite abate de avi\u00e3o ucraniano","datePublished":"2020-01-11T22:19:54+00:00","dateModified":"2020-01-11T22:22:13+00:00","mainEntityOfPage":{"@id":"https:\/\/aconteceunovale.com.br\/portal\/?p=157286"},"wordCount":1038,"commentCount":0,"image":{"@id":"https:\/\/aconteceunovale.com.br\/portal\/?p=157286#primaryimage"},"thumbnailUrl":"https:\/\/aconteceunovale.com.br\/portal\/wp-content\/uploads\/2020\/01\/acidente_ira_3.jpg","keywords":["Abate de avi\u00e3o ucraniano","Acidente com avi\u00e3o da Ukraine International Airlines","Acidente com avi\u00e3o em Teer\u00e3","Acidente com avi\u00e3o na capital do Ir\u00e3","Acidente com avi\u00e3o no Aeroporto Internacional Imam Khomeini","Acidente com avi\u00e3o ucraniano em Teer\u00e3","Adel Abdul Mahdi","Aeroporto Internacional Imam Khomeini","Ali Khamenei","Ataque ao Ir\u00e3","Ataque dos Estados Unidos ao Ir\u00e3","Ataque dos Estados Unidos ao Ir\u00e3 gera tens\u00e3o entre l\u00edderes mundiais","Ataque dos EUA ao Ir\u00e3","Avi\u00e3o com quase 200 pessoas cai na capital do Ir\u00e3","Conflito entre Estados Unidos e Ir\u00e3","Conflito entre EUA e Ir\u00e3","Conselheiro militar do Ir\u00e3 diz que pa\u00eds vai reagir a ataque dos Estados Unidos","Crise entre Ir\u00e3 e EUA","Crise no oriente m\u00e9dio","Crise no Oriente M\u00e9dio deve provocar aumento de combust\u00edveis","destaque","Donald Trump","Donald Trump amea\u00e7a atingir 52 alvos iranianos","Donald Trump promete forte retalia\u00e7\u00e3o caso Ir\u00e3 contra-ataque","Estados Unidos","EUA","EUA enviam mais 3 mil soldados ao Oriente M\u00e9dio","Guerra entre Estados Unidos e Ir\u00e3","Guerra entre EUA e Ir\u00e3","In\u00edcio de guerra entre Ir\u00e3 e Estados Unidos","In\u00edcio de guerra entre Ir\u00e3 e EUA","In\u00edcio de guerra entre Ir\u00e3 e USA","Ir\u00e3","Ir\u00e3 admite abate de avi\u00e3o ucraniano","Ir\u00e3 admite abate de avi\u00e3o ucraniano e reconhece erro","Ir\u00e3 ataca alvos dos Estados Unidos no Iraque","Ir\u00e3 ataca alvos dos EUA no Iraque","Ir\u00e3 ataca alvos norte-americanos","Ir\u00e3 ataca alvos norte-americanos no Iraque","Ir\u00e3 ataca Estados Unidos","Ir\u00e3 ataca EUA","Ir\u00e3 dispara m\u00edsseis contra alvos dos Estados Unidos no Iraque","Ir\u00e3 dispara m\u00edsseis contra alvos dos EUA no Iraque","Ir\u00e3 dispara m\u00edsseis contra alvos norte-americanos no Iraque","Iraque","Javad Zariff","Kiev","Major Soleimani","Morte de Qassem Soleimani","papa francisco","Papa pede di\u00e1logo e autocontrole","Pir Hossein Kulivand","Qassem Soleimani","Queda de avi\u00e3o da Ukraine International Airlines","Queda de avi\u00e3o em Teer\u00e3","Queda de avi\u00e3o na capital do Ir\u00e3","Queda de avi\u00e3o no Aeroporto Internacional Imam Khomeini","Reza Jafarzadeh","Teer\u00e3","Tens\u00e3o entre Estados Unidos e Ir\u00e3","Tens\u00e3o entre EUA e Ir\u00e3","Terceira guerra mundial","Ukraine International Airlines"],"articleSection":["Mundo"],"inLanguage":"pt-BR","potentialAction":[{"@type":"CommentAction","name":"Comment","target":["https:\/\/aconteceunovale.com.br\/portal\/?p=157286#respond"]}]},{"@type":"WebPage","@id":"https:\/\/aconteceunovale.com.br\/portal\/?p=157286","url":"https:\/\/aconteceunovale.com.br\/portal\/?p=157286","name":"Ir\u00e3 admite abate de avi\u00e3o ucraniano - Aconteceu no Vale","isPartOf":{"@id":"https:\/\/aconteceunovale.com.br\/portal\/#website"},"primaryImageOfPage":{"@id":"https:\/\/aconteceunovale.com.br\/portal\/?p=157286#primaryimage"},"image":{"@id":"https:\/\/aconteceunovale.com.br\/portal\/?p=157286#primaryimage"},"thumbnailUrl":"https:\/\/aconteceunovale.com.br\/portal\/wp-content\/uploads\/2020\/01\/acidente_ira_3.jpg","datePublished":"2020-01-11T22:19:54+00:00","dateModified":"2020-01-11T22:22:13+00:00","author":{"@id":"https:\/\/aconteceunovale.com.br\/portal\/#\/schema\/person\/633529146f2c94272bef50ac2953d589"},"breadcrumb":{"@id":"https:\/\/aconteceunovale.com.br\/portal\/?p=157286#breadcrumb"},"inLanguage":"pt-BR","potentialAction":[{"@type":"ReadAction","target":["https:\/\/aconteceunovale.com.br\/portal\/?p=157286"]}]},{"@type":"ImageObject","inLanguage":"pt-BR","@id":"https:\/\/aconteceunovale.com.br\/portal\/?p=157286#primaryimage","url":"https:\/\/aconteceunovale.com.br\/portal\/wp-content\/uploads\/2020\/01\/acidente_ira_3.jpg","contentUrl":"https:\/\/aconteceunovale.com.br\/portal\/wp-content\/uploads\/2020\/01\/acidente_ira_3.jpg","width":598,"height":416},{"@type":"BreadcrumbList","@id":"https:\/\/aconteceunovale.com.br\/portal\/?p=157286#breadcrumb","itemListElement":[{"@type":"ListItem","position":1,"name":"In\u00edcio","item":"https:\/\/aconteceunovale.com.br\/portal\/"},{"@type":"ListItem","position":2,"name":"Ir\u00e3 admite abate de avi\u00e3o ucraniano"}]},{"@type":"WebSite","@id":"https:\/\/aconteceunovale.com.br\/portal\/#website","url":"https:\/\/aconteceunovale.com.br\/portal\/","name":"Aconteceu no Vale","description":"Portal de Not\u00edcias","potentialAction":[{"@type":"SearchAction","target":{"@type":"EntryPoint","urlTemplate":"https:\/\/aconteceunovale.com.br\/portal\/?s={search_term_string}"},"query-input":{"@type":"PropertyValueSpecification","valueRequired":true,"valueName":"search_term_string"}}],"inLanguage":"pt-BR"},{"@type":"Person","@id":"https:\/\/aconteceunovale.com.br\/portal\/#\/schema\/person\/633529146f2c94272bef50ac2953d589","name":"Aconteceu no Vale","description":"Equipe de reportagem do Aconteceu no Vale, portal de not\u00edcias do Vale do Jequitinhonha, em Minas Gerais. Cobrimos as 51 cidades do Vale desde 2013. Sugest\u00f5es de pauta e pedidos de corre\u00e7\u00e3o: contato@aconteceunovale.com.br","sameAs":["http:\/\/www.aconteceunovale.com.br"],"url":"https:\/\/aconteceunovale.com.br\/portal\/?author=1"}]}},"_links":{"self":[{"href":"https:\/\/aconteceunovale.com.br\/portal\/index.php?rest_route=\/wp\/v2\/posts\/157286","targetHints":{"allow":["GET"]}}],"collection":[{"href":"https:\/\/aconteceunovale.com.br\/portal\/index.php?rest_route=\/wp\/v2\/posts"}],"about":[{"href":"https:\/\/aconteceunovale.com.br\/portal\/index.php?rest_route=\/wp\/v2\/types\/post"}],"author":[{"embeddable":true,"href":"https:\/\/aconteceunovale.com.br\/portal\/index.php?rest_route=\/wp\/v2\/users\/1"}],"replies":[{"embeddable":true,"href":"https:\/\/aconteceunovale.com.br\/portal\/index.php?rest_route=%2Fwp%2Fv2%2Fcomments&post=157286"}],"version-history":[{"count":1,"href":"https:\/\/aconteceunovale.com.br\/portal\/index.php?rest_route=\/wp\/v2\/posts\/157286\/revisions"}],"predecessor-version":[{"id":157287,"href":"https:\/\/aconteceunovale.com.br\/portal\/index.php?rest_route=\/wp\/v2\/posts\/157286\/revisions\/157287"}],"wp:featuredmedia":[{"embeddable":true,"href":"https:\/\/aconteceunovale.com.br\/portal\/index.php?rest_route=\/wp\/v2\/media\/157064"}],"wp:attachment":[{"href":"https:\/\/aconteceunovale.com.br\/portal\/index.php?rest_route=%2Fwp%2Fv2%2Fmedia&parent=157286"}],"wp:term":[{"taxonomy":"category","embeddable":true,"href":"https:\/\/aconteceunovale.com.br\/portal\/index.php?rest_route=%2Fwp%2Fv2%2Fcategories&post=157286"},{"taxonomy":"post_tag","embeddable":true,"href":"https:\/\/aconteceunovale.com.br\/portal\/index.php?rest_route=%2Fwp%2Fv2%2Ftags&post=157286"}],"curies":[{"name":"wp","href":"https:\/\/api.w.org\/{rel}","templated":true}]}}