{"id":157283,"date":"2020-01-11T19:11:03","date_gmt":"2020-01-11T22:11:03","guid":{"rendered":"http:\/\/aconteceunovale.com.br\/portal\/?p=157283"},"modified":"2020-01-11T19:11:43","modified_gmt":"2020-01-11T22:11:43","slug":"sobe-para-10-o-numero-de-pessoas-internadas-apos-ingestao-de-cerveja-em-minas-gerais","status":"publish","type":"post","link":"https:\/\/aconteceunovale.com.br\/portal\/?p=157283","title":{"rendered":"Sobe para 10 o n\u00famero de pessoas internadas ap\u00f3s ingest\u00e3o de cerveja em Minas Gerais"},"content":{"rendered":"\n<p class=\"wp-block-paragraph\">A Secretaria de Sa\u00fade de Minas Gerais registrou mais dois casos da s\u00edndrome nefroneural que vem alarmando a popula\u00e7\u00e3o mineira. Em nota, a pasta informou que j\u00e1 chega a dez o n\u00famero de casos suspeitos notificados desde 30 dezembro. Um dos pacientes internados morreu na ter\u00e7a-feira (7), em Juiz de Fora, a cerca de 260 quil\u00f4metros da capital, Belo Horizonte. Os outros nove continuam em tratamento. At\u00e9 o fim da tarde de ontem (10), a\u00a0pasta divulgava oito casos, incluindo uma morte.<\/p>\n\n\n\n<p class=\"wp-block-paragraph\">Todos os pacientes chegaram a hospitais de Belo Horizonte, regi\u00e3o metropolitana e de Juiz de Fora com sintomas semelhantes: insufici\u00eancia renal aguda de evolu\u00e7\u00e3o r\u00e1pida (ou seja, que levou a pessoa a ser internada em at\u00e9 72 horas ap\u00f3s o surgimento dos primeiros sintomas) e altera\u00e7\u00f5es neurol\u00f3gicas centrais e perif\u00e9ricas que podem ter provocado paralisia facial, borramento visual ou perda da vis\u00e3o, altera\u00e7\u00e3o sens\u00f3rio ou paralisia, entre outros sintomas. Exames acusaram a presen\u00e7a da subst\u00e2ncia dietilenoglicol no sangue de ao menos tr\u00eas pacientes internados.<\/p>\n\n\n\n<p class=\"wp-block-paragraph\">T\u00f3xico, o dietilenoglicol costuma ser usado em sistemas de refrigera\u00e7\u00e3o, devido a suas propriedades anticongelantes. A Pol\u00edcia Civil suspeita de que lotes de cervejas produzidas pela f\u00e1brica mineira Backer podem ter sido contaminadas pela subst\u00e2ncia e intoxicado os consumidores. Exames realizados pelo Instituto de Criminal\u00edstica da Pol\u00edcia Civil mineira comprovaram a presen\u00e7a do dietilenoglicol em amostras da cerveja pilsen Belorizontina, da Backer. As amostras iniciais foram recolhidas nas resid\u00eancias de pacientes internados e pertencem a dois lotes &#8211; L1 1348 e L2 1348. Representantes da empresa j\u00e1 revelaram que parte dos dois lotes sob suspeita foram vendidos para estabelecimentos do Distrito Federal, de S\u00e3o Paulo e do Esp\u00edrito Santo.<\/p>\n\n\n\n<p class=\"wp-block-paragraph\">Embora o dietilenoglicol possa ser usado tamb\u00e9m no processo de refrigera\u00e7\u00e3o de cervejas, a Backer garante que n\u00e3o o utiliza em nenhuma etapa do processo de fabrica\u00e7\u00e3o de seus produtos. Tamb\u00e9m o presidente da Associa\u00e7\u00e3o Brasileira de Cerveja Artesanal (Abracerva), Carlo Lapolli, disse \u00a0ontem (10) que a\u00a0subst\u00e2ncia raramente \u00e9 empregada\u00a0na produ\u00e7\u00e3o de cervejas. \u201cQuase a totalidade das cervejarias artesanais utiliza \u00e1lcool et\u00edlico [como anticongelante], ou seja, o \u00e1lcool puro, que n\u00e3o oferece nenhum tipo de risco de contamina\u00e7\u00e3o caso entre em contato com a cerveja\u201d, explicou Lapolli, para quem \u00e9 necess\u00e1rio aguardar o aprofundamento das investiga\u00e7\u00f5es a fim de saber como e em que momento as cervejas da Backer podem ter sido contaminadas.<\/p>\n\n\n\n<p class=\"wp-block-paragraph\">De qualquer forma, diante da suspeita, o Minist\u00e9rio da Agricultura, Pecu\u00e1ria e Abastecimento\u00a0decidiu interditar\u00a0a cervejaria Backer\u00a0e apreender, em car\u00e1ter cautelar, 16 mil litros de cervejas que estavam prestes a serem distribu\u00eddos para venda, al\u00e9m do recolhimento das garrafas de Belorizontina dispon\u00edveis em estabelecimentos comerciais.\u00a0<\/p>\n\n\n\n<p class=\"wp-block-paragraph\">Al\u00e9m da Pol\u00edcia Civil, que instaurou inqu\u00e9rito para apurar as circunst\u00e2ncias da contamina\u00e7\u00e3o da bebida, auditores-fiscais agropecu\u00e1rios continuam averiguando a situa\u00e7\u00e3o. Tamb\u00e9m foi criada uma for\u00e7a-tarefa composta por t\u00e9cnicos da secretaria estadual de Sa\u00fade, da secretaria municipal de Belo Horizonte, do Centro de Informa\u00e7\u00f5es Estrat\u00e9gicas em Vigil\u00e2ncia em Sa\u00fade e do Minist\u00e9rio da Sa\u00fade.<\/p>\n\n\n\n<p class=\"wp-block-paragraph\">Em nota divulgada hoje (11), a Backer destaca que a interdi\u00e7\u00e3o de sua f\u00e1brica, em car\u00e1ter cautelar, n\u00e3o representa que a empresa tenha sido responsabilizada administrativa ou criminalmente pelo estado dos pacientes internados devido \u00e0 s\u00edndrome nefroneural. A cervejaria informa ainda que, conforme programada e j\u00e1 anunciado, interrompeu suas atividades para vistoriar todos os seus processos de produ\u00e7\u00e3o.<\/p>\n\n\n\n<p class=\"wp-block-paragraph\">A Backer est\u00e1 recebendo de volta os vasilhames de Belorizontina, mesmo que de outros lotes al\u00e9m dos dois (L1-1348 e L2-1348) sob suspeita das autoridades policiais e sanit\u00e1rias. Caso desejem devolver qualquer garrafa de Belorizontina que tenham guardada em casa, os consumidores devem procurar, a partir de segunda-feira (13) o estabelecimento comercial onde a compraram, levando consigo o cupom fiscal. A cervejaria promete que o cliente ser\u00e1 ressarcido no momento da devolu\u00e7\u00e3o.<\/p>\n\n\n\n<p class=\"wp-block-paragraph\">A secretaria de Sa\u00fade de Belo Horizonte tamb\u00e9m\u00a0colocou nove pontos de recolhimento\u00a0do produto \u00e0 disposi\u00e7\u00e3o dos consumidores que adquiriram a cerveja para consumo pr\u00f3prio e que moram na capital mineira. N\u00e3o ser\u00e3o aceitas devolu\u00e7\u00f5es de bares, restaurantes e supermercados. Todo o material entregue de segunda-feira a sexta-feira, das 8h \u00e0s 17h ficar\u00e1 sob cust\u00f3dia da secretaria at\u00e9 sua destina\u00e7\u00e3o final ser definida.<\/p>\n\n\n\n<p class=\"wp-block-paragraph\">Os pontos de entrega s\u00e3o os seguintes:<\/p>\n\n\n\n<ul class=\"wp-block-list\"><li>Barreiro: Avenida Olinto Meireles, 327 &#8211; Barreiro<\/li><li>Centro-Sul: Avenida Augusto de Lima, 30, 14\u00aa andar &#8211; Centro<\/li><li>Leste: Rua Salinas, 1.447 &#8211; Santa Tereza<\/li><li>Nordeste: Rua Queluzita, 45 &#8211; Bairro S\u00e3o Paulo<\/li><li>Noroeste: Rua Pe\u00e7anha, 144, 5\u00ba andar &#8211; Carlos Prates<\/li><li>Norte: Rua Pastor Murilo Cassete, 85 &#8211; S\u00e3o Bernardo<\/li><li>Oeste: Avenida Silva Lobo, 1.280, 5\u00ba andar &#8211; Nova Granada<\/li><li>Pampulha: Avenida Ant\u00f4nio Carlos, 7.596 &#8211; S\u00e3o Luiz<\/li><li>Venda Nova: Avenida Vilarinho, 1.300, 2\u00ba Piso &#8211; Parque S\u00e3o Pedro<\/li><\/ul>\n\n\n\n<p class=\"has-text-color has-background has-very-light-gray-color has-very-dark-gray-background-color wp-block-paragraph\">Quer saber as not\u00edcias do <strong>Aconteceu no Vale<\/strong> em primeira m\u00e3o? Siga-nos no Facebook <a rel=\"noreferrer noopener\" href=\"http:\/\/facebook.com\/aconteceunovale\" target=\"_blank\">@aconteceunovale<\/a>, Twitter <a rel=\"noreferrer noopener\" href=\"https:\/\/twitter.com\/noticiadosvales\" target=\"_blank\">@noticiadosvales<\/a> e Instagram <a rel=\"noreferrer noopener\" href=\"https:\/\/www.instagram.com\/aconteceunovale\" target=\"_blank\">@aconteceunovale<\/a>.<\/p>\n","protected":false},"excerpt":{"rendered":"<p>A Secretaria de Sa\u00fade de Minas Gerais registrou mais dois casos da s\u00edndrome nefroneural que vem alarmando a popula\u00e7\u00e3o mineira. Em nota, a pasta informou que j\u00e1 chega a dez o n\u00famero de casos suspeitos notificados desde 30 dezembro. Um dos pacientes internados morreu na ter\u00e7a-feira (7), em Juiz de Fora, a cerca de 260 [&hellip;]<\/p>\n","protected":false},"author":1,"featured_media":157284,"comment_status":"open","ping_status":"closed","sticky":false,"template":"","format":"standard","meta":{"amp_status":"","footnotes":""},"categories":[123,40242],"tags":[194,96064,214212,214215,214213,214214,214156,214157,214160,214161,214131,214132,214133,214134,214136,214162,206,214216,19326,214135,1496,214158,214154,214155,214293,219,214159],"class_list":["post-157283","post","type-post","status-publish","format-standard","has-post-thumbnail","hentry","category-gerais","category-saude-2","tag-belo-horizonte","tag-cerveja","tag-cerveja-belorizontina","tag-cerveja-com-produto-quimico","tag-cerveja-contaminada","tag-cervejaria-backer","tag-contaminacao-da-belorizontina","tag-dietilenoglicol","tag-dietilenoglicol-belorizontina","tag-dietilenoglicol-em-cerveja-mineira","tag-doenca-desconhecida","tag-doenca-desconhecida-causa-morte-em-minas-gerais","tag-doenca-desconhecida-em-minas-gerais","tag-doenca-misteriosa-assusta-os-moradores-de-minas-gerais","tag-doenca-misteriosa-causa-morte-em-minas-gerais","tag-elemento-toxico-encontrado-em-cerveja-mineira-ja-causou-centenas-de-mortes-pelo-mundo","tag-juiz-de-fora","tag-ministerio-da-agricultura-interdita-cervejaria-em-belo-horizonte","tag-ministerio-da-saude","tag-morte-por-doenca-misteriosa-em-minas-gerais","tag-nova-lima","tag-problema-com-belorizontina","tag-produto-quimico-encontrado-em-cerveja-mineira-ja-causou-centenas-de-mortes-pelo-mundo","tag-produto-quimico-encontrado-na-cerveja-belorizontina-ja-causou-centenas-de-mortes-pelo-mundo","tag-sobe-para-10-o-numero-de-pessoas-internadas-apos-ingestao-de-cerveja-em-minas-gerais","tag-uba","tag-veneno-na-belorizontina"],"yoast_head":"<!-- This site is optimized with the Yoast SEO plugin v28.3 - https:\/\/yoast.com\/product\/yoast-seo-wordpress\/ -->\n<title>Sobe para 10 o n\u00famero de pessoas internadas ap\u00f3s ingest\u00e3o de cerveja em Minas Gerais - Aconteceu no Vale<\/title>\n<meta name=\"robots\" content=\"index, follow, max-snippet:-1, max-image-preview:large, max-video-preview:-1\" \/>\n<link rel=\"canonical\" href=\"https:\/\/aconteceunovale.com.br\/portal\/?p=157283\" \/>\n<meta property=\"og:locale\" content=\"pt_BR\" \/>\n<meta property=\"og:type\" content=\"article\" \/>\n<meta property=\"og:title\" content=\"Sobe para 10 o n\u00famero de pessoas internadas ap\u00f3s ingest\u00e3o de cerveja em Minas Gerais - Aconteceu no Vale\" \/>\n<meta property=\"og:description\" content=\"A Secretaria de Sa\u00fade de Minas Gerais registrou mais dois casos da s\u00edndrome nefroneural que vem alarmando a popula\u00e7\u00e3o mineira. Em nota, a pasta informou que j\u00e1 chega a dez o n\u00famero de casos suspeitos notificados desde 30 dezembro. Um dos pacientes internados morreu na ter\u00e7a-feira (7), em Juiz de Fora, a cerca de 260 [&hellip;]\" \/>\n<meta property=\"og:url\" content=\"https:\/\/aconteceunovale.com.br\/portal\/?p=157283\" \/>\n<meta property=\"og:site_name\" content=\"Aconteceu no Vale\" \/>\n<meta property=\"article:publisher\" content=\"https:\/\/www.facebook.com\/aconteceunovale\/\" \/>\n<meta property=\"article:published_time\" content=\"2020-01-11T22:11:03+00:00\" \/>\n<meta property=\"article:modified_time\" content=\"2020-01-11T22:11:43+00:00\" \/>\n<meta property=\"og:image\" content=\"https:\/\/aconteceunovale.com.br\/portal\/wp-content\/uploads\/2020\/01\/cerveja_contaminada.jpg\" \/>\n\t<meta property=\"og:image:width\" content=\"678\" \/>\n\t<meta property=\"og:image:height\" content=\"395\" \/>\n\t<meta property=\"og:image:type\" content=\"image\/jpeg\" \/>\n<meta name=\"author\" content=\"Aconteceu no Vale\" \/>\n<meta name=\"twitter:card\" content=\"summary_large_image\" \/>\n<meta name=\"twitter:creator\" content=\"@noticiadosvales\" \/>\n<meta name=\"twitter:site\" content=\"@noticiadosvales\" \/>\n<meta name=\"twitter:label1\" content=\"Escrito por\" \/>\n\t<meta name=\"twitter:data1\" content=\"Aconteceu no Vale\" \/>\n\t<meta name=\"twitter:label2\" content=\"Est. tempo de leitura\" \/>\n\t<meta name=\"twitter:data2\" content=\"4 minutos\" \/>\n<script type=\"application\/ld+json\" class=\"yoast-schema-graph\">{\"@context\":\"https:\\\/\\\/schema.org\",\"@graph\":[{\"@type\":\"Article\",\"@id\":\"https:\\\/\\\/aconteceunovale.com.br\\\/portal\\\/?p=157283#article\",\"isPartOf\":{\"@id\":\"https:\\\/\\\/aconteceunovale.com.br\\\/portal\\\/?p=157283\"},\"author\":{\"name\":\"Aconteceu no Vale\",\"@id\":\"https:\\\/\\\/aconteceunovale.com.br\\\/portal\\\/#\\\/schema\\\/person\\\/633529146f2c94272bef50ac2953d589\"},\"headline\":\"Sobe para 10 o n\u00famero de pessoas internadas ap\u00f3s ingest\u00e3o de cerveja em Minas Gerais\",\"datePublished\":\"2020-01-11T22:11:03+00:00\",\"dateModified\":\"2020-01-11T22:11:43+00:00\",\"mainEntityOfPage\":{\"@id\":\"https:\\\/\\\/aconteceunovale.com.br\\\/portal\\\/?p=157283\"},\"wordCount\":876,\"commentCount\":0,\"image\":{\"@id\":\"https:\\\/\\\/aconteceunovale.com.br\\\/portal\\\/?p=157283#primaryimage\"},\"thumbnailUrl\":\"https:\\\/\\\/aconteceunovale.com.br\\\/portal\\\/wp-content\\\/uploads\\\/2020\\\/01\\\/cerveja_contaminada.jpg\",\"keywords\":[\"Belo Horizonte\",\"cerveja\",\"Cerveja Belorizontina\",\"Cerveja com produto qu\u00edmico\",\"Cerveja contaminada\",\"Cervejaria Backer\",\"Contamina\u00e7\u00e3o da Belorizontina\",\"Dietilenoglicol\",\"Dietilenoglicol Belorizontina\",\"Dietilenoglicol em cerveja mineira\",\"Doen\u00e7a desconhecida\",\"Doen\u00e7a desconhecida causa morte em Minas Gerais\",\"Doen\u00e7a desconhecida em Minas Gerais\",\"Doen\u00e7a misteriosa assusta os moradores de Minas Gerais\",\"Doen\u00e7a misteriosa causa morte em Minas Gerais\",\"Elemento t\u00f3xico encontrado em cerveja mineira j\u00e1 causou centenas de mortes pelo mundo\",\"Juiz de Fora\",\"Minist\u00e9rio da Agricultura interdita cervejaria em Belo Horizonte\",\"Minist\u00e9rio da Sa\u00fade\",\"Morte por doen\u00e7a misteriosa em Minas Gerais\",\"Nova Lima\",\"Problema com Belorizontina\",\"Produto qu\u00edmico encontrado em cerveja mineira j\u00e1 causou centenas de mortes pelo mundo\",\"Produto qu\u00edmico encontrado na cerveja Belorizontina j\u00e1 causou centenas de mortes pelo mundo\",\"Sobe para 10 o n\u00famero de pessoas internadas ap\u00f3s ingest\u00e3o de cerveja em Minas Gerais\",\"Ub\u00e1\",\"Veneno na Belorizontina\"],\"articleSection\":[\"Minas Gerais\",\"Sa\u00fade\"],\"inLanguage\":\"pt-BR\",\"potentialAction\":[{\"@type\":\"CommentAction\",\"name\":\"Comment\",\"target\":[\"https:\\\/\\\/aconteceunovale.com.br\\\/portal\\\/?p=157283#respond\"]}]},{\"@type\":\"WebPage\",\"@id\":\"https:\\\/\\\/aconteceunovale.com.br\\\/portal\\\/?p=157283\",\"url\":\"https:\\\/\\\/aconteceunovale.com.br\\\/portal\\\/?p=157283\",\"name\":\"Sobe para 10 o n\u00famero de pessoas internadas ap\u00f3s ingest\u00e3o de cerveja em Minas Gerais - Aconteceu no Vale\",\"isPartOf\":{\"@id\":\"https:\\\/\\\/aconteceunovale.com.br\\\/portal\\\/#website\"},\"primaryImageOfPage\":{\"@id\":\"https:\\\/\\\/aconteceunovale.com.br\\\/portal\\\/?p=157283#primaryimage\"},\"image\":{\"@id\":\"https:\\\/\\\/aconteceunovale.com.br\\\/portal\\\/?p=157283#primaryimage\"},\"thumbnailUrl\":\"https:\\\/\\\/aconteceunovale.com.br\\\/portal\\\/wp-content\\\/uploads\\\/2020\\\/01\\\/cerveja_contaminada.jpg\",\"datePublished\":\"2020-01-11T22:11:03+00:00\",\"dateModified\":\"2020-01-11T22:11:43+00:00\",\"author\":{\"@id\":\"https:\\\/\\\/aconteceunovale.com.br\\\/portal\\\/#\\\/schema\\\/person\\\/633529146f2c94272bef50ac2953d589\"},\"breadcrumb\":{\"@id\":\"https:\\\/\\\/aconteceunovale.com.br\\\/portal\\\/?p=157283#breadcrumb\"},\"inLanguage\":\"pt-BR\",\"potentialAction\":[{\"@type\":\"ReadAction\",\"target\":[\"https:\\\/\\\/aconteceunovale.com.br\\\/portal\\\/?p=157283\"]}]},{\"@type\":\"ImageObject\",\"inLanguage\":\"pt-BR\",\"@id\":\"https:\\\/\\\/aconteceunovale.com.br\\\/portal\\\/?p=157283#primaryimage\",\"url\":\"https:\\\/\\\/aconteceunovale.com.br\\\/portal\\\/wp-content\\\/uploads\\\/2020\\\/01\\\/cerveja_contaminada.jpg\",\"contentUrl\":\"https:\\\/\\\/aconteceunovale.com.br\\\/portal\\\/wp-content\\\/uploads\\\/2020\\\/01\\\/cerveja_contaminada.jpg\",\"width\":678,\"height\":395},{\"@type\":\"BreadcrumbList\",\"@id\":\"https:\\\/\\\/aconteceunovale.com.br\\\/portal\\\/?p=157283#breadcrumb\",\"itemListElement\":[{\"@type\":\"ListItem\",\"position\":1,\"name\":\"In\u00edcio\",\"item\":\"https:\\\/\\\/aconteceunovale.com.br\\\/portal\\\/\"},{\"@type\":\"ListItem\",\"position\":2,\"name\":\"Sobe para 10 o n\u00famero de pessoas internadas ap\u00f3s ingest\u00e3o de cerveja em Minas Gerais\"}]},{\"@type\":\"WebSite\",\"@id\":\"https:\\\/\\\/aconteceunovale.com.br\\\/portal\\\/#website\",\"url\":\"https:\\\/\\\/aconteceunovale.com.br\\\/portal\\\/\",\"name\":\"Aconteceu no Vale\",\"description\":\"Portal de Not\u00edcias\",\"potentialAction\":[{\"@type\":\"SearchAction\",\"target\":{\"@type\":\"EntryPoint\",\"urlTemplate\":\"https:\\\/\\\/aconteceunovale.com.br\\\/portal\\\/?s={search_term_string}\"},\"query-input\":{\"@type\":\"PropertyValueSpecification\",\"valueRequired\":true,\"valueName\":\"search_term_string\"}}],\"inLanguage\":\"pt-BR\"},{\"@type\":\"Person\",\"@id\":\"https:\\\/\\\/aconteceunovale.com.br\\\/portal\\\/#\\\/schema\\\/person\\\/633529146f2c94272bef50ac2953d589\",\"name\":\"Aconteceu no Vale\",\"description\":\"Equipe de reportagem do Aconteceu no Vale, portal de not\u00edcias do Vale do Jequitinhonha, em Minas Gerais. Cobrimos as 51 cidades do Vale desde 2013. Sugest\u00f5es de pauta e pedidos de corre\u00e7\u00e3o: contato@aconteceunovale.com.br\",\"sameAs\":[\"http:\\\/\\\/www.aconteceunovale.com.br\"],\"url\":\"https:\\\/\\\/aconteceunovale.com.br\\\/portal\\\/?author=1\"}]}<\/script>\n<!-- \/ Yoast SEO plugin. -->","yoast_head_json":{"title":"Sobe para 10 o n\u00famero de pessoas internadas ap\u00f3s ingest\u00e3o de cerveja em Minas Gerais - Aconteceu no Vale","robots":{"index":"index","follow":"follow","max-snippet":"max-snippet:-1","max-image-preview":"max-image-preview:large","max-video-preview":"max-video-preview:-1"},"canonical":"https:\/\/aconteceunovale.com.br\/portal\/?p=157283","og_locale":"pt_BR","og_type":"article","og_title":"Sobe para 10 o n\u00famero de pessoas internadas ap\u00f3s ingest\u00e3o de cerveja em Minas Gerais - Aconteceu no Vale","og_description":"A Secretaria de Sa\u00fade de Minas Gerais registrou mais dois casos da s\u00edndrome nefroneural que vem alarmando a popula\u00e7\u00e3o mineira. Em nota, a pasta informou que j\u00e1 chega a dez o n\u00famero de casos suspeitos notificados desde 30 dezembro. Um dos pacientes internados morreu na ter\u00e7a-feira (7), em Juiz de Fora, a cerca de 260 [&hellip;]","og_url":"https:\/\/aconteceunovale.com.br\/portal\/?p=157283","og_site_name":"Aconteceu no Vale","article_publisher":"https:\/\/www.facebook.com\/aconteceunovale\/","article_published_time":"2020-01-11T22:11:03+00:00","article_modified_time":"2020-01-11T22:11:43+00:00","og_image":[{"width":678,"height":395,"url":"https:\/\/aconteceunovale.com.br\/portal\/wp-content\/uploads\/2020\/01\/cerveja_contaminada.jpg","type":"image\/jpeg"}],"author":"Aconteceu no Vale","twitter_card":"summary_large_image","twitter_creator":"@noticiadosvales","twitter_site":"@noticiadosvales","twitter_misc":{"Escrito por":"Aconteceu no Vale","Est. tempo de leitura":"4 minutos"},"schema":{"@context":"https:\/\/schema.org","@graph":[{"@type":"Article","@id":"https:\/\/aconteceunovale.com.br\/portal\/?p=157283#article","isPartOf":{"@id":"https:\/\/aconteceunovale.com.br\/portal\/?p=157283"},"author":{"name":"Aconteceu no Vale","@id":"https:\/\/aconteceunovale.com.br\/portal\/#\/schema\/person\/633529146f2c94272bef50ac2953d589"},"headline":"Sobe para 10 o n\u00famero de pessoas internadas ap\u00f3s ingest\u00e3o de cerveja em Minas Gerais","datePublished":"2020-01-11T22:11:03+00:00","dateModified":"2020-01-11T22:11:43+00:00","mainEntityOfPage":{"@id":"https:\/\/aconteceunovale.com.br\/portal\/?p=157283"},"wordCount":876,"commentCount":0,"image":{"@id":"https:\/\/aconteceunovale.com.br\/portal\/?p=157283#primaryimage"},"thumbnailUrl":"https:\/\/aconteceunovale.com.br\/portal\/wp-content\/uploads\/2020\/01\/cerveja_contaminada.jpg","keywords":["Belo Horizonte","cerveja","Cerveja Belorizontina","Cerveja com produto qu\u00edmico","Cerveja contaminada","Cervejaria Backer","Contamina\u00e7\u00e3o da Belorizontina","Dietilenoglicol","Dietilenoglicol Belorizontina","Dietilenoglicol em cerveja mineira","Doen\u00e7a desconhecida","Doen\u00e7a desconhecida causa morte em Minas Gerais","Doen\u00e7a desconhecida em Minas Gerais","Doen\u00e7a misteriosa assusta os moradores de Minas Gerais","Doen\u00e7a misteriosa causa morte em Minas Gerais","Elemento t\u00f3xico encontrado em cerveja mineira j\u00e1 causou centenas de mortes pelo mundo","Juiz de Fora","Minist\u00e9rio da Agricultura interdita cervejaria em Belo Horizonte","Minist\u00e9rio da Sa\u00fade","Morte por doen\u00e7a misteriosa em Minas Gerais","Nova Lima","Problema com Belorizontina","Produto qu\u00edmico encontrado em cerveja mineira j\u00e1 causou centenas de mortes pelo mundo","Produto qu\u00edmico encontrado na cerveja Belorizontina j\u00e1 causou centenas de mortes pelo mundo","Sobe para 10 o n\u00famero de pessoas internadas ap\u00f3s ingest\u00e3o de cerveja em Minas Gerais","Ub\u00e1","Veneno na Belorizontina"],"articleSection":["Minas Gerais","Sa\u00fade"],"inLanguage":"pt-BR","potentialAction":[{"@type":"CommentAction","name":"Comment","target":["https:\/\/aconteceunovale.com.br\/portal\/?p=157283#respond"]}]},{"@type":"WebPage","@id":"https:\/\/aconteceunovale.com.br\/portal\/?p=157283","url":"https:\/\/aconteceunovale.com.br\/portal\/?p=157283","name":"Sobe para 10 o n\u00famero de pessoas internadas ap\u00f3s ingest\u00e3o de cerveja em Minas Gerais - Aconteceu no Vale","isPartOf":{"@id":"https:\/\/aconteceunovale.com.br\/portal\/#website"},"primaryImageOfPage":{"@id":"https:\/\/aconteceunovale.com.br\/portal\/?p=157283#primaryimage"},"image":{"@id":"https:\/\/aconteceunovale.com.br\/portal\/?p=157283#primaryimage"},"thumbnailUrl":"https:\/\/aconteceunovale.com.br\/portal\/wp-content\/uploads\/2020\/01\/cerveja_contaminada.jpg","datePublished":"2020-01-11T22:11:03+00:00","dateModified":"2020-01-11T22:11:43+00:00","author":{"@id":"https:\/\/aconteceunovale.com.br\/portal\/#\/schema\/person\/633529146f2c94272bef50ac2953d589"},"breadcrumb":{"@id":"https:\/\/aconteceunovale.com.br\/portal\/?p=157283#breadcrumb"},"inLanguage":"pt-BR","potentialAction":[{"@type":"ReadAction","target":["https:\/\/aconteceunovale.com.br\/portal\/?p=157283"]}]},{"@type":"ImageObject","inLanguage":"pt-BR","@id":"https:\/\/aconteceunovale.com.br\/portal\/?p=157283#primaryimage","url":"https:\/\/aconteceunovale.com.br\/portal\/wp-content\/uploads\/2020\/01\/cerveja_contaminada.jpg","contentUrl":"https:\/\/aconteceunovale.com.br\/portal\/wp-content\/uploads\/2020\/01\/cerveja_contaminada.jpg","width":678,"height":395},{"@type":"BreadcrumbList","@id":"https:\/\/aconteceunovale.com.br\/portal\/?p=157283#breadcrumb","itemListElement":[{"@type":"ListItem","position":1,"name":"In\u00edcio","item":"https:\/\/aconteceunovale.com.br\/portal\/"},{"@type":"ListItem","position":2,"name":"Sobe para 10 o n\u00famero de pessoas internadas ap\u00f3s ingest\u00e3o de cerveja em Minas Gerais"}]},{"@type":"WebSite","@id":"https:\/\/aconteceunovale.com.br\/portal\/#website","url":"https:\/\/aconteceunovale.com.br\/portal\/","name":"Aconteceu no Vale","description":"Portal de Not\u00edcias","potentialAction":[{"@type":"SearchAction","target":{"@type":"EntryPoint","urlTemplate":"https:\/\/aconteceunovale.com.br\/portal\/?s={search_term_string}"},"query-input":{"@type":"PropertyValueSpecification","valueRequired":true,"valueName":"search_term_string"}}],"inLanguage":"pt-BR"},{"@type":"Person","@id":"https:\/\/aconteceunovale.com.br\/portal\/#\/schema\/person\/633529146f2c94272bef50ac2953d589","name":"Aconteceu no Vale","description":"Equipe de reportagem do Aconteceu no Vale, portal de not\u00edcias do Vale do Jequitinhonha, em Minas Gerais. Cobrimos as 51 cidades do Vale desde 2013. Sugest\u00f5es de pauta e pedidos de corre\u00e7\u00e3o: contato@aconteceunovale.com.br","sameAs":["http:\/\/www.aconteceunovale.com.br"],"url":"https:\/\/aconteceunovale.com.br\/portal\/?author=1"}]}},"_links":{"self":[{"href":"https:\/\/aconteceunovale.com.br\/portal\/index.php?rest_route=\/wp\/v2\/posts\/157283","targetHints":{"allow":["GET"]}}],"collection":[{"href":"https:\/\/aconteceunovale.com.br\/portal\/index.php?rest_route=\/wp\/v2\/posts"}],"about":[{"href":"https:\/\/aconteceunovale.com.br\/portal\/index.php?rest_route=\/wp\/v2\/types\/post"}],"author":[{"embeddable":true,"href":"https:\/\/aconteceunovale.com.br\/portal\/index.php?rest_route=\/wp\/v2\/users\/1"}],"replies":[{"embeddable":true,"href":"https:\/\/aconteceunovale.com.br\/portal\/index.php?rest_route=%2Fwp%2Fv2%2Fcomments&post=157283"}],"version-history":[{"count":1,"href":"https:\/\/aconteceunovale.com.br\/portal\/index.php?rest_route=\/wp\/v2\/posts\/157283\/revisions"}],"predecessor-version":[{"id":157285,"href":"https:\/\/aconteceunovale.com.br\/portal\/index.php?rest_route=\/wp\/v2\/posts\/157283\/revisions\/157285"}],"wp:featuredmedia":[{"embeddable":true,"href":"https:\/\/aconteceunovale.com.br\/portal\/index.php?rest_route=\/wp\/v2\/media\/157284"}],"wp:attachment":[{"href":"https:\/\/aconteceunovale.com.br\/portal\/index.php?rest_route=%2Fwp%2Fv2%2Fmedia&parent=157283"}],"wp:term":[{"taxonomy":"category","embeddable":true,"href":"https:\/\/aconteceunovale.com.br\/portal\/index.php?rest_route=%2Fwp%2Fv2%2Fcategories&post=157283"},{"taxonomy":"post_tag","embeddable":true,"href":"https:\/\/aconteceunovale.com.br\/portal\/index.php?rest_route=%2Fwp%2Fv2%2Ftags&post=157283"}],"curies":[{"name":"wp","href":"https:\/\/api.w.org\/{rel}","templated":true}]}}