{"id":157275,"date":"2020-01-11T18:33:49","date_gmt":"2020-01-11T21:33:49","guid":{"rendered":"http:\/\/aconteceunovale.com.br\/portal\/?p=157275"},"modified":"2026-09-02T18:08:52","modified_gmt":"2026-09-02T21:08:52","slug":"dupla-e-presa-com-43-araras-na-br-381","status":"publish","type":"post","link":"https:\/\/aconteceunovale.com.br\/portal\/?p=157275","title":{"rendered":"Dupla \u00e9 presa com 43 araras na BR-381"},"content":{"rendered":"\n<p class=\"wp-block-paragraph\">A Pol\u00edcia Rodovi\u00e1ria Federal\n(PRF) apreendeu 43 araras no quil\u00f4metro 307 da BR-381, em Jo\u00e3o Monlevade (MG), na\ntarde de quinta-feira (09\/01\/2020). As aves silvestres das esp\u00e9cies Canind\u00e9 e\nJandaias Mineiras estavam escondidas dentro de caixas no porta-malas de um Nissan\nVersa. 126 anilhas falsificadas tamb\u00e9m foram apreendidas.<\/p>\n\n\n\n<p class=\"wp-block-paragraph\">Durante a fiscaliza\u00e7\u00e3o dos elementos obrigat\u00f3rios, os policiais\ndesconfiaram do som vindo do ve\u00edculo e solicitaram a abertura do bagageiro. No\ncompartimento, eles encontraram os animais em condi\u00e7\u00f5es prec\u00e1rias e com sinais\nde maus-tratos.<\/p>\n\n\n\n<p class=\"wp-block-paragraph\">O motorista, um homem de 47 anos, e o passageiro, de 23,\nconfessaram o transporte ilegal. Eles informaram que foram contratados para\nlevar os animais de Sete Lagoas para Caratinga.<\/p>\n\n\n\n<p class=\"wp-block-paragraph\">A Pol\u00edcia Militar Ambiental foi acionada e encaminhou as aves para o IBAMA em Governador Valadares. O ve\u00edculo e os dois detidos foram conduzidos \u00e0 Delegacia de Pol\u00edcia Civil.<\/p>\n\n\n\n<h2 class=\"wp-block-heading\">V\u00eddeos<\/h2>\n\n\n\n<iframe loading=\"lazy\" width=\"560\" height=\"315\" src=\"https:\/\/www.youtube.com\/embed\/Mq6FwTHpvEc\" frameborder=\"0\" allow=\"accelerometer; autoplay; encrypted-media; gyroscope; picture-in-picture\" allowfullscreen><\/iframe>\n\n\n\n<iframe loading=\"lazy\" width=\"560\" height=\"315\" src=\"https:\/\/www.youtube.com\/embed\/q-H-6-w_PBo\" frameborder=\"0\" allow=\"accelerometer; autoplay; encrypted-media; gyroscope; picture-in-picture\" allowfullscreen><\/iframe>\n\n\n\n<iframe loading=\"lazy\" width=\"560\" height=\"315\" src=\"https:\/\/www.youtube.com\/embed\/aF7Y2LqQfSY\" frameborder=\"0\" allow=\"accelerometer; autoplay; encrypted-media; gyroscope; picture-in-picture\" allowfullscreen><\/iframe>\n","protected":false},"excerpt":{"rendered":"<p>A Pol\u00edcia Rodovi\u00e1ria Federal (PRF) apreendeu 43 araras no quil\u00f4metro 307 da BR-381, em Jo\u00e3o Monlevade (MG), na tarde de quinta-feira (09\/01\/2020). As aves silvestres das esp\u00e9cies Canind\u00e9 e Jandaias Mineiras estavam escondidas dentro de caixas no porta-malas de um Nissan Versa. 126 anilhas falsificadas tamb\u00e9m foram apreendidas. Durante a fiscaliza\u00e7\u00e3o dos elementos obrigat\u00f3rios, os [&hellip;]<\/p>\n","protected":false},"author":1,"featured_media":157276,"comment_status":"open","ping_status":"closed","sticky":false,"template":"","format":"standard","meta":{"amp_status":"","footnotes":""},"categories":[123],"tags":[212679,212675,214275,209677,237,214274,247,1102,239,214273,214276,1532],"class_list":["post-157275","post","type-post","status-publish","format-standard","has-post-thumbnail","hentry","category-gerais","tag-apreensao-de-araras-em-joao-monlevade","tag-apreensao-de-araras-na-br-381","tag-apreensao-de-araras-na-br-381-em-joao-monlevade","tag-br-381-2","tag-caratinga","tag-dupla-e-presa-com-43-araras-na-br-381","tag-governador-valadares","tag-joao-monlevade","tag-prf","tag-prf-resgata-43-na-br-381","tag-resgate-de-araras-na-br-381","tag-sete-lagoas"],"yoast_head":"<!-- This site is optimized with the Yoast SEO plugin v28.3 - https:\/\/yoast.com\/product\/yoast-seo-wordpress\/ -->\n<title>Dupla \u00e9 presa com 43 araras na BR-381 - Aconteceu no Vale<\/title>\n<meta name=\"robots\" content=\"index, follow, max-snippet:-1, max-image-preview:large, max-video-preview:-1\" \/>\n<link rel=\"canonical\" href=\"https:\/\/aconteceunovale.com.br\/portal\/?p=157275\" \/>\n<meta property=\"og:locale\" content=\"pt_BR\" \/>\n<meta property=\"og:type\" content=\"article\" \/>\n<meta property=\"og:title\" content=\"Dupla \u00e9 presa com 43 araras na BR-381 - Aconteceu no Vale\" \/>\n<meta property=\"og:description\" content=\"A Pol\u00edcia Rodovi\u00e1ria Federal (PRF) apreendeu 43 araras no quil\u00f4metro 307 da BR-381, em Jo\u00e3o Monlevade (MG), na tarde de quinta-feira (09\/01\/2020). As aves silvestres das esp\u00e9cies Canind\u00e9 e Jandaias Mineiras estavam escondidas dentro de caixas no porta-malas de um Nissan Versa. 126 anilhas falsificadas tamb\u00e9m foram apreendidas. Durante a fiscaliza\u00e7\u00e3o dos elementos obrigat\u00f3rios, os [&hellip;]\" \/>\n<meta property=\"og:url\" content=\"https:\/\/aconteceunovale.com.br\/portal\/?p=157275\" \/>\n<meta property=\"og:site_name\" content=\"Aconteceu no Vale\" \/>\n<meta property=\"article:publisher\" content=\"https:\/\/www.facebook.com\/aconteceunovale\/\" \/>\n<meta property=\"article:published_time\" content=\"2020-01-11T21:33:49+00:00\" \/>\n<meta property=\"article:modified_time\" content=\"2026-09-02T21:08:52+00:00\" \/>\n<meta property=\"og:image\" content=\"https:\/\/aconteceunovale.com.br\/portal\/wp-content\/uploads\/2020\/01\/araras_381.jpeg\" \/>\n\t<meta property=\"og:image:width\" content=\"678\" \/>\n\t<meta property=\"og:image:height\" content=\"377\" \/>\n\t<meta property=\"og:image:type\" content=\"image\/jpeg\" \/>\n<meta name=\"author\" content=\"Aconteceu no Vale\" \/>\n<meta name=\"twitter:card\" content=\"summary_large_image\" \/>\n<meta name=\"twitter:creator\" content=\"@noticiadosvales\" \/>\n<meta name=\"twitter:site\" content=\"@noticiadosvales\" \/>\n<meta name=\"twitter:label1\" content=\"Escrito por\" \/>\n\t<meta name=\"twitter:data1\" content=\"Aconteceu no Vale\" \/>\n\t<meta name=\"twitter:label2\" content=\"Est. tempo de leitura\" \/>\n\t<meta name=\"twitter:data2\" content=\"1 minuto\" \/>\n<script type=\"application\/ld+json\" class=\"yoast-schema-graph\">{\"@context\":\"https:\\\/\\\/schema.org\",\"@graph\":[{\"@type\":\"Article\",\"@id\":\"https:\\\/\\\/aconteceunovale.com.br\\\/portal\\\/?p=157275#article\",\"isPartOf\":{\"@id\":\"https:\\\/\\\/aconteceunovale.com.br\\\/portal\\\/?p=157275\"},\"author\":{\"name\":\"Aconteceu no Vale\",\"@id\":\"https:\\\/\\\/aconteceunovale.com.br\\\/portal\\\/#\\\/schema\\\/person\\\/633529146f2c94272bef50ac2953d589\"},\"headline\":\"Dupla \u00e9 presa com 43 araras na BR-381\",\"datePublished\":\"2020-01-11T21:33:49+00:00\",\"dateModified\":\"2026-09-02T21:08:52+00:00\",\"mainEntityOfPage\":{\"@id\":\"https:\\\/\\\/aconteceunovale.com.br\\\/portal\\\/?p=157275\"},\"wordCount\":156,\"commentCount\":0,\"image\":{\"@id\":\"https:\\\/\\\/aconteceunovale.com.br\\\/portal\\\/?p=157275#primaryimage\"},\"thumbnailUrl\":\"https:\\\/\\\/aconteceunovale.com.br\\\/portal\\\/wp-content\\\/uploads\\\/2020\\\/01\\\/araras_381.jpeg\",\"keywords\":[\"Apreens\u00e3o de araras em Jo\u00e3o Monlevade\",\"Apreens\u00e3o de araras na BR-381\",\"Apreens\u00e3o de araras na BR-381 em Jo\u00e3o Monlevade\",\"BR-381\",\"Caratinga\",\"Dupla \u00e9 presa com 43 araras na BR-381\",\"Governador Valadares\",\"Jo\u00e3o Monlevade\",\"PRF\",\"PRF resgata 43 na BR-381\",\"Resgate de araras na BR-381\",\"Sete Lagoas\"],\"articleSection\":[\"Minas Gerais\"],\"inLanguage\":\"pt-BR\",\"potentialAction\":[{\"@type\":\"CommentAction\",\"name\":\"Comment\",\"target\":[\"https:\\\/\\\/aconteceunovale.com.br\\\/portal\\\/?p=157275#respond\"]}]},{\"@type\":\"WebPage\",\"@id\":\"https:\\\/\\\/aconteceunovale.com.br\\\/portal\\\/?p=157275\",\"url\":\"https:\\\/\\\/aconteceunovale.com.br\\\/portal\\\/?p=157275\",\"name\":\"Dupla \u00e9 presa com 43 araras na BR-381 - Aconteceu no Vale\",\"isPartOf\":{\"@id\":\"https:\\\/\\\/aconteceunovale.com.br\\\/portal\\\/#website\"},\"primaryImageOfPage\":{\"@id\":\"https:\\\/\\\/aconteceunovale.com.br\\\/portal\\\/?p=157275#primaryimage\"},\"image\":{\"@id\":\"https:\\\/\\\/aconteceunovale.com.br\\\/portal\\\/?p=157275#primaryimage\"},\"thumbnailUrl\":\"https:\\\/\\\/aconteceunovale.com.br\\\/portal\\\/wp-content\\\/uploads\\\/2020\\\/01\\\/araras_381.jpeg\",\"datePublished\":\"2020-01-11T21:33:49+00:00\",\"dateModified\":\"2026-09-02T21:08:52+00:00\",\"author\":{\"@id\":\"https:\\\/\\\/aconteceunovale.com.br\\\/portal\\\/#\\\/schema\\\/person\\\/633529146f2c94272bef50ac2953d589\"},\"breadcrumb\":{\"@id\":\"https:\\\/\\\/aconteceunovale.com.br\\\/portal\\\/?p=157275#breadcrumb\"},\"inLanguage\":\"pt-BR\",\"potentialAction\":[{\"@type\":\"ReadAction\",\"target\":[\"https:\\\/\\\/aconteceunovale.com.br\\\/portal\\\/?p=157275\"]}]},{\"@type\":\"ImageObject\",\"inLanguage\":\"pt-BR\",\"@id\":\"https:\\\/\\\/aconteceunovale.com.br\\\/portal\\\/?p=157275#primaryimage\",\"url\":\"https:\\\/\\\/aconteceunovale.com.br\\\/portal\\\/wp-content\\\/uploads\\\/2020\\\/01\\\/araras_381.jpeg\",\"contentUrl\":\"https:\\\/\\\/aconteceunovale.com.br\\\/portal\\\/wp-content\\\/uploads\\\/2020\\\/01\\\/araras_381.jpeg\",\"width\":678,\"height\":377},{\"@type\":\"BreadcrumbList\",\"@id\":\"https:\\\/\\\/aconteceunovale.com.br\\\/portal\\\/?p=157275#breadcrumb\",\"itemListElement\":[{\"@type\":\"ListItem\",\"position\":1,\"name\":\"In\u00edcio\",\"item\":\"https:\\\/\\\/aconteceunovale.com.br\\\/portal\\\/\"},{\"@type\":\"ListItem\",\"position\":2,\"name\":\"Dupla \u00e9 presa com 43 araras na BR-381\"}]},{\"@type\":\"WebSite\",\"@id\":\"https:\\\/\\\/aconteceunovale.com.br\\\/portal\\\/#website\",\"url\":\"https:\\\/\\\/aconteceunovale.com.br\\\/portal\\\/\",\"name\":\"Aconteceu no Vale\",\"description\":\"Portal de Not\u00edcias\",\"potentialAction\":[{\"@type\":\"SearchAction\",\"target\":{\"@type\":\"EntryPoint\",\"urlTemplate\":\"https:\\\/\\\/aconteceunovale.com.br\\\/portal\\\/?s={search_term_string}\"},\"query-input\":{\"@type\":\"PropertyValueSpecification\",\"valueRequired\":true,\"valueName\":\"search_term_string\"}}],\"inLanguage\":\"pt-BR\"},{\"@type\":\"Person\",\"@id\":\"https:\\\/\\\/aconteceunovale.com.br\\\/portal\\\/#\\\/schema\\\/person\\\/633529146f2c94272bef50ac2953d589\",\"name\":\"Aconteceu no Vale\",\"description\":\"Equipe de reportagem do Aconteceu no Vale, portal de not\u00edcias do Vale do Jequitinhonha, em Minas Gerais. Cobrimos as 51 cidades do Vale desde 2013. Sugest\u00f5es de pauta e pedidos de corre\u00e7\u00e3o: contato@aconteceunovale.com.br\",\"sameAs\":[\"http:\\\/\\\/www.aconteceunovale.com.br\"],\"url\":\"https:\\\/\\\/aconteceunovale.com.br\\\/portal\\\/?author=1\"}]}<\/script>\n<!-- \/ Yoast SEO plugin. -->","yoast_head_json":{"title":"Dupla \u00e9 presa com 43 araras na BR-381 - Aconteceu no Vale","robots":{"index":"index","follow":"follow","max-snippet":"max-snippet:-1","max-image-preview":"max-image-preview:large","max-video-preview":"max-video-preview:-1"},"canonical":"https:\/\/aconteceunovale.com.br\/portal\/?p=157275","og_locale":"pt_BR","og_type":"article","og_title":"Dupla \u00e9 presa com 43 araras na BR-381 - Aconteceu no Vale","og_description":"A Pol\u00edcia Rodovi\u00e1ria Federal (PRF) apreendeu 43 araras no quil\u00f4metro 307 da BR-381, em Jo\u00e3o Monlevade (MG), na tarde de quinta-feira (09\/01\/2020). As aves silvestres das esp\u00e9cies Canind\u00e9 e Jandaias Mineiras estavam escondidas dentro de caixas no porta-malas de um Nissan Versa. 126 anilhas falsificadas tamb\u00e9m foram apreendidas. Durante a fiscaliza\u00e7\u00e3o dos elementos obrigat\u00f3rios, os [&hellip;]","og_url":"https:\/\/aconteceunovale.com.br\/portal\/?p=157275","og_site_name":"Aconteceu no Vale","article_publisher":"https:\/\/www.facebook.com\/aconteceunovale\/","article_published_time":"2020-01-11T21:33:49+00:00","article_modified_time":"2026-09-02T21:08:52+00:00","og_image":[{"width":678,"height":377,"url":"https:\/\/aconteceunovale.com.br\/portal\/wp-content\/uploads\/2020\/01\/araras_381.jpeg","type":"image\/jpeg"}],"author":"Aconteceu no Vale","twitter_card":"summary_large_image","twitter_creator":"@noticiadosvales","twitter_site":"@noticiadosvales","twitter_misc":{"Escrito por":"Aconteceu no Vale","Est. tempo de leitura":"1 minuto"},"schema":{"@context":"https:\/\/schema.org","@graph":[{"@type":"Article","@id":"https:\/\/aconteceunovale.com.br\/portal\/?p=157275#article","isPartOf":{"@id":"https:\/\/aconteceunovale.com.br\/portal\/?p=157275"},"author":{"name":"Aconteceu no Vale","@id":"https:\/\/aconteceunovale.com.br\/portal\/#\/schema\/person\/633529146f2c94272bef50ac2953d589"},"headline":"Dupla \u00e9 presa com 43 araras na BR-381","datePublished":"2020-01-11T21:33:49+00:00","dateModified":"2026-09-02T21:08:52+00:00","mainEntityOfPage":{"@id":"https:\/\/aconteceunovale.com.br\/portal\/?p=157275"},"wordCount":156,"commentCount":0,"image":{"@id":"https:\/\/aconteceunovale.com.br\/portal\/?p=157275#primaryimage"},"thumbnailUrl":"https:\/\/aconteceunovale.com.br\/portal\/wp-content\/uploads\/2020\/01\/araras_381.jpeg","keywords":["Apreens\u00e3o de araras em Jo\u00e3o Monlevade","Apreens\u00e3o de araras na BR-381","Apreens\u00e3o de araras na BR-381 em Jo\u00e3o Monlevade","BR-381","Caratinga","Dupla \u00e9 presa com 43 araras na BR-381","Governador Valadares","Jo\u00e3o Monlevade","PRF","PRF resgata 43 na BR-381","Resgate de araras na BR-381","Sete Lagoas"],"articleSection":["Minas Gerais"],"inLanguage":"pt-BR","potentialAction":[{"@type":"CommentAction","name":"Comment","target":["https:\/\/aconteceunovale.com.br\/portal\/?p=157275#respond"]}]},{"@type":"WebPage","@id":"https:\/\/aconteceunovale.com.br\/portal\/?p=157275","url":"https:\/\/aconteceunovale.com.br\/portal\/?p=157275","name":"Dupla \u00e9 presa com 43 araras na BR-381 - Aconteceu no Vale","isPartOf":{"@id":"https:\/\/aconteceunovale.com.br\/portal\/#website"},"primaryImageOfPage":{"@id":"https:\/\/aconteceunovale.com.br\/portal\/?p=157275#primaryimage"},"image":{"@id":"https:\/\/aconteceunovale.com.br\/portal\/?p=157275#primaryimage"},"thumbnailUrl":"https:\/\/aconteceunovale.com.br\/portal\/wp-content\/uploads\/2020\/01\/araras_381.jpeg","datePublished":"2020-01-11T21:33:49+00:00","dateModified":"2026-09-02T21:08:52+00:00","author":{"@id":"https:\/\/aconteceunovale.com.br\/portal\/#\/schema\/person\/633529146f2c94272bef50ac2953d589"},"breadcrumb":{"@id":"https:\/\/aconteceunovale.com.br\/portal\/?p=157275#breadcrumb"},"inLanguage":"pt-BR","potentialAction":[{"@type":"ReadAction","target":["https:\/\/aconteceunovale.com.br\/portal\/?p=157275"]}]},{"@type":"ImageObject","inLanguage":"pt-BR","@id":"https:\/\/aconteceunovale.com.br\/portal\/?p=157275#primaryimage","url":"https:\/\/aconteceunovale.com.br\/portal\/wp-content\/uploads\/2020\/01\/araras_381.jpeg","contentUrl":"https:\/\/aconteceunovale.com.br\/portal\/wp-content\/uploads\/2020\/01\/araras_381.jpeg","width":678,"height":377},{"@type":"BreadcrumbList","@id":"https:\/\/aconteceunovale.com.br\/portal\/?p=157275#breadcrumb","itemListElement":[{"@type":"ListItem","position":1,"name":"In\u00edcio","item":"https:\/\/aconteceunovale.com.br\/portal\/"},{"@type":"ListItem","position":2,"name":"Dupla \u00e9 presa com 43 araras na BR-381"}]},{"@type":"WebSite","@id":"https:\/\/aconteceunovale.com.br\/portal\/#website","url":"https:\/\/aconteceunovale.com.br\/portal\/","name":"Aconteceu no Vale","description":"Portal de Not\u00edcias","potentialAction":[{"@type":"SearchAction","target":{"@type":"EntryPoint","urlTemplate":"https:\/\/aconteceunovale.com.br\/portal\/?s={search_term_string}"},"query-input":{"@type":"PropertyValueSpecification","valueRequired":true,"valueName":"search_term_string"}}],"inLanguage":"pt-BR"},{"@type":"Person","@id":"https:\/\/aconteceunovale.com.br\/portal\/#\/schema\/person\/633529146f2c94272bef50ac2953d589","name":"Aconteceu no Vale","description":"Equipe de reportagem do Aconteceu no Vale, portal de not\u00edcias do Vale do Jequitinhonha, em Minas Gerais. Cobrimos as 51 cidades do Vale desde 2013. Sugest\u00f5es de pauta e pedidos de corre\u00e7\u00e3o: contato@aconteceunovale.com.br","sameAs":["http:\/\/www.aconteceunovale.com.br"],"url":"https:\/\/aconteceunovale.com.br\/portal\/?author=1"}]}},"_links":{"self":[{"href":"https:\/\/aconteceunovale.com.br\/portal\/index.php?rest_route=\/wp\/v2\/posts\/157275","targetHints":{"allow":["GET"]}}],"collection":[{"href":"https:\/\/aconteceunovale.com.br\/portal\/index.php?rest_route=\/wp\/v2\/posts"}],"about":[{"href":"https:\/\/aconteceunovale.com.br\/portal\/index.php?rest_route=\/wp\/v2\/types\/post"}],"author":[{"embeddable":true,"href":"https:\/\/aconteceunovale.com.br\/portal\/index.php?rest_route=\/wp\/v2\/users\/1"}],"replies":[{"embeddable":true,"href":"https:\/\/aconteceunovale.com.br\/portal\/index.php?rest_route=%2Fwp%2Fv2%2Fcomments&post=157275"}],"version-history":[{"count":1,"href":"https:\/\/aconteceunovale.com.br\/portal\/index.php?rest_route=\/wp\/v2\/posts\/157275\/revisions"}],"predecessor-version":[{"id":157277,"href":"https:\/\/aconteceunovale.com.br\/portal\/index.php?rest_route=\/wp\/v2\/posts\/157275\/revisions\/157277"}],"wp:featuredmedia":[{"embeddable":true,"href":"https:\/\/aconteceunovale.com.br\/portal\/index.php?rest_route=\/wp\/v2\/media\/157276"}],"wp:attachment":[{"href":"https:\/\/aconteceunovale.com.br\/portal\/index.php?rest_route=%2Fwp%2Fv2%2Fmedia&parent=157275"}],"wp:term":[{"taxonomy":"category","embeddable":true,"href":"https:\/\/aconteceunovale.com.br\/portal\/index.php?rest_route=%2Fwp%2Fv2%2Fcategories&post=157275"},{"taxonomy":"post_tag","embeddable":true,"href":"https:\/\/aconteceunovale.com.br\/portal\/index.php?rest_route=%2Fwp%2Fv2%2Ftags&post=157275"}],"curies":[{"name":"wp","href":"https:\/\/api.w.org\/{rel}","templated":true}]}}