{"id":157272,"date":"2020-01-11T18:12:03","date_gmt":"2020-01-11T21:12:03","guid":{"rendered":"http:\/\/aconteceunovale.com.br\/portal\/?p=157272"},"modified":"2020-01-11T18:13:52","modified_gmt":"2020-01-11T21:13:52","slug":"prefeito-sanciona-lei-que-proibe-canudos-plasticos-em-governador-valadares","status":"publish","type":"post","link":"https:\/\/aconteceunovale.com.br\/portal\/?p=157272","title":{"rendered":"Prefeito sanciona lei que pro\u00edbe canudos pl\u00e1sticos em Governador Valadares"},"content":{"rendered":"\n<p class=\"wp-block-paragraph\">Que os canudos de pl\u00e1stico s\u00e3o pr\u00e1ticos e de f\u00e1cil descarte, isso n\u00e3o se discute. Basta entrar em qualquer lanchonete ou bar que sempre tem algu\u00e9m utilizando para consumir refrigerante ou suco. Mas os impactos negativos que os canudos trazem ao meio ambiente e o risco \u00e0 fauna tornou sua proibi\u00e7\u00e3o um caminho irrevers\u00edvel. Por essa raz\u00e3o, a C\u00e2mara Municipal de Governador Valadares (MG) aprovou e o Prefeito Andr\u00e9 Merlo sancionou a Lei n\u00ba 7.100\/19 que pro\u00edbe a utiliza\u00e7\u00e3o na cidade.<\/p>\n\n\n\n<p class=\"wp-block-paragraph\">O secret\u00e1rio municipal de Governo, Marcos Sampaio, destaca que a Lei ser\u00e1 regulamentada pelo Executivo no prazo de 180 dias (6 meses), tempo que os comerciantes ter\u00e3o para se adaptarem \u00e0s novas regras. \u201cOs canudos s\u00e3o amplamente utilizados pelas pessoas, mas a natureza paga um pre\u00e7o muito alto por essa comodidade, uma vez que o pl\u00e1stico \u00e9 um material nocivo ao meio ambiente. Com a lei, os bares, hot\u00e9is e restaurantes, ter\u00e3o esse prazo para esgotarem os estoques e buscarem outras alternativas mais sustent\u00e1veis\u201d, disse.<\/p>\n\n\n\n<p class=\"wp-block-paragraph\">A nova lei disp\u00f5e que os canudos pl\u00e1sticos poder\u00e3o ser substitu\u00eddos por canudos em papel recicl\u00e1vel, material comest\u00edvel ou biodegrad\u00e1vel, embalados individualmente em envelopes hermeticamente fechados feitos do mesmo material. O descumprimento da Lei pode acarretar: notifica\u00e7\u00e3o, multa e suspens\u00e3o de alvar\u00e1.<\/p>\n\n\n\n<p class=\"wp-block-paragraph\"><strong>Sobre os impactos dos canudos<\/strong><\/p>\n\n\n\n<p class=\"wp-block-paragraph\">Estudos cient\u00edficos apontam, de forma assustadora, que se o consumo mundial de pl\u00e1stico continuar no mesmo ritmo de hoje (250 milh\u00f5es de toneladas por ano), em 2050 os oceanos ter\u00e3o mais pl\u00e1stico do que peixes. Grandes empresas de fast-food, como McDonald\u2019s e Starbucks, Governo no Rio de Janeiro e de pa\u00edses como Esc\u00f3cia e Reino Unido est\u00e3o banindo os canudos pl\u00e1sticos.<\/p>\n\n\n\n<p class=\"has-text-color has-background has-very-light-gray-color has-very-dark-gray-background-color wp-block-paragraph\">Quer saber as not\u00edcias do <strong>Aconteceu no Vale<\/strong> em primeira m\u00e3o? Siga-nos no Facebook <a rel=\"noreferrer noopener\" href=\"http:\/\/facebook.com\/aconteceunovale\" target=\"_blank\">@aconteceunovale<\/a>, Twitter <a rel=\"noreferrer noopener\" href=\"https:\/\/twitter.com\/noticiadosvales\" target=\"_blank\">@noticiadosvales<\/a> e Instagram <a rel=\"noreferrer noopener\" href=\"https:\/\/www.instagram.com\/aconteceunovale\" target=\"_blank\">@aconteceunovale<\/a>.<\/p>\n","protected":false},"excerpt":{"rendered":"<p>Que os canudos de pl\u00e1stico s\u00e3o pr\u00e1ticos e de f\u00e1cil descarte, isso n\u00e3o se discute. Basta entrar em qualquer lanchonete ou bar que sempre tem algu\u00e9m utilizando para consumir refrigerante ou suco. Mas os impactos negativos que os canudos trazem ao meio ambiente e o risco \u00e0 fauna tornou sua proibi\u00e7\u00e3o um caminho irrevers\u00edvel. Por [&hellip;]<\/p>\n","protected":false},"author":1,"featured_media":157273,"comment_status":"open","ping_status":"closed","sticky":false,"template":"","format":"standard","meta":{"amp_status":"","footnotes":""},"categories":[121],"tags":[49371,214270,214269,1018,247,138367,214272,35082,214271],"class_list":["post-157272","post","type-post","status-publish","format-standard","has-post-thumbnail","hentry","category-leste","tag-camara-de-governador-valadares","tag-canudos-plasticos-em-governador-valadares","tag-canudos-plasticos-sao-proibidos-em-governador-valadares","tag-destaque","tag-governador-valadares","tag-prefeito-de-governador-valadares","tag-prefeito-sanciona-lei-que-proibe-canudos-plasticos-em-governador-valadares","tag-prefeitura-de-governador-valadares","tag-proibicao-de-canudos-plasticos-em-governador-valadares"],"yoast_head":"<!-- This site is optimized with the Yoast SEO plugin v28.3 - https:\/\/yoast.com\/product\/yoast-seo-wordpress\/ -->\n<title>Prefeito sanciona lei que pro\u00edbe canudos pl\u00e1sticos em Governador Valadares - Aconteceu no Vale<\/title>\n<meta name=\"robots\" content=\"index, follow, max-snippet:-1, max-image-preview:large, max-video-preview:-1\" \/>\n<link rel=\"canonical\" href=\"https:\/\/aconteceunovale.com.br\/portal\/?p=157272\" \/>\n<meta property=\"og:locale\" content=\"pt_BR\" \/>\n<meta property=\"og:type\" content=\"article\" \/>\n<meta property=\"og:title\" content=\"Prefeito sanciona lei que pro\u00edbe canudos pl\u00e1sticos em Governador Valadares - Aconteceu no Vale\" \/>\n<meta property=\"og:description\" content=\"Que os canudos de pl\u00e1stico s\u00e3o pr\u00e1ticos e de f\u00e1cil descarte, isso n\u00e3o se discute. Basta entrar em qualquer lanchonete ou bar que sempre tem algu\u00e9m utilizando para consumir refrigerante ou suco. Mas os impactos negativos que os canudos trazem ao meio ambiente e o risco \u00e0 fauna tornou sua proibi\u00e7\u00e3o um caminho irrevers\u00edvel. Por [&hellip;]\" \/>\n<meta property=\"og:url\" content=\"https:\/\/aconteceunovale.com.br\/portal\/?p=157272\" \/>\n<meta property=\"og:site_name\" content=\"Aconteceu no Vale\" \/>\n<meta property=\"article:publisher\" content=\"https:\/\/www.facebook.com\/aconteceunovale\/\" \/>\n<meta property=\"article:published_time\" content=\"2020-01-11T21:12:03+00:00\" \/>\n<meta property=\"article:modified_time\" content=\"2020-01-11T21:13:52+00:00\" \/>\n<meta property=\"og:image\" content=\"https:\/\/aconteceunovale.com.br\/portal\/wp-content\/uploads\/2020\/01\/canudos_plasticos.jpg\" \/>\n\t<meta property=\"og:image:width\" content=\"774\" \/>\n\t<meta property=\"og:image:height\" content=\"501\" \/>\n\t<meta property=\"og:image:type\" content=\"image\/jpeg\" \/>\n<meta name=\"author\" content=\"Aconteceu no Vale\" \/>\n<meta name=\"twitter:card\" content=\"summary_large_image\" \/>\n<meta name=\"twitter:creator\" content=\"@noticiadosvales\" \/>\n<meta name=\"twitter:site\" content=\"@noticiadosvales\" \/>\n<meta name=\"twitter:label1\" content=\"Escrito por\" \/>\n\t<meta name=\"twitter:data1\" content=\"Aconteceu no Vale\" \/>\n\t<meta name=\"twitter:label2\" content=\"Est. tempo de leitura\" \/>\n\t<meta name=\"twitter:data2\" content=\"2 minutos\" \/>\n<script type=\"application\/ld+json\" class=\"yoast-schema-graph\">{\"@context\":\"https:\\\/\\\/schema.org\",\"@graph\":[{\"@type\":\"Article\",\"@id\":\"https:\\\/\\\/aconteceunovale.com.br\\\/portal\\\/?p=157272#article\",\"isPartOf\":{\"@id\":\"https:\\\/\\\/aconteceunovale.com.br\\\/portal\\\/?p=157272\"},\"author\":{\"name\":\"Aconteceu no Vale\",\"@id\":\"https:\\\/\\\/aconteceunovale.com.br\\\/portal\\\/#\\\/schema\\\/person\\\/633529146f2c94272bef50ac2953d589\"},\"headline\":\"Prefeito sanciona lei que pro\u00edbe canudos pl\u00e1sticos em Governador Valadares\",\"datePublished\":\"2020-01-11T21:12:03+00:00\",\"dateModified\":\"2020-01-11T21:13:52+00:00\",\"mainEntityOfPage\":{\"@id\":\"https:\\\/\\\/aconteceunovale.com.br\\\/portal\\\/?p=157272\"},\"wordCount\":340,\"commentCount\":0,\"image\":{\"@id\":\"https:\\\/\\\/aconteceunovale.com.br\\\/portal\\\/?p=157272#primaryimage\"},\"thumbnailUrl\":\"https:\\\/\\\/aconteceunovale.com.br\\\/portal\\\/wp-content\\\/uploads\\\/2020\\\/01\\\/canudos_plasticos.jpg\",\"keywords\":[\"C\u00e2mara de Governador Valadares\",\"Canudos pl\u00e1sticos em Governador Valadares\",\"Canudos pl\u00e1sticos s\u00e3o proibidos em Governador Valadares\",\"destaque\",\"Governador Valadares\",\"prefeito de Governador Valadares\",\"Prefeito sanciona lei que pro\u00edbe canudos pl\u00e1sticos em Governador Valadares\",\"Prefeitura de Governador Valadares\",\"Proibi\u00e7\u00e3o de canudos pl\u00e1sticos em Governador Valadares\"],\"articleSection\":[\"Leste de Minas\"],\"inLanguage\":\"pt-BR\",\"potentialAction\":[{\"@type\":\"CommentAction\",\"name\":\"Comment\",\"target\":[\"https:\\\/\\\/aconteceunovale.com.br\\\/portal\\\/?p=157272#respond\"]}]},{\"@type\":\"WebPage\",\"@id\":\"https:\\\/\\\/aconteceunovale.com.br\\\/portal\\\/?p=157272\",\"url\":\"https:\\\/\\\/aconteceunovale.com.br\\\/portal\\\/?p=157272\",\"name\":\"Prefeito sanciona lei que pro\u00edbe canudos pl\u00e1sticos em Governador Valadares - Aconteceu no Vale\",\"isPartOf\":{\"@id\":\"https:\\\/\\\/aconteceunovale.com.br\\\/portal\\\/#website\"},\"primaryImageOfPage\":{\"@id\":\"https:\\\/\\\/aconteceunovale.com.br\\\/portal\\\/?p=157272#primaryimage\"},\"image\":{\"@id\":\"https:\\\/\\\/aconteceunovale.com.br\\\/portal\\\/?p=157272#primaryimage\"},\"thumbnailUrl\":\"https:\\\/\\\/aconteceunovale.com.br\\\/portal\\\/wp-content\\\/uploads\\\/2020\\\/01\\\/canudos_plasticos.jpg\",\"datePublished\":\"2020-01-11T21:12:03+00:00\",\"dateModified\":\"2020-01-11T21:13:52+00:00\",\"author\":{\"@id\":\"https:\\\/\\\/aconteceunovale.com.br\\\/portal\\\/#\\\/schema\\\/person\\\/633529146f2c94272bef50ac2953d589\"},\"breadcrumb\":{\"@id\":\"https:\\\/\\\/aconteceunovale.com.br\\\/portal\\\/?p=157272#breadcrumb\"},\"inLanguage\":\"pt-BR\",\"potentialAction\":[{\"@type\":\"ReadAction\",\"target\":[\"https:\\\/\\\/aconteceunovale.com.br\\\/portal\\\/?p=157272\"]}]},{\"@type\":\"ImageObject\",\"inLanguage\":\"pt-BR\",\"@id\":\"https:\\\/\\\/aconteceunovale.com.br\\\/portal\\\/?p=157272#primaryimage\",\"url\":\"https:\\\/\\\/aconteceunovale.com.br\\\/portal\\\/wp-content\\\/uploads\\\/2020\\\/01\\\/canudos_plasticos.jpg\",\"contentUrl\":\"https:\\\/\\\/aconteceunovale.com.br\\\/portal\\\/wp-content\\\/uploads\\\/2020\\\/01\\\/canudos_plasticos.jpg\",\"width\":774,\"height\":501},{\"@type\":\"BreadcrumbList\",\"@id\":\"https:\\\/\\\/aconteceunovale.com.br\\\/portal\\\/?p=157272#breadcrumb\",\"itemListElement\":[{\"@type\":\"ListItem\",\"position\":1,\"name\":\"In\u00edcio\",\"item\":\"https:\\\/\\\/aconteceunovale.com.br\\\/portal\\\/\"},{\"@type\":\"ListItem\",\"position\":2,\"name\":\"Prefeito sanciona lei que pro\u00edbe canudos pl\u00e1sticos em Governador Valadares\"}]},{\"@type\":\"WebSite\",\"@id\":\"https:\\\/\\\/aconteceunovale.com.br\\\/portal\\\/#website\",\"url\":\"https:\\\/\\\/aconteceunovale.com.br\\\/portal\\\/\",\"name\":\"Aconteceu no Vale\",\"description\":\"Portal de Not\u00edcias\",\"potentialAction\":[{\"@type\":\"SearchAction\",\"target\":{\"@type\":\"EntryPoint\",\"urlTemplate\":\"https:\\\/\\\/aconteceunovale.com.br\\\/portal\\\/?s={search_term_string}\"},\"query-input\":{\"@type\":\"PropertyValueSpecification\",\"valueRequired\":true,\"valueName\":\"search_term_string\"}}],\"inLanguage\":\"pt-BR\"},{\"@type\":\"Person\",\"@id\":\"https:\\\/\\\/aconteceunovale.com.br\\\/portal\\\/#\\\/schema\\\/person\\\/633529146f2c94272bef50ac2953d589\",\"name\":\"Aconteceu no Vale\",\"description\":\"Equipe de reportagem do Aconteceu no Vale, portal de not\u00edcias do Vale do Jequitinhonha, em Minas Gerais. Cobrimos as 51 cidades do Vale desde 2013. Sugest\u00f5es de pauta e pedidos de corre\u00e7\u00e3o: contato@aconteceunovale.com.br\",\"sameAs\":[\"http:\\\/\\\/www.aconteceunovale.com.br\"],\"url\":\"https:\\\/\\\/aconteceunovale.com.br\\\/portal\\\/?author=1\"}]}<\/script>\n<!-- \/ Yoast SEO plugin. -->","yoast_head_json":{"title":"Prefeito sanciona lei que pro\u00edbe canudos pl\u00e1sticos em Governador Valadares - Aconteceu no Vale","robots":{"index":"index","follow":"follow","max-snippet":"max-snippet:-1","max-image-preview":"max-image-preview:large","max-video-preview":"max-video-preview:-1"},"canonical":"https:\/\/aconteceunovale.com.br\/portal\/?p=157272","og_locale":"pt_BR","og_type":"article","og_title":"Prefeito sanciona lei que pro\u00edbe canudos pl\u00e1sticos em Governador Valadares - Aconteceu no Vale","og_description":"Que os canudos de pl\u00e1stico s\u00e3o pr\u00e1ticos e de f\u00e1cil descarte, isso n\u00e3o se discute. Basta entrar em qualquer lanchonete ou bar que sempre tem algu\u00e9m utilizando para consumir refrigerante ou suco. Mas os impactos negativos que os canudos trazem ao meio ambiente e o risco \u00e0 fauna tornou sua proibi\u00e7\u00e3o um caminho irrevers\u00edvel. Por [&hellip;]","og_url":"https:\/\/aconteceunovale.com.br\/portal\/?p=157272","og_site_name":"Aconteceu no Vale","article_publisher":"https:\/\/www.facebook.com\/aconteceunovale\/","article_published_time":"2020-01-11T21:12:03+00:00","article_modified_time":"2020-01-11T21:13:52+00:00","og_image":[{"width":774,"height":501,"url":"https:\/\/aconteceunovale.com.br\/portal\/wp-content\/uploads\/2020\/01\/canudos_plasticos.jpg","type":"image\/jpeg"}],"author":"Aconteceu no Vale","twitter_card":"summary_large_image","twitter_creator":"@noticiadosvales","twitter_site":"@noticiadosvales","twitter_misc":{"Escrito por":"Aconteceu no Vale","Est. tempo de leitura":"2 minutos"},"schema":{"@context":"https:\/\/schema.org","@graph":[{"@type":"Article","@id":"https:\/\/aconteceunovale.com.br\/portal\/?p=157272#article","isPartOf":{"@id":"https:\/\/aconteceunovale.com.br\/portal\/?p=157272"},"author":{"name":"Aconteceu no Vale","@id":"https:\/\/aconteceunovale.com.br\/portal\/#\/schema\/person\/633529146f2c94272bef50ac2953d589"},"headline":"Prefeito sanciona lei que pro\u00edbe canudos pl\u00e1sticos em Governador Valadares","datePublished":"2020-01-11T21:12:03+00:00","dateModified":"2020-01-11T21:13:52+00:00","mainEntityOfPage":{"@id":"https:\/\/aconteceunovale.com.br\/portal\/?p=157272"},"wordCount":340,"commentCount":0,"image":{"@id":"https:\/\/aconteceunovale.com.br\/portal\/?p=157272#primaryimage"},"thumbnailUrl":"https:\/\/aconteceunovale.com.br\/portal\/wp-content\/uploads\/2020\/01\/canudos_plasticos.jpg","keywords":["C\u00e2mara de Governador Valadares","Canudos pl\u00e1sticos em Governador Valadares","Canudos pl\u00e1sticos s\u00e3o proibidos em Governador Valadares","destaque","Governador Valadares","prefeito de Governador Valadares","Prefeito sanciona lei que pro\u00edbe canudos pl\u00e1sticos em Governador Valadares","Prefeitura de Governador Valadares","Proibi\u00e7\u00e3o de canudos pl\u00e1sticos em Governador Valadares"],"articleSection":["Leste de Minas"],"inLanguage":"pt-BR","potentialAction":[{"@type":"CommentAction","name":"Comment","target":["https:\/\/aconteceunovale.com.br\/portal\/?p=157272#respond"]}]},{"@type":"WebPage","@id":"https:\/\/aconteceunovale.com.br\/portal\/?p=157272","url":"https:\/\/aconteceunovale.com.br\/portal\/?p=157272","name":"Prefeito sanciona lei que pro\u00edbe canudos pl\u00e1sticos em Governador Valadares - Aconteceu no Vale","isPartOf":{"@id":"https:\/\/aconteceunovale.com.br\/portal\/#website"},"primaryImageOfPage":{"@id":"https:\/\/aconteceunovale.com.br\/portal\/?p=157272#primaryimage"},"image":{"@id":"https:\/\/aconteceunovale.com.br\/portal\/?p=157272#primaryimage"},"thumbnailUrl":"https:\/\/aconteceunovale.com.br\/portal\/wp-content\/uploads\/2020\/01\/canudos_plasticos.jpg","datePublished":"2020-01-11T21:12:03+00:00","dateModified":"2020-01-11T21:13:52+00:00","author":{"@id":"https:\/\/aconteceunovale.com.br\/portal\/#\/schema\/person\/633529146f2c94272bef50ac2953d589"},"breadcrumb":{"@id":"https:\/\/aconteceunovale.com.br\/portal\/?p=157272#breadcrumb"},"inLanguage":"pt-BR","potentialAction":[{"@type":"ReadAction","target":["https:\/\/aconteceunovale.com.br\/portal\/?p=157272"]}]},{"@type":"ImageObject","inLanguage":"pt-BR","@id":"https:\/\/aconteceunovale.com.br\/portal\/?p=157272#primaryimage","url":"https:\/\/aconteceunovale.com.br\/portal\/wp-content\/uploads\/2020\/01\/canudos_plasticos.jpg","contentUrl":"https:\/\/aconteceunovale.com.br\/portal\/wp-content\/uploads\/2020\/01\/canudos_plasticos.jpg","width":774,"height":501},{"@type":"BreadcrumbList","@id":"https:\/\/aconteceunovale.com.br\/portal\/?p=157272#breadcrumb","itemListElement":[{"@type":"ListItem","position":1,"name":"In\u00edcio","item":"https:\/\/aconteceunovale.com.br\/portal\/"},{"@type":"ListItem","position":2,"name":"Prefeito sanciona lei que pro\u00edbe canudos pl\u00e1sticos em Governador Valadares"}]},{"@type":"WebSite","@id":"https:\/\/aconteceunovale.com.br\/portal\/#website","url":"https:\/\/aconteceunovale.com.br\/portal\/","name":"Aconteceu no Vale","description":"Portal de Not\u00edcias","potentialAction":[{"@type":"SearchAction","target":{"@type":"EntryPoint","urlTemplate":"https:\/\/aconteceunovale.com.br\/portal\/?s={search_term_string}"},"query-input":{"@type":"PropertyValueSpecification","valueRequired":true,"valueName":"search_term_string"}}],"inLanguage":"pt-BR"},{"@type":"Person","@id":"https:\/\/aconteceunovale.com.br\/portal\/#\/schema\/person\/633529146f2c94272bef50ac2953d589","name":"Aconteceu no Vale","description":"Equipe de reportagem do Aconteceu no Vale, portal de not\u00edcias do Vale do Jequitinhonha, em Minas Gerais. Cobrimos as 51 cidades do Vale desde 2013. Sugest\u00f5es de pauta e pedidos de corre\u00e7\u00e3o: contato@aconteceunovale.com.br","sameAs":["http:\/\/www.aconteceunovale.com.br"],"url":"https:\/\/aconteceunovale.com.br\/portal\/?author=1"}]}},"_links":{"self":[{"href":"https:\/\/aconteceunovale.com.br\/portal\/index.php?rest_route=\/wp\/v2\/posts\/157272","targetHints":{"allow":["GET"]}}],"collection":[{"href":"https:\/\/aconteceunovale.com.br\/portal\/index.php?rest_route=\/wp\/v2\/posts"}],"about":[{"href":"https:\/\/aconteceunovale.com.br\/portal\/index.php?rest_route=\/wp\/v2\/types\/post"}],"author":[{"embeddable":true,"href":"https:\/\/aconteceunovale.com.br\/portal\/index.php?rest_route=\/wp\/v2\/users\/1"}],"replies":[{"embeddable":true,"href":"https:\/\/aconteceunovale.com.br\/portal\/index.php?rest_route=%2Fwp%2Fv2%2Fcomments&post=157272"}],"version-history":[{"count":1,"href":"https:\/\/aconteceunovale.com.br\/portal\/index.php?rest_route=\/wp\/v2\/posts\/157272\/revisions"}],"predecessor-version":[{"id":157274,"href":"https:\/\/aconteceunovale.com.br\/portal\/index.php?rest_route=\/wp\/v2\/posts\/157272\/revisions\/157274"}],"wp:featuredmedia":[{"embeddable":true,"href":"https:\/\/aconteceunovale.com.br\/portal\/index.php?rest_route=\/wp\/v2\/media\/157273"}],"wp:attachment":[{"href":"https:\/\/aconteceunovale.com.br\/portal\/index.php?rest_route=%2Fwp%2Fv2%2Fmedia&parent=157272"}],"wp:term":[{"taxonomy":"category","embeddable":true,"href":"https:\/\/aconteceunovale.com.br\/portal\/index.php?rest_route=%2Fwp%2Fv2%2Fcategories&post=157272"},{"taxonomy":"post_tag","embeddable":true,"href":"https:\/\/aconteceunovale.com.br\/portal\/index.php?rest_route=%2Fwp%2Fv2%2Ftags&post=157272"}],"curies":[{"name":"wp","href":"https:\/\/api.w.org\/{rel}","templated":true}]}}