{"id":157250,"date":"2020-01-11T15:10:36","date_gmt":"2020-01-11T18:10:36","guid":{"rendered":"http:\/\/aconteceunovale.com.br\/portal\/?p=157250"},"modified":"2020-01-11T15:12:38","modified_gmt":"2020-01-11T18:12:38","slug":"carga-de-cerveja-e-saqueada-apos-acidente-na-br-116-em-teofilo-otoni","status":"publish","type":"post","link":"https:\/\/aconteceunovale.com.br\/portal\/?p=157250","title":{"rendered":"Carga de cerveja \u00e9 saqueada ap\u00f3s acidente na BR-116, em Te\u00f3filo Otoni"},"content":{"rendered":"\n<p class=\"wp-block-paragraph\">Uma carreta bi-trem carregada de cerveja tombou na BR-116, no\nmunic\u00edpio de Te\u00f3filo Otoni (MG), na noite de quinta-feira (09\/01\/2020). Segundo\ninforma\u00e7\u00f5es da Pol\u00edcia Rodovi\u00e1ria Federal (PRF), o ve\u00edculo trafegava na\nterceira faixa quando entrou na sarjeta de escoamento de \u00e1gua da chuva, pr\u00f3ximo\nao distrito de Mucuri, e o motorista perdeu o controle da dire\u00e7\u00e3o.<\/p>\n\n\n\n<p class=\"wp-block-paragraph\">Ainda de acordo com a\nPRF, o condutor da carreta n\u00e3o se feriu. J\u00e1 a carga de cerveja foi saqueada. <\/p>\n\n\n\n<p class=\"wp-block-paragraph\">Como o ve\u00edculo tombou na terceira faixa, segundo a PRF, o tr\u00e2nsito no trecho foi interrompido apenas durante a remo\u00e7\u00e3o do ve\u00edculo.<\/p>\n\n\n\n<figure class=\"wp-block-image size-large is-resized\"><img loading=\"lazy\" decoding=\"async\" src=\"http:\/\/aconteceunovale.com.br\/portal\/wp-content\/uploads\/2020\/01\/carga_cerveja_teo_1.jpg\" alt=\"\" class=\"wp-image-157251\" width=\"700\" height=\"526\" srcset=\"https:\/\/aconteceunovale.com.br\/portal\/wp-content\/uploads\/2020\/01\/carga_cerveja_teo_1.jpg 600w, https:\/\/aconteceunovale.com.br\/portal\/wp-content\/uploads\/2020\/01\/carga_cerveja_teo_1-300x225.jpg 300w, https:\/\/aconteceunovale.com.br\/portal\/wp-content\/uploads\/2020\/01\/carga_cerveja_teo_1-80x60.jpg 80w, https:\/\/aconteceunovale.com.br\/portal\/wp-content\/uploads\/2020\/01\/carga_cerveja_teo_1-265x198.jpg 265w, https:\/\/aconteceunovale.com.br\/portal\/wp-content\/uploads\/2020\/01\/carga_cerveja_teo_1-560x420.jpg 560w\" sizes=\"auto, (max-width: 700px) 100vw, 700px\" \/><figcaption><em>Foto: Pol\u00edcia Rodovi\u00e1ria Federal \/ Divulga\u00e7\u00e3o<\/em><\/figcaption><\/figure>\n\n\n\n<figure class=\"wp-block-image size-large is-resized\"><img loading=\"lazy\" decoding=\"async\" src=\"http:\/\/aconteceunovale.com.br\/portal\/wp-content\/uploads\/2020\/01\/carga_cerveja_teo_2.jpg\" alt=\"\" class=\"wp-image-157252\" width=\"700\" height=\"525\" srcset=\"https:\/\/aconteceunovale.com.br\/portal\/wp-content\/uploads\/2020\/01\/carga_cerveja_teo_2.jpg 600w, https:\/\/aconteceunovale.com.br\/portal\/wp-content\/uploads\/2020\/01\/carga_cerveja_teo_2-300x225.jpg 300w, https:\/\/aconteceunovale.com.br\/portal\/wp-content\/uploads\/2020\/01\/carga_cerveja_teo_2-80x60.jpg 80w, https:\/\/aconteceunovale.com.br\/portal\/wp-content\/uploads\/2020\/01\/carga_cerveja_teo_2-265x198.jpg 265w, https:\/\/aconteceunovale.com.br\/portal\/wp-content\/uploads\/2020\/01\/carga_cerveja_teo_2-560x420.jpg 560w\" sizes=\"auto, (max-width: 700px) 100vw, 700px\" \/><figcaption> <em>Foto: Pol\u00edcia Rodovi\u00e1ria Federal \/ Divulga\u00e7\u00e3o<\/em> <\/figcaption><\/figure>\n\n\n\n<p class=\"has-text-color has-background has-very-light-gray-color has-very-dark-gray-background-color wp-block-paragraph\">Quer saber as not\u00edcias do <strong>Aconteceu no Vale<\/strong> em primeira m\u00e3o? Siga-nos no Facebook <a rel=\"noreferrer noopener\" href=\"http:\/\/facebook.com\/aconteceunovale\" target=\"_blank\">@aconteceunovale<\/a>, Twitter <a rel=\"noreferrer noopener\" href=\"https:\/\/twitter.com\/noticiadosvales\" target=\"_blank\">@noticiadosvales<\/a> e Instagram <a rel=\"noreferrer noopener\" href=\"https:\/\/www.instagram.com\/aconteceunovale\" target=\"_blank\">@aconteceunovale<\/a>.<\/p>\n","protected":false},"excerpt":{"rendered":"<p>Uma carreta bi-trem carregada de cerveja tombou na BR-116, no munic\u00edpio de Te\u00f3filo Otoni (MG), na noite de quinta-feira (09\/01\/2020). Segundo informa\u00e7\u00f5es da Pol\u00edcia Rodovi\u00e1ria Federal (PRF), o ve\u00edculo trafegava na terceira faixa quando entrou na sarjeta de escoamento de \u00e1gua da chuva, pr\u00f3ximo ao distrito de Mucuri, e o motorista perdeu o controle da [&hellip;]<\/p>\n","protected":false},"author":1,"featured_media":157252,"comment_status":"open","ping_status":"closed","sticky":false,"template":"","format":"standard","meta":{"amp_status":"","footnotes":""},"categories":[122],"tags":[214238,214236,214235,3945,182,177586,214237,164],"class_list":["post-157250","post","type-post","status-publish","format-standard","has-post-thumbnail","hentry","category-mucuri","tag-acidente-com-carreta-de-cerveja-em-mucuri","tag-acidente-com-carreta-de-cerveja-em-teofilo-otoni","tag-acidente-com-carreta-de-cerveja-na-br-116-em-teofilo-otoni","tag-acidente-na-br-116","tag-br-116","tag-carga-de-cerveja-e-saqueada-apos-acidente-na-br-116","tag-carga-de-cerveja-e-saqueada-apos-acidente-na-br-116-em-teofilo-otoni","tag-teofilo-otoni"],"yoast_head":"<!-- This site is optimized with the Yoast SEO plugin v28.3 - https:\/\/yoast.com\/product\/yoast-seo-wordpress\/ -->\n<title>Carga de cerveja \u00e9 saqueada ap\u00f3s acidente na BR-116, em Te\u00f3filo Otoni - Aconteceu no Vale<\/title>\n<meta name=\"robots\" content=\"index, follow, max-snippet:-1, max-image-preview:large, max-video-preview:-1\" \/>\n<link rel=\"canonical\" href=\"https:\/\/aconteceunovale.com.br\/portal\/?p=157250\" \/>\n<meta property=\"og:locale\" content=\"pt_BR\" \/>\n<meta property=\"og:type\" content=\"article\" \/>\n<meta property=\"og:title\" content=\"Carga de cerveja \u00e9 saqueada ap\u00f3s acidente na BR-116, em Te\u00f3filo Otoni - Aconteceu no Vale\" \/>\n<meta property=\"og:description\" content=\"Uma carreta bi-trem carregada de cerveja tombou na BR-116, no munic\u00edpio de Te\u00f3filo Otoni (MG), na noite de quinta-feira (09\/01\/2020). Segundo informa\u00e7\u00f5es da Pol\u00edcia Rodovi\u00e1ria Federal (PRF), o ve\u00edculo trafegava na terceira faixa quando entrou na sarjeta de escoamento de \u00e1gua da chuva, pr\u00f3ximo ao distrito de Mucuri, e o motorista perdeu o controle da [&hellip;]\" \/>\n<meta property=\"og:url\" content=\"https:\/\/aconteceunovale.com.br\/portal\/?p=157250\" \/>\n<meta property=\"og:site_name\" content=\"Aconteceu no Vale\" \/>\n<meta property=\"article:publisher\" content=\"https:\/\/www.facebook.com\/aconteceunovale\/\" \/>\n<meta property=\"article:published_time\" content=\"2020-01-11T18:10:36+00:00\" \/>\n<meta property=\"article:modified_time\" content=\"2020-01-11T18:12:38+00:00\" \/>\n<meta property=\"og:image\" content=\"https:\/\/aconteceunovale.com.br\/portal\/wp-content\/uploads\/2020\/01\/carga_cerveja_teo_2.jpg\" \/>\n\t<meta property=\"og:image:width\" content=\"600\" \/>\n\t<meta property=\"og:image:height\" content=\"450\" \/>\n\t<meta property=\"og:image:type\" content=\"image\/jpeg\" \/>\n<meta name=\"author\" content=\"Aconteceu no Vale\" \/>\n<meta name=\"twitter:card\" content=\"summary_large_image\" \/>\n<meta name=\"twitter:creator\" content=\"@noticiadosvales\" \/>\n<meta name=\"twitter:site\" content=\"@noticiadosvales\" \/>\n<meta name=\"twitter:label1\" content=\"Escrito por\" \/>\n\t<meta name=\"twitter:data1\" content=\"Aconteceu no Vale\" \/>\n\t<meta name=\"twitter:label2\" content=\"Est. tempo de leitura\" \/>\n\t<meta name=\"twitter:data2\" content=\"1 minuto\" \/>\n<script type=\"application\/ld+json\" class=\"yoast-schema-graph\">{\"@context\":\"https:\\\/\\\/schema.org\",\"@graph\":[{\"@type\":\"Article\",\"@id\":\"https:\\\/\\\/aconteceunovale.com.br\\\/portal\\\/?p=157250#article\",\"isPartOf\":{\"@id\":\"https:\\\/\\\/aconteceunovale.com.br\\\/portal\\\/?p=157250\"},\"author\":{\"name\":\"Aconteceu no Vale\",\"@id\":\"https:\\\/\\\/aconteceunovale.com.br\\\/portal\\\/#\\\/schema\\\/person\\\/633529146f2c94272bef50ac2953d589\"},\"headline\":\"Carga de cerveja \u00e9 saqueada ap\u00f3s acidente na BR-116, em Te\u00f3filo Otoni\",\"datePublished\":\"2020-01-11T18:10:36+00:00\",\"dateModified\":\"2020-01-11T18:12:38+00:00\",\"mainEntityOfPage\":{\"@id\":\"https:\\\/\\\/aconteceunovale.com.br\\\/portal\\\/?p=157250\"},\"wordCount\":161,\"commentCount\":0,\"image\":{\"@id\":\"https:\\\/\\\/aconteceunovale.com.br\\\/portal\\\/?p=157250#primaryimage\"},\"thumbnailUrl\":\"https:\\\/\\\/aconteceunovale.com.br\\\/portal\\\/wp-content\\\/uploads\\\/2020\\\/01\\\/carga_cerveja_teo_2.jpg\",\"keywords\":[\"Acidente com carreta de cerveja em Mucuri\",\"Acidente com carreta de cerveja em Te\u00f3filo Otoni\",\"Acidente com carreta de cerveja na BR-116 em Te\u00f3filo Otoni\",\"acidente na br-116\",\"BR-116\",\"Carga de cerveja \u00e9 saqueada ap\u00f3s acidente na BR-116\",\"Carga de cerveja \u00e9 saqueada ap\u00f3s acidente na BR-116 em Te\u00f3filo Otoni\",\"Te\u00f3filo Otoni\"],\"articleSection\":[\"Vale do Mucuri\"],\"inLanguage\":\"pt-BR\",\"potentialAction\":[{\"@type\":\"CommentAction\",\"name\":\"Comment\",\"target\":[\"https:\\\/\\\/aconteceunovale.com.br\\\/portal\\\/?p=157250#respond\"]}]},{\"@type\":\"WebPage\",\"@id\":\"https:\\\/\\\/aconteceunovale.com.br\\\/portal\\\/?p=157250\",\"url\":\"https:\\\/\\\/aconteceunovale.com.br\\\/portal\\\/?p=157250\",\"name\":\"Carga de cerveja \u00e9 saqueada ap\u00f3s acidente na BR-116, em Te\u00f3filo Otoni - Aconteceu no Vale\",\"isPartOf\":{\"@id\":\"https:\\\/\\\/aconteceunovale.com.br\\\/portal\\\/#website\"},\"primaryImageOfPage\":{\"@id\":\"https:\\\/\\\/aconteceunovale.com.br\\\/portal\\\/?p=157250#primaryimage\"},\"image\":{\"@id\":\"https:\\\/\\\/aconteceunovale.com.br\\\/portal\\\/?p=157250#primaryimage\"},\"thumbnailUrl\":\"https:\\\/\\\/aconteceunovale.com.br\\\/portal\\\/wp-content\\\/uploads\\\/2020\\\/01\\\/carga_cerveja_teo_2.jpg\",\"datePublished\":\"2020-01-11T18:10:36+00:00\",\"dateModified\":\"2020-01-11T18:12:38+00:00\",\"author\":{\"@id\":\"https:\\\/\\\/aconteceunovale.com.br\\\/portal\\\/#\\\/schema\\\/person\\\/633529146f2c94272bef50ac2953d589\"},\"breadcrumb\":{\"@id\":\"https:\\\/\\\/aconteceunovale.com.br\\\/portal\\\/?p=157250#breadcrumb\"},\"inLanguage\":\"pt-BR\",\"potentialAction\":[{\"@type\":\"ReadAction\",\"target\":[\"https:\\\/\\\/aconteceunovale.com.br\\\/portal\\\/?p=157250\"]}]},{\"@type\":\"ImageObject\",\"inLanguage\":\"pt-BR\",\"@id\":\"https:\\\/\\\/aconteceunovale.com.br\\\/portal\\\/?p=157250#primaryimage\",\"url\":\"https:\\\/\\\/aconteceunovale.com.br\\\/portal\\\/wp-content\\\/uploads\\\/2020\\\/01\\\/carga_cerveja_teo_2.jpg\",\"contentUrl\":\"https:\\\/\\\/aconteceunovale.com.br\\\/portal\\\/wp-content\\\/uploads\\\/2020\\\/01\\\/carga_cerveja_teo_2.jpg\",\"width\":600,\"height\":450},{\"@type\":\"BreadcrumbList\",\"@id\":\"https:\\\/\\\/aconteceunovale.com.br\\\/portal\\\/?p=157250#breadcrumb\",\"itemListElement\":[{\"@type\":\"ListItem\",\"position\":1,\"name\":\"In\u00edcio\",\"item\":\"https:\\\/\\\/aconteceunovale.com.br\\\/portal\\\/\"},{\"@type\":\"ListItem\",\"position\":2,\"name\":\"Carga de cerveja \u00e9 saqueada ap\u00f3s acidente na BR-116, em Te\u00f3filo Otoni\"}]},{\"@type\":\"WebSite\",\"@id\":\"https:\\\/\\\/aconteceunovale.com.br\\\/portal\\\/#website\",\"url\":\"https:\\\/\\\/aconteceunovale.com.br\\\/portal\\\/\",\"name\":\"Aconteceu no Vale\",\"description\":\"Portal de Not\u00edcias\",\"potentialAction\":[{\"@type\":\"SearchAction\",\"target\":{\"@type\":\"EntryPoint\",\"urlTemplate\":\"https:\\\/\\\/aconteceunovale.com.br\\\/portal\\\/?s={search_term_string}\"},\"query-input\":{\"@type\":\"PropertyValueSpecification\",\"valueRequired\":true,\"valueName\":\"search_term_string\"}}],\"inLanguage\":\"pt-BR\"},{\"@type\":\"Person\",\"@id\":\"https:\\\/\\\/aconteceunovale.com.br\\\/portal\\\/#\\\/schema\\\/person\\\/633529146f2c94272bef50ac2953d589\",\"name\":\"Aconteceu no Vale\",\"description\":\"Equipe de reportagem do Aconteceu no Vale, portal de not\u00edcias do Vale do Jequitinhonha, em Minas Gerais. Cobrimos as 51 cidades do Vale desde 2013. Sugest\u00f5es de pauta e pedidos de corre\u00e7\u00e3o: contato@aconteceunovale.com.br\",\"sameAs\":[\"http:\\\/\\\/www.aconteceunovale.com.br\"],\"url\":\"https:\\\/\\\/aconteceunovale.com.br\\\/portal\\\/?author=1\"}]}<\/script>\n<!-- \/ Yoast SEO plugin. -->","yoast_head_json":{"title":"Carga de cerveja \u00e9 saqueada ap\u00f3s acidente na BR-116, em Te\u00f3filo Otoni - Aconteceu no Vale","robots":{"index":"index","follow":"follow","max-snippet":"max-snippet:-1","max-image-preview":"max-image-preview:large","max-video-preview":"max-video-preview:-1"},"canonical":"https:\/\/aconteceunovale.com.br\/portal\/?p=157250","og_locale":"pt_BR","og_type":"article","og_title":"Carga de cerveja \u00e9 saqueada ap\u00f3s acidente na BR-116, em Te\u00f3filo Otoni - Aconteceu no Vale","og_description":"Uma carreta bi-trem carregada de cerveja tombou na BR-116, no munic\u00edpio de Te\u00f3filo Otoni (MG), na noite de quinta-feira (09\/01\/2020). Segundo informa\u00e7\u00f5es da Pol\u00edcia Rodovi\u00e1ria Federal (PRF), o ve\u00edculo trafegava na terceira faixa quando entrou na sarjeta de escoamento de \u00e1gua da chuva, pr\u00f3ximo ao distrito de Mucuri, e o motorista perdeu o controle da [&hellip;]","og_url":"https:\/\/aconteceunovale.com.br\/portal\/?p=157250","og_site_name":"Aconteceu no Vale","article_publisher":"https:\/\/www.facebook.com\/aconteceunovale\/","article_published_time":"2020-01-11T18:10:36+00:00","article_modified_time":"2020-01-11T18:12:38+00:00","og_image":[{"width":600,"height":450,"url":"https:\/\/aconteceunovale.com.br\/portal\/wp-content\/uploads\/2020\/01\/carga_cerveja_teo_2.jpg","type":"image\/jpeg"}],"author":"Aconteceu no Vale","twitter_card":"summary_large_image","twitter_creator":"@noticiadosvales","twitter_site":"@noticiadosvales","twitter_misc":{"Escrito por":"Aconteceu no Vale","Est. tempo de leitura":"1 minuto"},"schema":{"@context":"https:\/\/schema.org","@graph":[{"@type":"Article","@id":"https:\/\/aconteceunovale.com.br\/portal\/?p=157250#article","isPartOf":{"@id":"https:\/\/aconteceunovale.com.br\/portal\/?p=157250"},"author":{"name":"Aconteceu no Vale","@id":"https:\/\/aconteceunovale.com.br\/portal\/#\/schema\/person\/633529146f2c94272bef50ac2953d589"},"headline":"Carga de cerveja \u00e9 saqueada ap\u00f3s acidente na BR-116, em Te\u00f3filo Otoni","datePublished":"2020-01-11T18:10:36+00:00","dateModified":"2020-01-11T18:12:38+00:00","mainEntityOfPage":{"@id":"https:\/\/aconteceunovale.com.br\/portal\/?p=157250"},"wordCount":161,"commentCount":0,"image":{"@id":"https:\/\/aconteceunovale.com.br\/portal\/?p=157250#primaryimage"},"thumbnailUrl":"https:\/\/aconteceunovale.com.br\/portal\/wp-content\/uploads\/2020\/01\/carga_cerveja_teo_2.jpg","keywords":["Acidente com carreta de cerveja em Mucuri","Acidente com carreta de cerveja em Te\u00f3filo Otoni","Acidente com carreta de cerveja na BR-116 em Te\u00f3filo Otoni","acidente na br-116","BR-116","Carga de cerveja \u00e9 saqueada ap\u00f3s acidente na BR-116","Carga de cerveja \u00e9 saqueada ap\u00f3s acidente na BR-116 em Te\u00f3filo Otoni","Te\u00f3filo Otoni"],"articleSection":["Vale do Mucuri"],"inLanguage":"pt-BR","potentialAction":[{"@type":"CommentAction","name":"Comment","target":["https:\/\/aconteceunovale.com.br\/portal\/?p=157250#respond"]}]},{"@type":"WebPage","@id":"https:\/\/aconteceunovale.com.br\/portal\/?p=157250","url":"https:\/\/aconteceunovale.com.br\/portal\/?p=157250","name":"Carga de cerveja \u00e9 saqueada ap\u00f3s acidente na BR-116, em Te\u00f3filo Otoni - Aconteceu no Vale","isPartOf":{"@id":"https:\/\/aconteceunovale.com.br\/portal\/#website"},"primaryImageOfPage":{"@id":"https:\/\/aconteceunovale.com.br\/portal\/?p=157250#primaryimage"},"image":{"@id":"https:\/\/aconteceunovale.com.br\/portal\/?p=157250#primaryimage"},"thumbnailUrl":"https:\/\/aconteceunovale.com.br\/portal\/wp-content\/uploads\/2020\/01\/carga_cerveja_teo_2.jpg","datePublished":"2020-01-11T18:10:36+00:00","dateModified":"2020-01-11T18:12:38+00:00","author":{"@id":"https:\/\/aconteceunovale.com.br\/portal\/#\/schema\/person\/633529146f2c94272bef50ac2953d589"},"breadcrumb":{"@id":"https:\/\/aconteceunovale.com.br\/portal\/?p=157250#breadcrumb"},"inLanguage":"pt-BR","potentialAction":[{"@type":"ReadAction","target":["https:\/\/aconteceunovale.com.br\/portal\/?p=157250"]}]},{"@type":"ImageObject","inLanguage":"pt-BR","@id":"https:\/\/aconteceunovale.com.br\/portal\/?p=157250#primaryimage","url":"https:\/\/aconteceunovale.com.br\/portal\/wp-content\/uploads\/2020\/01\/carga_cerveja_teo_2.jpg","contentUrl":"https:\/\/aconteceunovale.com.br\/portal\/wp-content\/uploads\/2020\/01\/carga_cerveja_teo_2.jpg","width":600,"height":450},{"@type":"BreadcrumbList","@id":"https:\/\/aconteceunovale.com.br\/portal\/?p=157250#breadcrumb","itemListElement":[{"@type":"ListItem","position":1,"name":"In\u00edcio","item":"https:\/\/aconteceunovale.com.br\/portal\/"},{"@type":"ListItem","position":2,"name":"Carga de cerveja \u00e9 saqueada ap\u00f3s acidente na BR-116, em Te\u00f3filo Otoni"}]},{"@type":"WebSite","@id":"https:\/\/aconteceunovale.com.br\/portal\/#website","url":"https:\/\/aconteceunovale.com.br\/portal\/","name":"Aconteceu no Vale","description":"Portal de Not\u00edcias","potentialAction":[{"@type":"SearchAction","target":{"@type":"EntryPoint","urlTemplate":"https:\/\/aconteceunovale.com.br\/portal\/?s={search_term_string}"},"query-input":{"@type":"PropertyValueSpecification","valueRequired":true,"valueName":"search_term_string"}}],"inLanguage":"pt-BR"},{"@type":"Person","@id":"https:\/\/aconteceunovale.com.br\/portal\/#\/schema\/person\/633529146f2c94272bef50ac2953d589","name":"Aconteceu no Vale","description":"Equipe de reportagem do Aconteceu no Vale, portal de not\u00edcias do Vale do Jequitinhonha, em Minas Gerais. Cobrimos as 51 cidades do Vale desde 2013. Sugest\u00f5es de pauta e pedidos de corre\u00e7\u00e3o: contato@aconteceunovale.com.br","sameAs":["http:\/\/www.aconteceunovale.com.br"],"url":"https:\/\/aconteceunovale.com.br\/portal\/?author=1"}]}},"_links":{"self":[{"href":"https:\/\/aconteceunovale.com.br\/portal\/index.php?rest_route=\/wp\/v2\/posts\/157250","targetHints":{"allow":["GET"]}}],"collection":[{"href":"https:\/\/aconteceunovale.com.br\/portal\/index.php?rest_route=\/wp\/v2\/posts"}],"about":[{"href":"https:\/\/aconteceunovale.com.br\/portal\/index.php?rest_route=\/wp\/v2\/types\/post"}],"author":[{"embeddable":true,"href":"https:\/\/aconteceunovale.com.br\/portal\/index.php?rest_route=\/wp\/v2\/users\/1"}],"replies":[{"embeddable":true,"href":"https:\/\/aconteceunovale.com.br\/portal\/index.php?rest_route=%2Fwp%2Fv2%2Fcomments&post=157250"}],"version-history":[{"count":1,"href":"https:\/\/aconteceunovale.com.br\/portal\/index.php?rest_route=\/wp\/v2\/posts\/157250\/revisions"}],"predecessor-version":[{"id":157253,"href":"https:\/\/aconteceunovale.com.br\/portal\/index.php?rest_route=\/wp\/v2\/posts\/157250\/revisions\/157253"}],"wp:featuredmedia":[{"embeddable":true,"href":"https:\/\/aconteceunovale.com.br\/portal\/index.php?rest_route=\/wp\/v2\/media\/157252"}],"wp:attachment":[{"href":"https:\/\/aconteceunovale.com.br\/portal\/index.php?rest_route=%2Fwp%2Fv2%2Fmedia&parent=157250"}],"wp:term":[{"taxonomy":"category","embeddable":true,"href":"https:\/\/aconteceunovale.com.br\/portal\/index.php?rest_route=%2Fwp%2Fv2%2Fcategories&post=157250"},{"taxonomy":"post_tag","embeddable":true,"href":"https:\/\/aconteceunovale.com.br\/portal\/index.php?rest_route=%2Fwp%2Fv2%2Ftags&post=157250"}],"curies":[{"name":"wp","href":"https:\/\/api.w.org\/{rel}","templated":true}]}}