{"id":157240,"date":"2020-01-11T14:33:52","date_gmt":"2020-01-11T17:33:52","guid":{"rendered":"http:\/\/aconteceunovale.com.br\/portal\/?p=157240"},"modified":"2020-01-11T14:35:13","modified_gmt":"2020-01-11T17:35:13","slug":"homem-e-preso-com-mais-de-seis-quilos-de-maconha-em-governador-valadares","status":"publish","type":"post","link":"https:\/\/aconteceunovale.com.br\/portal\/?p=157240","title":{"rendered":"Homem \u00e9 preso com mais de seis quilos de maconha em Governador Valadares"},"content":{"rendered":"\n<p>Um homem de 48 anos foi preso com mais de seis quilos de maconha\nem Governador Valadares, no Vale do Rio Doce, na noite de quinta-feira (09\/01\/2020).\nSegundo informa\u00e7\u00f5es da Pol\u00edcia Militar (PM), den\u00fancia an\u00f4nima indicou que o\nsuspeito estava praticando tr\u00e1fico de drogas na resid\u00eancia dele, na Rua Padre Rolim,\nno bairro Vila Rica.<\/p>\n\n\n\n<p>O entorpecente foi\nlocalizado no quarto de W.A.S. Em uma sacola, segundo a pol\u00edcia, foram\nencontradas 10 barras de maconha. Outras duas barras grandes e quatro m\u00e9dias\nestavam escondidas em uma mala debaixo da cama. Ao todo, foram apreendidos 6,2\nkg da droga.<\/p>\n\n\n\n<p>Os militares apreenderam ainda o celular do suspeito, R$ 42 em dinheiro e uma balan\u00e7a de precis\u00e3o. O homem e a droga foram encaminhados para a Delegacia de Pol\u00edcia Civil da cidade.<\/p>\n\n\n\n<figure class=\"wp-block-image size-large is-resized\"><img loading=\"lazy\" decoding=\"async\" src=\"http:\/\/aconteceunovale.com.br\/portal\/wp-content\/uploads\/2020\/01\/drogas_gv_maconha.jpg\" alt=\"\" class=\"wp-image-157241\" width=\"700\" height=\"455\" srcset=\"https:\/\/aconteceunovale.com.br\/portal\/wp-content\/uploads\/2020\/01\/drogas_gv_maconha.jpg 678w, https:\/\/aconteceunovale.com.br\/portal\/wp-content\/uploads\/2020\/01\/drogas_gv_maconha-300x195.jpg 300w, https:\/\/aconteceunovale.com.br\/portal\/wp-content\/uploads\/2020\/01\/drogas_gv_maconha-646x420.jpg 646w\" sizes=\"auto, (max-width: 700px) 100vw, 700px\" \/><figcaption><em> Foto: Pol\u00edcia Militar \/ Divulga\u00e7\u00e3o <\/em><\/figcaption><\/figure>\n\n\n\n<p class=\"has-text-color has-background has-very-light-gray-color has-very-dark-gray-background-color\">Quer saber as not\u00edcias do <strong>Aconteceu no Vale<\/strong> em primeira m\u00e3o? Siga-nos no Facebook <a rel=\"noreferrer noopener\" href=\"http:\/\/facebook.com\/aconteceunovale\" target=\"_blank\">@aconteceunovale<\/a>, Twitter <a rel=\"noreferrer noopener\" href=\"https:\/\/twitter.com\/noticiadosvales\" target=\"_blank\">@noticiadosvales<\/a> e Instagram <a rel=\"noreferrer noopener\" href=\"https:\/\/www.instagram.com\/aconteceunovale\" target=\"_blank\">@aconteceunovale<\/a>.<\/p>\n","protected":false},"excerpt":{"rendered":"<p>Um homem de 48 anos foi preso com mais de seis quilos de maconha em Governador Valadares, no Vale do Rio Doce, na noite de quinta-feira (09\/01\/2020). Segundo informa\u00e7\u00f5es da Pol\u00edcia Militar (PM), den\u00fancia an\u00f4nima indicou que o suspeito estava praticando tr\u00e1fico de drogas na resid\u00eancia dele, na Rua Padre Rolim, no bairro Vila Rica. [&hellip;]<\/p>\n","protected":false},"author":1,"featured_media":157241,"comment_status":"open","ping_status":"closed","sticky":false,"template":"","format":"standard","meta":{"amp_status":"","footnotes":""},"categories":[121],"tags":[57714,99693,247,214217,190563,203186,76857,46661,99694],"class_list":["post-157240","post","type-post","status-publish","format-standard","has-post-thumbnail","hentry","category-leste","tag-apreensao-de-drogas-em-governador-valadares","tag-drogas-apreendidas-em-governador-valadares","tag-governador-valadares","tag-homem-e-preso-com-mais-de-seis-quilos-de-maconha-em-governador-valadares","tag-preso-com-maconha-em-governador-valadares","tag-prisao-de-traficante-em-governador-valadares","tag-traficante-preso-em-governador-valadares","tag-trafico-de-drogas-em-governador-valadares","tag-trafico-governador-valadares"],"_links":{"self":[{"href":"https:\/\/aconteceunovale.com.br\/portal\/index.php?rest_route=\/wp\/v2\/posts\/157240","targetHints":{"allow":["GET"]}}],"collection":[{"href":"https:\/\/aconteceunovale.com.br\/portal\/index.php?rest_route=\/wp\/v2\/posts"}],"about":[{"href":"https:\/\/aconteceunovale.com.br\/portal\/index.php?rest_route=\/wp\/v2\/types\/post"}],"author":[{"embeddable":true,"href":"https:\/\/aconteceunovale.com.br\/portal\/index.php?rest_route=\/wp\/v2\/users\/1"}],"replies":[{"embeddable":true,"href":"https:\/\/aconteceunovale.com.br\/portal\/index.php?rest_route=%2Fwp%2Fv2%2Fcomments&post=157240"}],"version-history":[{"count":1,"href":"https:\/\/aconteceunovale.com.br\/portal\/index.php?rest_route=\/wp\/v2\/posts\/157240\/revisions"}],"predecessor-version":[{"id":157242,"href":"https:\/\/aconteceunovale.com.br\/portal\/index.php?rest_route=\/wp\/v2\/posts\/157240\/revisions\/157242"}],"wp:featuredmedia":[{"embeddable":true,"href":"https:\/\/aconteceunovale.com.br\/portal\/index.php?rest_route=\/wp\/v2\/media\/157241"}],"wp:attachment":[{"href":"https:\/\/aconteceunovale.com.br\/portal\/index.php?rest_route=%2Fwp%2Fv2%2Fmedia&parent=157240"}],"wp:term":[{"taxonomy":"category","embeddable":true,"href":"https:\/\/aconteceunovale.com.br\/portal\/index.php?rest_route=%2Fwp%2Fv2%2Fcategories&post=157240"},{"taxonomy":"post_tag","embeddable":true,"href":"https:\/\/aconteceunovale.com.br\/portal\/index.php?rest_route=%2Fwp%2Fv2%2Ftags&post=157240"}],"curies":[{"name":"wp","href":"https:\/\/api.w.org\/{rel}","templated":true}]}}