{"id":157190,"date":"2020-01-09T22:28:38","date_gmt":"2020-01-10T01:28:38","guid":{"rendered":"http:\/\/aconteceunovale.com.br\/portal\/?p=157190"},"modified":"2020-01-09T22:29:40","modified_gmt":"2020-01-10T01:29:40","slug":"comerciante-e-assassinado-durante-assalto-em-governador-valadares","status":"publish","type":"post","link":"https:\/\/aconteceunovale.com.br\/portal\/?p=157190","title":{"rendered":"Comerciante \u00e9 assassinado durante assalto em Governador Valadares"},"content":{"rendered":"\n<p>Um homem de 41 anos foi assassinado em uma lanchonete na Avenida\nJK, em Governador Valadares (MG), na madrugada desta quinta-feira (09\/01\/2020).\nSegundo informa\u00e7\u00f5es da Pol\u00edcia Militar (PM), o comerciante Carlos Roberto\nPereira da Cruz foi surpreendido por dois indiv\u00edduos armados e encapuzados, que\nrenderam os funcion\u00e1rios e anunciaram o assalto.<\/p>\n\n\n\n<p>O dono do estabelecimento reagiu, foi baleado na cabe\u00e7a e\nmorreu no local.&nbsp; Um s\u00f3cio de Carlos\nconseguiu desarmar o assaltante e atirar contra ele.<\/p>\n\n\n\n<p>Ap\u00f3s a rea\u00e7\u00e3o das v\u00edtimas, um dos criminosos fugiu em um carro que o aguardava na porta do estabelecimento. O outro assaltante, de 31 anos, saiu correndo pela Avenida JK, mas foi encontrado em um posto de combust\u00edveis da regi\u00e3o. Ele foi encaminhado ao hospital da cidade com ferimento provocado por tiro e permaneceu internado sob escolta policial.<\/p>\n\n\n\n<p>A per\u00edcia esteve no local e liberou o corpo de Carlos Roberto para o Instituto M\u00e9dico Legal (IML) de Governador Valadares. Um rev\u00f3lver cal.38 foi apreendido. <\/p>\n\n\n\n<p>O crime ser\u00e1 investigado pela Pol\u00edcia Civil. <\/p>\n\n\n\n<figure class=\"wp-block-image size-large is-resized\"><img loading=\"lazy\" decoding=\"async\" src=\"http:\/\/aconteceunovale.com.br\/portal\/wp-content\/uploads\/2020\/01\/homicidio_gv_comerciante.jpg\" alt=\"\" class=\"wp-image-157191\" width=\"661\" height=\"405\" srcset=\"https:\/\/aconteceunovale.com.br\/portal\/wp-content\/uploads\/2020\/01\/homicidio_gv_comerciante.jpg 678w, https:\/\/aconteceunovale.com.br\/portal\/wp-content\/uploads\/2020\/01\/homicidio_gv_comerciante-300x184.jpg 300w\" sizes=\"auto, (max-width: 661px) 100vw, 661px\" \/><figcaption><em>Foto local: Roberto Higino \/ Foto v\u00edtima: Comando Geral<\/em><\/figcaption><\/figure>\n\n\n\n<p class=\"has-text-color has-background has-very-light-gray-color has-very-dark-gray-background-color\"><strong>VER PRIMEIRO: <\/strong>Receba as not\u00edcias do Aconteceu no Vale em primeira m\u00e3o. Clique em curtir no endere\u00e7o <a rel=\"noreferrer noopener\" href=\"https:\/\/www.facebook.com\/aconteceunovale\" target=\"_blank\">www.facebook.com\/aconteceunovale<\/a>.<\/p>\n","protected":false},"excerpt":{"rendered":"<p>Um homem de 41 anos foi assassinado em uma lanchonete na Avenida JK, em Governador Valadares (MG), na madrugada desta quinta-feira (09\/01\/2020). Segundo informa\u00e7\u00f5es da Pol\u00edcia Militar (PM), o comerciante Carlos Roberto Pereira da Cruz foi surpreendido por dois indiv\u00edduos armados e encapuzados, que renderam os funcion\u00e1rios e anunciaram o assalto. O dono do estabelecimento [&hellip;]<\/p>\n","protected":false},"author":1,"featured_media":157191,"comment_status":"open","ping_status":"closed","sticky":false,"template":"","format":"standard","meta":{"amp_status":"","footnotes":""},"categories":[121],"tags":[44655,214153,214149,214151,214152,247,8180,214150,32916,43038,214148],"class_list":["post-157190","post","type-post","status-publish","format-standard","has-post-thumbnail","hentry","category-leste","tag-assassinado-em-governador-valadares","tag-carlos-roberto-pereira-da-cruz","tag-comerciante-e-assassinado-durante-assalto-em-governador-valadares","tag-comerciante-morto-em-governador-valadares","tag-dono-de-lanchonete-morto-em-governador-valadares","tag-governador-valadares","tag-homicidio-em-governador-valadares","tag-morte-de-comerciante-em-governador-valadares","tag-morte-em-governador-valadares","tag-morto-em-governador-valadares","tag-policia-investiga-morte-de-comerciante-em-governador-valadares"],"_links":{"self":[{"href":"https:\/\/aconteceunovale.com.br\/portal\/index.php?rest_route=\/wp\/v2\/posts\/157190","targetHints":{"allow":["GET"]}}],"collection":[{"href":"https:\/\/aconteceunovale.com.br\/portal\/index.php?rest_route=\/wp\/v2\/posts"}],"about":[{"href":"https:\/\/aconteceunovale.com.br\/portal\/index.php?rest_route=\/wp\/v2\/types\/post"}],"author":[{"embeddable":true,"href":"https:\/\/aconteceunovale.com.br\/portal\/index.php?rest_route=\/wp\/v2\/users\/1"}],"replies":[{"embeddable":true,"href":"https:\/\/aconteceunovale.com.br\/portal\/index.php?rest_route=%2Fwp%2Fv2%2Fcomments&post=157190"}],"version-history":[{"count":1,"href":"https:\/\/aconteceunovale.com.br\/portal\/index.php?rest_route=\/wp\/v2\/posts\/157190\/revisions"}],"predecessor-version":[{"id":157192,"href":"https:\/\/aconteceunovale.com.br\/portal\/index.php?rest_route=\/wp\/v2\/posts\/157190\/revisions\/157192"}],"wp:featuredmedia":[{"embeddable":true,"href":"https:\/\/aconteceunovale.com.br\/portal\/index.php?rest_route=\/wp\/v2\/media\/157191"}],"wp:attachment":[{"href":"https:\/\/aconteceunovale.com.br\/portal\/index.php?rest_route=%2Fwp%2Fv2%2Fmedia&parent=157190"}],"wp:term":[{"taxonomy":"category","embeddable":true,"href":"https:\/\/aconteceunovale.com.br\/portal\/index.php?rest_route=%2Fwp%2Fv2%2Fcategories&post=157190"},{"taxonomy":"post_tag","embeddable":true,"href":"https:\/\/aconteceunovale.com.br\/portal\/index.php?rest_route=%2Fwp%2Fv2%2Ftags&post=157190"}],"curies":[{"name":"wp","href":"https:\/\/api.w.org\/{rel}","templated":true}]}}