{"id":157147,"date":"2020-01-08T21:41:41","date_gmt":"2020-01-09T00:41:41","guid":{"rendered":"http:\/\/aconteceunovale.com.br\/portal\/?p=157147"},"modified":"2020-01-08T21:44:29","modified_gmt":"2020-01-09T00:44:29","slug":"vitima-de-acidente-em-janauba-morre-apos-mais-de-uma-semana-internado","status":"publish","type":"post","link":"https:\/\/aconteceunovale.com.br\/portal\/?p=157147","title":{"rendered":"V\u00edtima de acidente em Jana\u00faba morre ap\u00f3s mais de uma semana internado"},"content":{"rendered":"\n<p>Um jovem de 24 anos morreu nesta quarta-feira (08\/01\/2020) ap\u00f3s sofrer um grave acidente em Jana\u00faba, no Norte de Minas, e ficar mais de uma semana internado. A moto da v\u00edtima Marcelo Izidoro Vieira foi atingida por um carro na noite do dia 29\/12\/2019. \u00a0Segundo a Pol\u00edcia Militar (PM), o autom\u00f3vel seguia em alta velocidade pelo cruzamento das ruas Mato Grosso e S\u00e3o Luiz. <\/p>\n\n\n\n<p>Marcelo foi socorrido pelo SAMU (Servi\u00e7o de Atendimento M\u00f3vel\nde Urg\u00eancia) e, devido aos ferimentos, foi encaminhado para a Santa Casa de\nMontes Claros. Ele n\u00e3o resistiu e veio a \u00f3bito nesta quarta-feira.<\/p>\n\n\n\n<p>O motorista do carro fugiu do local do acidente. O caso \u00e9 investigado pela Pol\u00edcia Civil. <\/p>\n\n\n\n<p class=\"has-text-color has-background has-very-light-gray-color has-very-dark-gray-background-color\"><strong>VER PRIMEIRO: <\/strong>Receba as not\u00edcias do Aconteceu no Vale em primeira m\u00e3o. Clique em curtir no endere\u00e7o <a rel=\"noreferrer noopener\" href=\"https:\/\/www.facebook.com\/aconteceunovale\" target=\"_blank\">www.facebook.com\/aconteceunovale<\/a>.<\/p>\n","protected":false},"excerpt":{"rendered":"<p>Um jovem de 24 anos morreu nesta quarta-feira (08\/01\/2020) ap\u00f3s sofrer um grave acidente em Jana\u00faba, no Norte de Minas, e ficar mais de uma semana internado. A moto da v\u00edtima Marcelo Izidoro Vieira foi atingida por um carro na noite do dia 29\/12\/2019. \u00a0Segundo a Pol\u00edcia Militar (PM), o autom\u00f3vel seguia em alta velocidade [&hellip;]<\/p>\n","protected":false},"author":1,"featured_media":151866,"comment_status":"open","ping_status":"closed","sticky":false,"template":"","format":"standard","meta":{"amp_status":"","footnotes":""},"categories":[1236],"tags":[1196,9852,214100,204,214101,210,214099],"class_list":["post-157147","post","type-post","status-publish","format-standard","has-post-thumbnail","hentry","category-norte_de_minas","tag-acidente-com-moto-em-janauba","tag-acidente-em-janauba","tag-acidente-entre-carro-e-moto-em-janauba","tag-janauba","tag-marcelo-izidoro-vieira","tag-montes-claros","tag-vitima-de-acidente-em-janauba-morre-apos-mais-de-uma-semana-internado"],"_links":{"self":[{"href":"https:\/\/aconteceunovale.com.br\/portal\/index.php?rest_route=\/wp\/v2\/posts\/157147","targetHints":{"allow":["GET"]}}],"collection":[{"href":"https:\/\/aconteceunovale.com.br\/portal\/index.php?rest_route=\/wp\/v2\/posts"}],"about":[{"href":"https:\/\/aconteceunovale.com.br\/portal\/index.php?rest_route=\/wp\/v2\/types\/post"}],"author":[{"embeddable":true,"href":"https:\/\/aconteceunovale.com.br\/portal\/index.php?rest_route=\/wp\/v2\/users\/1"}],"replies":[{"embeddable":true,"href":"https:\/\/aconteceunovale.com.br\/portal\/index.php?rest_route=%2Fwp%2Fv2%2Fcomments&post=157147"}],"version-history":[{"count":1,"href":"https:\/\/aconteceunovale.com.br\/portal\/index.php?rest_route=\/wp\/v2\/posts\/157147\/revisions"}],"predecessor-version":[{"id":157148,"href":"https:\/\/aconteceunovale.com.br\/portal\/index.php?rest_route=\/wp\/v2\/posts\/157147\/revisions\/157148"}],"wp:featuredmedia":[{"embeddable":true,"href":"https:\/\/aconteceunovale.com.br\/portal\/index.php?rest_route=\/wp\/v2\/media\/151866"}],"wp:attachment":[{"href":"https:\/\/aconteceunovale.com.br\/portal\/index.php?rest_route=%2Fwp%2Fv2%2Fmedia&parent=157147"}],"wp:term":[{"taxonomy":"category","embeddable":true,"href":"https:\/\/aconteceunovale.com.br\/portal\/index.php?rest_route=%2Fwp%2Fv2%2Fcategories&post=157147"},{"taxonomy":"post_tag","embeddable":true,"href":"https:\/\/aconteceunovale.com.br\/portal\/index.php?rest_route=%2Fwp%2Fv2%2Ftags&post=157147"}],"curies":[{"name":"wp","href":"https:\/\/api.w.org\/{rel}","templated":true}]}}