{"id":15700,"date":"2013-12-17T08:36:32","date_gmt":"2013-12-17T10:36:32","guid":{"rendered":"http:\/\/aconteceunovale.com.br\/portal\/?p=15700"},"modified":"2013-12-17T08:36:32","modified_gmt":"2013-12-17T10:36:32","slug":"incra-reconhece-territorio-quilombola-em-audiencia-publica-da-comissao-de-direitos-humanos-da-almg-em-almenara","status":"publish","type":"post","link":"https:\/\/aconteceunovale.com.br\/portal\/?p=15700","title":{"rendered":"Incra reconhece territ\u00f3rio quilombola em Audiencia p\u00fablica da Comissao de Direitos Humanos da ALMG em Almenara"},"content":{"rendered":"<p><strong><em>Comunidade tradicional reclama de morosidade do processo de regulariza\u00e7\u00e3o fundi\u00e1ria.<\/em><\/strong><\/p>\n<p><img decoding=\"async\" src=\"http:\/\/aconteceunovale.com.br\/portal\/wp-content\/uploads\/2013\/12\/fotos_almg_almenara_6.jpg\" alt=\"\" \/><br \/>\n<em>O Plen\u00e1rio da C\u00e2mara Municipal de Almenara ficou lotado de representantes de assentamentos e comunidades tradicionais da regi\u00e3o &#8211; Foto: Lia Priscila<\/em><\/p>\n<p>O superintendente regional do Instituto Nacional de Coloniza\u00e7\u00e3o e Reforma Agr\u00e1ria (Incra), Danilo Daniel Prado, informou nesta segunda-feira (16\/12\/13) que o relat\u00f3rio t\u00e9cnico de reconhecimento do territ\u00f3rio da comunidade quilombola Marob\u00e1 dos Teixeiras, em Almenara (Vale do Jequitinhonha), est\u00e1 aprovado e que a publica\u00e7\u00e3o do documento nos \u00f3rg\u00e3os oficiais ser\u00e1 efetivada nesta semana. A not\u00edcia foi transmitida durante a audi\u00eancia p\u00fablica da Comiss\u00e3o de Direitos Humanos da Assembleia Legislativa de Minas Gerais (ALMG) realizada na cidade.<\/p>\n<p>Na reuni\u00e3o, que atendeu a requerimento do presidente da comiss\u00e3o, deputado Durval \u00c2ngelo (PT), foram discutidas den\u00fancias de viola\u00e7\u00f5es de direitos humanos, amea\u00e7as e imin\u00eancia de conflitos fundi\u00e1rios na regi\u00e3o.<\/p>\n<p>A informa\u00e7\u00e3o do Incra foi para responder uma reclama\u00e7\u00e3o do coordenador da Comiss\u00e3o Pastoral da Terra, Edvaldo Ferreira Lopes. Ele questionou o atraso na publica\u00e7\u00e3o do relat\u00f3rio, cuja conclus\u00e3o havia sido prometida para dezembro de 2012. Questionando o que chamou de \u201cfalta de compromisso do Incra, que promete muito e faz pouco, ante tantos conflitos reincidentes\u201d, ele tamb\u00e9m denunciou a omiss\u00e3o da Justi\u00e7a e cobrou solu\u00e7\u00f5es efetivas para a situa\u00e7\u00e3o das fam\u00edlias que vivem na Fazenda Marob\u00e1 dos Teixeiras e tamb\u00e9m de outras comunidades da regi\u00e3o.<\/p>\n<p>Ao respond\u00ea-lo, o superintendente do Incra ressaltou que a publica\u00e7\u00e3o do relat\u00f3rio \u00e9 somente o in\u00edcio do processo de regulariza\u00e7\u00e3o fundi\u00e1ria. Questionado pelo deputado Rog\u00e9rio Correia (PT) sobre os passos seguintes para a concretiza\u00e7\u00e3o da demarca\u00e7\u00e3o e sobre prazos, Danilo Prado ressaltou que, uma vez publicado esse documento, os propriet\u00e1rios ter\u00e3o um per\u00edodo para contest\u00e1-lo. Passado tal prazo, o relat\u00f3rio segue para o Incra em Bras\u00edlia para ser ratificado e, na sequ\u00eancia, vai \u00e0 Presid\u00eancia da Rep\u00fablica para a publica\u00e7\u00e3o do decreto de homologa\u00e7\u00e3o. Segundo ele, esse processo todo s\u00f3 deve ser conclu\u00eddo em dezembro de 2014.<\/p>\n<p><strong>GALERIA DE FOTOS:<\/strong><br \/>\n<div id='gallery-1' class='gallery galleryid-15700 gallery-columns-4 gallery-size-thumbnail'><figure class='gallery-item'>\n\t\t\t<div class='gallery-icon landscape'>\n\t\t\t\t<a href='https:\/\/aconteceunovale.com.br\/portal\/wp-content\/uploads\/2013\/12\/fotos_almg_almenara_1.jpg'><img loading=\"lazy\" decoding=\"async\" width=\"150\" height=\"150\" src=\"https:\/\/aconteceunovale.com.br\/portal\/wp-content\/uploads\/2013\/12\/fotos_almg_almenara_1-150x150.jpg\" class=\"attachment-thumbnail size-thumbnail\" alt=\"\" \/><\/a>\n\t\t\t<\/div><\/figure><figure class='gallery-item'>\n\t\t\t<div class='gallery-icon landscape'>\n\t\t\t\t<a href='https:\/\/aconteceunovale.com.br\/portal\/wp-content\/uploads\/2013\/12\/fotos_almg_almenara_2.jpg'><img loading=\"lazy\" decoding=\"async\" width=\"150\" height=\"150\" src=\"https:\/\/aconteceunovale.com.br\/portal\/wp-content\/uploads\/2013\/12\/fotos_almg_almenara_2-150x150.jpg\" class=\"attachment-thumbnail size-thumbnail\" alt=\"\" \/><\/a>\n\t\t\t<\/div><\/figure><figure class='gallery-item'>\n\t\t\t<div class='gallery-icon landscape'>\n\t\t\t\t<a href='https:\/\/aconteceunovale.com.br\/portal\/wp-content\/uploads\/2013\/12\/fotos_almg_almenara_3.jpg'><img loading=\"lazy\" decoding=\"async\" width=\"150\" height=\"150\" src=\"https:\/\/aconteceunovale.com.br\/portal\/wp-content\/uploads\/2013\/12\/fotos_almg_almenara_3-150x150.jpg\" class=\"attachment-thumbnail size-thumbnail\" alt=\"\" \/><\/a>\n\t\t\t<\/div><\/figure><figure class='gallery-item'>\n\t\t\t<div class='gallery-icon landscape'>\n\t\t\t\t<a href='https:\/\/aconteceunovale.com.br\/portal\/wp-content\/uploads\/2013\/12\/fotos_almg_almenara_4.jpg'><img loading=\"lazy\" decoding=\"async\" width=\"150\" height=\"150\" src=\"https:\/\/aconteceunovale.com.br\/portal\/wp-content\/uploads\/2013\/12\/fotos_almg_almenara_4-150x150.jpg\" class=\"attachment-thumbnail size-thumbnail\" alt=\"\" \/><\/a>\n\t\t\t<\/div><\/figure><figure class='gallery-item'>\n\t\t\t<div class='gallery-icon landscape'>\n\t\t\t\t<a href='https:\/\/aconteceunovale.com.br\/portal\/wp-content\/uploads\/2013\/12\/fotos_almg_almenara_5.jpg'><img loading=\"lazy\" decoding=\"async\" width=\"150\" height=\"150\" src=\"https:\/\/aconteceunovale.com.br\/portal\/wp-content\/uploads\/2013\/12\/fotos_almg_almenara_5-150x150.jpg\" class=\"attachment-thumbnail size-thumbnail\" alt=\"\" \/><\/a>\n\t\t\t<\/div><\/figure><figure class='gallery-item'>\n\t\t\t<div class='gallery-icon landscape'>\n\t\t\t\t<a href='https:\/\/aconteceunovale.com.br\/portal\/wp-content\/uploads\/2013\/12\/fotos_almg_almenara_6.jpg'><img loading=\"lazy\" decoding=\"async\" width=\"150\" height=\"150\" src=\"https:\/\/aconteceunovale.com.br\/portal\/wp-content\/uploads\/2013\/12\/fotos_almg_almenara_6-150x150.jpg\" class=\"attachment-thumbnail size-thumbnail\" alt=\"\" \/><\/a>\n\t\t\t<\/div><\/figure><figure class='gallery-item'>\n\t\t\t<div class='gallery-icon landscape'>\n\t\t\t\t<a href='https:\/\/aconteceunovale.com.br\/portal\/wp-content\/uploads\/2013\/12\/fotos_almg_almenara_7.jpg'><img loading=\"lazy\" decoding=\"async\" width=\"150\" height=\"150\" src=\"https:\/\/aconteceunovale.com.br\/portal\/wp-content\/uploads\/2013\/12\/fotos_almg_almenara_7-150x150.jpg\" class=\"attachment-thumbnail size-thumbnail\" alt=\"\" \/><\/a>\n\t\t\t<\/div><\/figure><figure class='gallery-item'>\n\t\t\t<div class='gallery-icon '>\n\t\t\t\t<a href='https:\/\/aconteceunovale.com.br\/portal\/wp-content\/uploads\/2013\/12\/fotos_almg_almenara_8.jpg'><img loading=\"lazy\" decoding=\"async\" width=\"1\" height=\"1\" src=\"https:\/\/aconteceunovale.com.br\/portal\/wp-content\/uploads\/2013\/12\/fotos_almg_almenara_8.jpg\" class=\"attachment-thumbnail size-thumbnail\" alt=\"\" \/><\/a>\n\t\t\t<\/div><\/figure><figure class='gallery-item'>\n\t\t\t<div class='gallery-icon '>\n\t\t\t\t<a href='https:\/\/aconteceunovale.com.br\/portal\/wp-content\/uploads\/2013\/12\/fotos_almg_almenara_9.jpg'><img loading=\"lazy\" decoding=\"async\" width=\"1\" height=\"1\" src=\"https:\/\/aconteceunovale.com.br\/portal\/wp-content\/uploads\/2013\/12\/fotos_almg_almenara_9.jpg\" class=\"attachment-thumbnail size-thumbnail\" alt=\"\" \/><\/a>\n\t\t\t<\/div><\/figure><figure class='gallery-item'>\n\t\t\t<div class='gallery-icon '>\n\t\t\t\t<a href='https:\/\/aconteceunovale.com.br\/portal\/wp-content\/uploads\/2013\/12\/fotos_almg_almenara_10.jpg'><img loading=\"lazy\" decoding=\"async\" width=\"1\" height=\"1\" src=\"https:\/\/aconteceunovale.com.br\/portal\/wp-content\/uploads\/2013\/12\/fotos_almg_almenara_10.jpg\" class=\"attachment-thumbnail size-thumbnail\" alt=\"\" \/><\/a>\n\t\t\t<\/div><\/figure><figure class='gallery-item'>\n\t\t\t<div class='gallery-icon portrait'>\n\t\t\t\t<a href='https:\/\/aconteceunovale.com.br\/portal\/wp-content\/uploads\/2013\/12\/fotos_almg_almenara_11.jpg'><img loading=\"lazy\" decoding=\"async\" width=\"150\" height=\"150\" src=\"https:\/\/aconteceunovale.com.br\/portal\/wp-content\/uploads\/2013\/12\/fotos_almg_almenara_11-150x150.jpg\" class=\"attachment-thumbnail size-thumbnail\" alt=\"\" \/><\/a>\n\t\t\t<\/div><\/figure><figure class='gallery-item'>\n\t\t\t<div class='gallery-icon landscape'>\n\t\t\t\t<a href='https:\/\/aconteceunovale.com.br\/portal\/wp-content\/uploads\/2013\/12\/fotos_almg_almenara_12.jpg'><img loading=\"lazy\" decoding=\"async\" width=\"150\" height=\"150\" src=\"https:\/\/aconteceunovale.com.br\/portal\/wp-content\/uploads\/2013\/12\/fotos_almg_almenara_12-150x150.jpg\" class=\"attachment-thumbnail size-thumbnail\" alt=\"\" \/><\/a>\n\t\t\t<\/div><\/figure><figure class='gallery-item'>\n\t\t\t<div class='gallery-icon '>\n\t\t\t\t<a href='https:\/\/aconteceunovale.com.br\/portal\/wp-content\/uploads\/2013\/12\/fotos_almg_almenara_13.jpg'><img loading=\"lazy\" decoding=\"async\" width=\"1\" height=\"1\" src=\"https:\/\/aconteceunovale.com.br\/portal\/wp-content\/uploads\/2013\/12\/fotos_almg_almenara_13.jpg\" class=\"attachment-thumbnail size-thumbnail\" alt=\"\" \/><\/a>\n\t\t\t<\/div><\/figure><figure class='gallery-item'>\n\t\t\t<div class='gallery-icon landscape'>\n\t\t\t\t<a href='https:\/\/aconteceunovale.com.br\/portal\/wp-content\/uploads\/2013\/12\/fotos_almg_almenara_14.jpg'><img loading=\"lazy\" decoding=\"async\" width=\"150\" height=\"150\" src=\"https:\/\/aconteceunovale.com.br\/portal\/wp-content\/uploads\/2013\/12\/fotos_almg_almenara_14-150x150.jpg\" class=\"attachment-thumbnail size-thumbnail\" alt=\"\" \/><\/a>\n\t\t\t<\/div><\/figure><figure class='gallery-item'>\n\t\t\t<div class='gallery-icon landscape'>\n\t\t\t\t<a href='https:\/\/aconteceunovale.com.br\/portal\/wp-content\/uploads\/2013\/12\/fotos_almg_almenara_15.jpg'><img loading=\"lazy\" decoding=\"async\" width=\"150\" height=\"150\" src=\"https:\/\/aconteceunovale.com.br\/portal\/wp-content\/uploads\/2013\/12\/fotos_almg_almenara_15-150x150.jpg\" class=\"attachment-thumbnail size-thumbnail\" alt=\"\" \/><\/a>\n\t\t\t<\/div><\/figure><figure class='gallery-item'>\n\t\t\t<div class='gallery-icon portrait'>\n\t\t\t\t<a href='https:\/\/aconteceunovale.com.br\/portal\/wp-content\/uploads\/2013\/12\/fotos_almg_almenara_16.jpg'><img loading=\"lazy\" decoding=\"async\" width=\"150\" height=\"150\" src=\"https:\/\/aconteceunovale.com.br\/portal\/wp-content\/uploads\/2013\/12\/fotos_almg_almenara_16-150x150.jpg\" class=\"attachment-thumbnail size-thumbnail\" alt=\"\" \/><\/a>\n\t\t\t<\/div><\/figure><figure class='gallery-item'>\n\t\t\t<div class='gallery-icon '>\n\t\t\t\t<a href='https:\/\/aconteceunovale.com.br\/portal\/wp-content\/uploads\/2013\/12\/fotos_almg_almenara_17.jpg'><img loading=\"lazy\" decoding=\"async\" width=\"1\" height=\"1\" src=\"https:\/\/aconteceunovale.com.br\/portal\/wp-content\/uploads\/2013\/12\/fotos_almg_almenara_17.jpg\" class=\"attachment-thumbnail size-thumbnail\" alt=\"\" \/><\/a>\n\t\t\t<\/div><\/figure><figure class='gallery-item'>\n\t\t\t<div class='gallery-icon '>\n\t\t\t\t<a href='https:\/\/aconteceunovale.com.br\/portal\/wp-content\/uploads\/2013\/12\/fotos_almg_almenara_18.jpg'><img loading=\"lazy\" decoding=\"async\" width=\"1\" height=\"1\" src=\"https:\/\/aconteceunovale.com.br\/portal\/wp-content\/uploads\/2013\/12\/fotos_almg_almenara_18.jpg\" class=\"attachment-thumbnail size-thumbnail\" alt=\"\" \/><\/a>\n\t\t\t<\/div><\/figure><figure class='gallery-item'>\n\t\t\t<div class='gallery-icon landscape'>\n\t\t\t\t<a href='https:\/\/aconteceunovale.com.br\/portal\/wp-content\/uploads\/2013\/12\/fotos_almg_almenara_19.jpg'><img loading=\"lazy\" decoding=\"async\" width=\"150\" height=\"150\" src=\"https:\/\/aconteceunovale.com.br\/portal\/wp-content\/uploads\/2013\/12\/fotos_almg_almenara_19-150x150.jpg\" class=\"attachment-thumbnail size-thumbnail\" alt=\"\" \/><\/a>\n\t\t\t<\/div><\/figure><figure class='gallery-item'>\n\t\t\t<div class='gallery-icon landscape'>\n\t\t\t\t<a href='https:\/\/aconteceunovale.com.br\/portal\/wp-content\/uploads\/2013\/12\/fotos_almg_almenara_20.jpg'><img loading=\"lazy\" decoding=\"async\" width=\"150\" height=\"150\" src=\"https:\/\/aconteceunovale.com.br\/portal\/wp-content\/uploads\/2013\/12\/fotos_almg_almenara_20-150x150.jpg\" class=\"attachment-thumbnail size-thumbnail\" alt=\"\" \/><\/a>\n\t\t\t<\/div><\/figure><figure class='gallery-item'>\n\t\t\t<div class='gallery-icon portrait'>\n\t\t\t\t<a href='https:\/\/aconteceunovale.com.br\/portal\/wp-content\/uploads\/2013\/12\/fotos_almg_almenara_21.jpg'><img loading=\"lazy\" decoding=\"async\" width=\"150\" height=\"150\" src=\"https:\/\/aconteceunovale.com.br\/portal\/wp-content\/uploads\/2013\/12\/fotos_almg_almenara_21-150x150.jpg\" class=\"attachment-thumbnail size-thumbnail\" alt=\"\" \/><\/a>\n\t\t\t<\/div><\/figure><figure class='gallery-item'>\n\t\t\t<div class='gallery-icon landscape'>\n\t\t\t\t<a href='https:\/\/aconteceunovale.com.br\/portal\/wp-content\/uploads\/2013\/12\/fotos_almg_almenara_22.jpg'><img loading=\"lazy\" decoding=\"async\" width=\"150\" height=\"150\" src=\"https:\/\/aconteceunovale.com.br\/portal\/wp-content\/uploads\/2013\/12\/fotos_almg_almenara_22-150x150.jpg\" class=\"attachment-thumbnail size-thumbnail\" alt=\"\" \/><\/a>\n\t\t\t<\/div><\/figure><figure class='gallery-item'>\n\t\t\t<div class='gallery-icon landscape'>\n\t\t\t\t<a href='https:\/\/aconteceunovale.com.br\/portal\/wp-content\/uploads\/2013\/12\/fotos_almg_almenara_23.jpg'><img loading=\"lazy\" decoding=\"async\" width=\"150\" height=\"150\" src=\"https:\/\/aconteceunovale.com.br\/portal\/wp-content\/uploads\/2013\/12\/fotos_almg_almenara_23-150x150.jpg\" class=\"attachment-thumbnail size-thumbnail\" alt=\"\" \/><\/a>\n\t\t\t<\/div><\/figure><figure class='gallery-item'>\n\t\t\t<div class='gallery-icon landscape'>\n\t\t\t\t<a href='https:\/\/aconteceunovale.com.br\/portal\/wp-content\/uploads\/2013\/12\/fotos_almg_almenara_24.jpg'><img loading=\"lazy\" decoding=\"async\" width=\"150\" height=\"150\" src=\"https:\/\/aconteceunovale.com.br\/portal\/wp-content\/uploads\/2013\/12\/fotos_almg_almenara_24-150x150.jpg\" class=\"attachment-thumbnail size-thumbnail\" alt=\"\" \/><\/a>\n\t\t\t<\/div><\/figure><figure class='gallery-item'>\n\t\t\t<div class='gallery-icon landscape'>\n\t\t\t\t<a href='https:\/\/aconteceunovale.com.br\/portal\/wp-content\/uploads\/2013\/12\/fotos_almg_almenara_25.jpg'><img loading=\"lazy\" decoding=\"async\" width=\"150\" height=\"150\" src=\"https:\/\/aconteceunovale.com.br\/portal\/wp-content\/uploads\/2013\/12\/fotos_almg_almenara_25-150x150.jpg\" class=\"attachment-thumbnail size-thumbnail\" alt=\"\" \/><\/a>\n\t\t\t<\/div><\/figure><figure class='gallery-item'>\n\t\t\t<div class='gallery-icon landscape'>\n\t\t\t\t<a href='https:\/\/aconteceunovale.com.br\/portal\/wp-content\/uploads\/2013\/12\/fotos_almg_almenara_26.jpg'><img loading=\"lazy\" decoding=\"async\" width=\"150\" height=\"150\" src=\"https:\/\/aconteceunovale.com.br\/portal\/wp-content\/uploads\/2013\/12\/fotos_almg_almenara_26-150x150.jpg\" class=\"attachment-thumbnail size-thumbnail\" alt=\"\" \/><\/a>\n\t\t\t<\/div><\/figure><figure class='gallery-item'>\n\t\t\t<div class='gallery-icon landscape'>\n\t\t\t\t<a href='https:\/\/aconteceunovale.com.br\/portal\/wp-content\/uploads\/2013\/12\/fotos_almg_almenara_27.jpg'><img loading=\"lazy\" decoding=\"async\" width=\"150\" height=\"150\" src=\"https:\/\/aconteceunovale.com.br\/portal\/wp-content\/uploads\/2013\/12\/fotos_almg_almenara_27-150x150.jpg\" class=\"attachment-thumbnail size-thumbnail\" alt=\"\" \/><\/a>\n\t\t\t<\/div><\/figure>\n\t\t<\/div>\n<br \/>\n<em>Fotos: Lia Priscila<\/em><\/p>\n<p><strong>Atua\u00e7\u00f5es do Incra e da Justi\u00e7a recebem cr\u00edticas<\/strong><\/p>\n<p>Houve uma rea\u00e7\u00e3o de revolta a esse prazo (final de 2014). Muitos dos moradores de comunidades tradicionais dos Vales do Jequitinhonha e Mucuri, al\u00e9m e representantes de movimentos sociais, questionaram a demora nas demarca\u00e7\u00f5es, queixando-se ainda da atua\u00e7\u00e3o do Incra de forma geral. Vereadores, autoridades e moradores de assentamentos e comunidades tradicionais reclamaram, tamb\u00e9m ,da postura do Poder Judici\u00e1rio em rela\u00e7\u00e3o \u00e0s den\u00fancias e \u00e0 reforma agr\u00e1ria.<\/p>\n<p>Para Maria Gomes Soares, coordenadora regional do Movimento dos Sem Terra (MST), \u201cfalta boa vontade por parte do Incra\u201d. &#8220;Os assentamentos n\u00e3o s\u00e3o feitos em terras produtivas, s\u00f3 em terras secas, incultiv\u00e1veis e sem a m\u00ednima estrutura\u201d, queixou-se. Ela tamb\u00e9m questionou a a\u00e7\u00e3o da Justi\u00e7a e o descaso do poder p\u00fablico, e insistiu na necessidade de se colocar em discuss\u00e3o uma efetiva estrat\u00e9gia para resolver, de fato, a situa\u00e7\u00e3o das fam\u00edlias nesses assentamentos e comunidades.<\/p>\n<p>Den\u00fancias similares foram feitas pelo coordenador do Centro de Apoio Operacional das Promotorias de Conflitos Agr\u00e1rios, o procurador Afonso Henrique de Miranda Teixeira. \u201cO Incra n\u00e3o est\u00e1 atuando como parceiro do Minist\u00e9rio P\u00fablico\u201d, afirmou. Em rela\u00e7\u00e3o ao Judici\u00e1rio, o procurador afirmou que o juiz da Vara Agr\u00e1ria, Ot\u00e1vio Almeida Neves, criminaliza trabalhadores rurais, desconsidera as terras de relev\u00e2ncia p\u00fablica, n\u00e3o aborda a fun\u00e7\u00e3o social da terra e ainda diz que n\u00e3o h\u00e1 terras devolutas ou conflitos agr\u00e1rios em Minas Gerais. Ele ainda informou que j\u00e1 h\u00e1 representa\u00e7\u00f5es contra o magistrado no \u00e2mbito do Conselho Nacional de Justi\u00e7a (CNJ).<\/p>\n<p>A diretora de Pol\u00edtica Agr\u00e1ria da Federa\u00e7\u00e3o dos Trabalhadores na Agricultura (Fetaemg), Maria Rita Fernandes Figueiredo, ressaltou o excesso de viol\u00eancia no campo. Ela denunciou atos como queima de lavouras, amea\u00e7as a fam\u00edlias e matan\u00e7a de animais de rebanhos dos assentados e quilombolas. Para Maria Rita a \u00fanica forma de se combater definitivamente esse problema \u00e9 concretizar a reforma agr\u00e1ria. \u201cOs governos Federal e Estadual viraram as costas para a reforma agr\u00e1ria. Aqui no Jequitinhonha a quest\u00e3o nunca se resolve. A responsabilidade do que est\u00e1 acontecendo n\u00e3o \u00e9 apenas de grandes empresas e do agroneg\u00f3cio, \u00e9 sobretudo dos governantes\u201d, criticou.<\/p>\n<p>Jurandir Dias de Souza, presidente da comunidade quilombola Marob\u00e1 dos Teixeira, assentada na Fazenda Marob\u00e1, queixou-se da demora do Incra em regularizar a situa\u00e7\u00e3o da comunidade. Ele ressaltou que s\u00e3o 68 fam\u00edlias vivendo em condi\u00e7\u00f5es prec\u00e1rias, sem posto de sa\u00fade, sem \u00e1gua encanada nem energia el\u00e9trica.<\/p>\n<p>O comandante do 44\u00ba Batalh\u00e3o da Pol\u00edcia Militar, tenente-coronel Romildo Scheffer, destacou a realiza\u00e7\u00e3o de a\u00e7\u00f5es e visitas \u00e0s comunidades com foco na preven\u00e7\u00e3o. Segundo ele, a PM tem registrado todas as situa\u00e7\u00f5es conflituosas e dado os devidos encaminhamentos, levando as den\u00fancias ao delegado.<\/p>\n<p><strong>Comiss\u00e3o vai cobrar provid\u00eancias<\/strong><\/p>\n<p>O deputado Durval \u00c2ngelo ressaltou que as notas taquigr\u00e1ficas da audi\u00eancia ser\u00e3o encaminhadas a diversos \u00f3rg\u00e3os p\u00fablicos, com os devidos pedidos de provid\u00eancias. Ele informou que as reclama\u00e7\u00f5es registradas contra o juiz Ot\u00e1vio Almeida Neves ser\u00e3o levadas \u00e0 Corregedoria do Tribunal de Justi\u00e7a e tamb\u00e9m ao CNJ.<\/p>\n<p>O presidente da comiss\u00e3o ainda disse que vai questionar a Cemig pelo descumprimento da norma federal que prioriza comunidades tradicionais na instala\u00e7\u00e3o de energia el\u00e9trica. Al\u00e9m disso, garantiu que acionar\u00e1 o procurador-geral de Justi\u00e7a e o promotor de Almenara, solicitando provid\u00eancias em rela\u00e7\u00e3o a todas as den\u00fancias registradas. Ele ainda disse que vai pedir ao delegado local os boletins que apontam conduta racista da irm\u00e3 da propriet\u00e1ria da Fazenda Marob\u00e1. E afirmou que enviar\u00e1 oficio \u00e0 prefeitura reivindicando melhorias no acesso \u00e0 educa\u00e7\u00e3o, \u00e0 sa\u00fade e ao transporte escolar.<\/p>\n<p>Os deputados Rog\u00e9rio Correia (PT) e Tadeu Martins Leite (PMDB) ratificaram todas as a\u00e7\u00f5es propostas pelo presidente da comiss\u00e3o. \u201c\u00c9 preciso cobrar dos governos municipal, estadual e federal uma solu\u00e7\u00e3o mais \u00e1gil\u201d, afirmou o deputado Tadeu Martins Leite.<\/p>\n<p>O deputado Rog\u00e9rio Correia aproveitou para registrar que tramitam na ALMG, projetos de lei que prop\u00f5em benef\u00edcios a pequenos produtores rurais, moradores de assentamentos e de comunidades tradicionais. \u201cPara que sejam efetivadas essas pol\u00edticas p\u00fablicas \u00e9 essencial que essas comunidades tenham acesso \u00e0 terra e, para isso, \u00e9 preciso agilizar a reforma agr\u00e1ria\u201d, concluiu.<\/p>\n<p>Por Dinor\u00e1 Oliveira (ALMG)<\/p>\n","protected":false},"excerpt":{"rendered":"<p>Comunidade tradicional reclama de morosidade do processo de regulariza\u00e7\u00e3o fundi\u00e1ria. O Plen\u00e1rio da C\u00e2mara Municipal de Almenara ficou lotado de representantes de assentamentos e comunidades tradicionais da regi\u00e3o &#8211; Foto: Lia Priscila O superintendente regional do Instituto Nacional de Coloniza\u00e7\u00e3o e Reforma Agr\u00e1ria (Incra), Danilo Daniel Prado, informou nesta segunda-feira (16\/12\/13) que o relat\u00f3rio t\u00e9cnico [&hellip;]<\/p>\n","protected":false},"author":1,"featured_media":15706,"comment_status":"open","ping_status":"closed","sticky":false,"template":"","format":"standard","meta":{"amp_status":"","footnotes":""},"categories":[120],"tags":[1827,142,752,1833,1828,1832,1829,374,1830,1831],"class_list":["post-15700","post","type-post","status-publish","format-standard","has-post-thumbnail","hentry","category-jequi","tag-agropecuaria","tag-almenara","tag-almg","tag-almg-em-almenara-no-vale-do-jequitinhonha","tag-direitos-humanos","tag-emprego-e-renda","tag-meio-ambiente","tag-municipios-e-desenvolvimento-regional","tag-politica-fundiaria","tag-trabalho"],"_links":{"self":[{"href":"https:\/\/aconteceunovale.com.br\/portal\/index.php?rest_route=\/wp\/v2\/posts\/15700","targetHints":{"allow":["GET"]}}],"collection":[{"href":"https:\/\/aconteceunovale.com.br\/portal\/index.php?rest_route=\/wp\/v2\/posts"}],"about":[{"href":"https:\/\/aconteceunovale.com.br\/portal\/index.php?rest_route=\/wp\/v2\/types\/post"}],"author":[{"embeddable":true,"href":"https:\/\/aconteceunovale.com.br\/portal\/index.php?rest_route=\/wp\/v2\/users\/1"}],"replies":[{"embeddable":true,"href":"https:\/\/aconteceunovale.com.br\/portal\/index.php?rest_route=%2Fwp%2Fv2%2Fcomments&post=15700"}],"version-history":[{"count":0,"href":"https:\/\/aconteceunovale.com.br\/portal\/index.php?rest_route=\/wp\/v2\/posts\/15700\/revisions"}],"wp:featuredmedia":[{"embeddable":true,"href":"https:\/\/aconteceunovale.com.br\/portal\/index.php?rest_route=\/wp\/v2\/media\/15706"}],"wp:attachment":[{"href":"https:\/\/aconteceunovale.com.br\/portal\/index.php?rest_route=%2Fwp%2Fv2%2Fmedia&parent=15700"}],"wp:term":[{"taxonomy":"category","embeddable":true,"href":"https:\/\/aconteceunovale.com.br\/portal\/index.php?rest_route=%2Fwp%2Fv2%2Fcategories&post=15700"},{"taxonomy":"post_tag","embeddable":true,"href":"https:\/\/aconteceunovale.com.br\/portal\/index.php?rest_route=%2Fwp%2Fv2%2Ftags&post=15700"}],"curies":[{"name":"wp","href":"https:\/\/api.w.org\/{rel}","templated":true}]}}