{"id":156946,"date":"2020-01-07T11:29:24","date_gmt":"2020-01-07T14:29:24","guid":{"rendered":"http:\/\/aconteceunovale.com.br\/portal\/?p=156946"},"modified":"2020-01-07T11:30:55","modified_gmt":"2020-01-07T14:30:55","slug":"governo-de-minas-divulga-resolucao-com-criterios-e-diretrizes-para-designacao-2020","status":"publish","type":"post","link":"https:\/\/aconteceunovale.com.br\/portal\/?p=156946","title":{"rendered":"Publicada resolu\u00e7\u00e3o com crit\u00e9rios e diretrizes para designa\u00e7\u00e3o 2020 em Minas Gerais"},"content":{"rendered":"\n<p>A\u00a0Secretaria de Estado de Educa\u00e7\u00e3o (SEE)\u00a0publicou no Di\u00e1rio Oficial de Minas Gerais, nesta ter\u00e7a-feira (7\/1), a Resolu\u00e7\u00e3o n\u00ba 4.257, que estabelece crit\u00e9rios e diretrizes para a designa\u00e7\u00e3o 2020. De acordo com o documento, a designa\u00e7\u00e3o on-line ser\u00e1 realizada no per\u00edodo de 18 a 21 de janeiro; j\u00e1 a presencial ser\u00e1 de 22 a 31 do mesmo m\u00eas.<br><br>Participam da designa\u00e7\u00e3o on-line candidatos \u00e0s seguintes fun\u00e7\u00f5es: professor de educa\u00e7\u00e3o b\u00e1sica (PEB) anos iniciais regente de turma, eventual e para ensino do uso da biblioteca; analista de educa\u00e7\u00e3o b\u00e1sica (AEB); assistente t\u00e9cnico de educa\u00e7\u00e3o b\u00e1sica (ATB); especialista em educa\u00e7\u00e3o b\u00e1sica (EEB) e inspetor escolar.<\/p>\n\n\n\n<p><strong>Etapas<\/strong><\/p>\n\n\n\n<p>A designa\u00e7\u00e3o on-line ser\u00e1 em processo \u00fanico, com a atribui\u00e7\u00e3o de vagas realizada em duas etapas. Na primeira, ocorrer\u00e1 a disponibiliza\u00e7\u00e3o e preenchimento das vagas, de acordo com a necessidade da escola e a manifesta\u00e7\u00e3o de prefer\u00eancia do candidato. O resultado desta primeira rodada ser\u00e1 divulgado no dia 28 de janeiro.<br><br>J\u00e1 a segunda fase ocorrer\u00e1 quando a vaga ofertada na primeira rodada n\u00e3o for preenchida, em decorr\u00eancia da n\u00e3o comprova\u00e7\u00e3o das informa\u00e7\u00f5es pelo candidato ou n\u00e3o comparecimento em tempo h\u00e1bil. Ao servidor designado no processo on-line e dispensado da fun\u00e7\u00e3o, em decorr\u00eancia de provimento da vaga, ser\u00e1 assegurada nova participa\u00e7\u00e3o na segunda etapa de atribui\u00e7\u00e3o de vagas. O resultado da segunda etapa ser\u00e1 divulgado no dia 4 de fevereiro.<\/p>\n\n\n\n<p><strong>Designa\u00e7\u00e3o presencial<\/strong><\/p>\n\n\n\n<p>A designa\u00e7\u00e3o presencial ser\u00e1 no per\u00edodo de 22 a 31 de janeiro em polos ou micro polos. \u00c9 responsabilidade das Superintend\u00eancias Regionais de Ensino (SREs) organizar e gerenciar a designa\u00e7\u00e3o presencial. Essas vagas ser\u00e3o destinadas para os candidatos \u00e0s seguintes fun\u00e7\u00f5es: professor de educa\u00e7\u00e3o b\u00e1sica (PEB) regente de aulas e auxiliar de servi\u00e7os de educa\u00e7\u00e3o b\u00e1sica (ASB).<br><br>As vagas destinadas \u00e0 designa\u00e7\u00e3o presencial dever\u00e3o ser divulgadas pelo site<a rel=\"noreferrer noopener\" href=\"https:\/\/controlequadropessoal.educacao.mg.gov.br\/divulgacao\" target=\"_blank\">\u00a0controlequadropessoal.educacao.mg.gov.br\/divulgacao<\/a>, de editais afixados na pr\u00f3pria escola, na SRE e em locais p\u00fablicos previamente definidos, com anteced\u00eancia m\u00ednima de 48 horas do hor\u00e1rio previsto para a sele\u00e7\u00e3o dos candidatos na chamada inicial para designa\u00e7\u00e3o.<br><br>A orienta\u00e7\u00e3o da SES \u00e9 para que as SREs organizem as designa\u00e7\u00f5es de modo que um mesmo componente curricular seja realizado em hor\u00e1rios distintos. O objetivo \u00e9 permitir que mais candidatos possam participar do processo.<\/p>\n\n\n\n<p><strong>Classifica\u00e7\u00e3o definitiva<\/strong><\/p>\n\n\n\n<p>As listagens com a classifica\u00e7\u00e3o definitiva dos candidatos inscritos para participar do processo de designa\u00e7\u00e3o 2020 podem ser consultadas no site\u00a0<a rel=\"noreferrer noopener\" href=\"https:\/\/www.designaeducacao.mg.gov.br\/\" target=\"_blank\">www.designaeducacao.mg.gov.br<\/a>. A rela\u00e7\u00e3o com os nomes que participaram do processo nas modalidade on-line e presencial ser\u00e1 utilizada para as designa\u00e7\u00f5es ao longo de todo ano letivo de 2020.<\/p>\n\n\n\n<p class=\"has-text-color has-background has-very-light-gray-color has-very-dark-gray-background-color\"><strong>VER PRIMEIRO: <\/strong>Receba as not\u00edcias do Aconteceu no Vale em primeira m\u00e3o. Clique em curtir no endere\u00e7o <a rel=\"noreferrer noopener\" href=\"https:\/\/www.facebook.com\/aconteceunovale\" target=\"_blank\">www.facebook.com\/aconteceunovale<\/a>.<\/p>\n","protected":false},"excerpt":{"rendered":"<p>A\u00a0Secretaria de Estado de Educa\u00e7\u00e3o (SEE)\u00a0publicou no Di\u00e1rio Oficial de Minas Gerais, nesta ter\u00e7a-feira (7\/1), a Resolu\u00e7\u00e3o n\u00ba 4.257, que estabelece crit\u00e9rios e diretrizes para a designa\u00e7\u00e3o 2020. De acordo com o documento, a designa\u00e7\u00e3o on-line ser\u00e1 realizada no per\u00edodo de 18 a 21 de janeiro; j\u00e1 a presencial ser\u00e1 de 22 a 31 do [&hellip;]<\/p>\n","protected":false},"author":1,"featured_media":114832,"comment_status":"open","ping_status":"closed","sticky":false,"template":"","format":"standard","meta":{"amp_status":"","footnotes":""},"categories":[40238,123],"tags":[210251,210249,210248,210250,210247,72532,183799,183797,183798,183796,133842,1018,213808,210252,183800,210245,210246,210254,213809,210253,30838,210255],"class_list":["post-156946","post","type-post","status-publish","format-standard","has-post-thumbnail","hentry","category-educacao-2","category-gerais","tag-designacao-2020","tag-designacao-2020-em-minas-gerais","tag-designacao-2020-minas-gerais","tag-designacao-educacao-de-minas-gerais","tag-designacao-educacao-minas-gerais","tag-designacao-minas-gerais","tag-designacao-para-as-escolas-de-minas-gerais","tag-designacao-para-as-escolas-publicas-estaduais","tag-designacao-para-as-escolas-publicas-estaduais-de-minas-gerais","tag-designacao-secretaria-de-estado-de-educacao-de-minas-gerais","tag-designacao-see-mg","tag-destaque","tag-governo-de-minas-divulga-resolucao-com-criterios-e-diretrizes-para-designacao-2020","tag-governo-de-minas-ja-recebe-inscricoes-para-o-processo-de-designacao-2020","tag-governo-divulga-cronograma-de-designacao-para-escolas-de-minas-gerais","tag-inscricoes-para-processo-de-designacao-na-rede-estadual-para-2020","tag-inscricoes-para-processo-de-designacao-na-rede-estadual-para-2020-comecam-na-proxima-terca-feira","tag-processo-de-designacao-2020","tag-publicada-resolucao-com-criterios-e-diretrizes-para-designacao-2020-em-minas-gerais","tag-secretaria-de-educacao-de-minas-gerais-divulga-listagem-definitiva-de-classificacao-de-inscricoes-da-designacao-2020","tag-secretaria-de-estado-de-educacao-de-minas-gerais","tag-see-mg-divulga-lista-de-classificacao-preliminar-dos-candidatos-inscritos-no-processo-de-designacao-2020"],"_links":{"self":[{"href":"https:\/\/aconteceunovale.com.br\/portal\/index.php?rest_route=\/wp\/v2\/posts\/156946","targetHints":{"allow":["GET"]}}],"collection":[{"href":"https:\/\/aconteceunovale.com.br\/portal\/index.php?rest_route=\/wp\/v2\/posts"}],"about":[{"href":"https:\/\/aconteceunovale.com.br\/portal\/index.php?rest_route=\/wp\/v2\/types\/post"}],"author":[{"embeddable":true,"href":"https:\/\/aconteceunovale.com.br\/portal\/index.php?rest_route=\/wp\/v2\/users\/1"}],"replies":[{"embeddable":true,"href":"https:\/\/aconteceunovale.com.br\/portal\/index.php?rest_route=%2Fwp%2Fv2%2Fcomments&post=156946"}],"version-history":[{"count":2,"href":"https:\/\/aconteceunovale.com.br\/portal\/index.php?rest_route=\/wp\/v2\/posts\/156946\/revisions"}],"predecessor-version":[{"id":156949,"href":"https:\/\/aconteceunovale.com.br\/portal\/index.php?rest_route=\/wp\/v2\/posts\/156946\/revisions\/156949"}],"wp:featuredmedia":[{"embeddable":true,"href":"https:\/\/aconteceunovale.com.br\/portal\/index.php?rest_route=\/wp\/v2\/media\/114832"}],"wp:attachment":[{"href":"https:\/\/aconteceunovale.com.br\/portal\/index.php?rest_route=%2Fwp%2Fv2%2Fmedia&parent=156946"}],"wp:term":[{"taxonomy":"category","embeddable":true,"href":"https:\/\/aconteceunovale.com.br\/portal\/index.php?rest_route=%2Fwp%2Fv2%2Fcategories&post=156946"},{"taxonomy":"post_tag","embeddable":true,"href":"https:\/\/aconteceunovale.com.br\/portal\/index.php?rest_route=%2Fwp%2Fv2%2Ftags&post=156946"}],"curies":[{"name":"wp","href":"https:\/\/api.w.org\/{rel}","templated":true}]}}