{"id":156932,"date":"2020-01-07T10:51:48","date_gmt":"2020-01-07T13:51:48","guid":{"rendered":"http:\/\/aconteceunovale.com.br\/portal\/?p=156932"},"modified":"2020-01-07T11:00:18","modified_gmt":"2020-01-07T14:00:18","slug":"adolescente-e-crianca-ficam-feridas-em-deslizamento-de-terra-em-teofilo-otoni","status":"publish","type":"post","link":"https:\/\/aconteceunovale.com.br\/portal\/?p=156932","title":{"rendered":"Adolescente e crian\u00e7a ficam feridas em deslizamento de terra em Te\u00f3filo Otoni"},"content":{"rendered":"\n<p>Uma adolescente de 15 anos e a filha dela, de apenas um ano de idade, ficaram feridas ap\u00f3s um deslizamento de terra na tarde dessa segunda-feira (06\/01\/2020) na Rua Jamaica, no Bairro Vila Betel, em Te\u00f3filo Otoni (MG). Segundo informa\u00e7\u00f5es do Corpo de Bombeiros, um barranco cedeu e atingiu a resid\u00eancia das v\u00edtimas. <\/p>\n\n\n\n<p>As v\u00edtimas foram resgatadas da terra e encaminhadas ao Hospital\nMunicipal Raimundo Gobira. A m\u00e3e e a crian\u00e7a permaneceram na unidade de sa\u00fade\nem estado est\u00e1vel.<\/p>\n\n\n\n<p>A casa das v\u00edtimas foi condenada ap\u00f3s ser atingida pela terra. Equipes da Cemig e da Copasa compareceram ao local para reparos nas redes de energia el\u00e9trica e de \u00e1gua, que foram danificadas com o deslizamento. <\/p>\n\n\n\n<figure class=\"wp-block-image size-large\"><img loading=\"lazy\" decoding=\"async\" width=\"600\" height=\"450\" src=\"http:\/\/aconteceunovale.com.br\/portal\/wp-content\/uploads\/2020\/01\/deslizamento_terra_teo_1.jpg\" alt=\"\" class=\"wp-image-156933\" srcset=\"https:\/\/aconteceunovale.com.br\/portal\/wp-content\/uploads\/2020\/01\/deslizamento_terra_teo_1.jpg 600w, https:\/\/aconteceunovale.com.br\/portal\/wp-content\/uploads\/2020\/01\/deslizamento_terra_teo_1-300x225.jpg 300w, https:\/\/aconteceunovale.com.br\/portal\/wp-content\/uploads\/2020\/01\/deslizamento_terra_teo_1-80x60.jpg 80w, https:\/\/aconteceunovale.com.br\/portal\/wp-content\/uploads\/2020\/01\/deslizamento_terra_teo_1-265x198.jpg 265w, https:\/\/aconteceunovale.com.br\/portal\/wp-content\/uploads\/2020\/01\/deslizamento_terra_teo_1-560x420.jpg 560w\" sizes=\"auto, (max-width: 600px) 100vw, 600px\" \/><figcaption><em>Foto: Reprodu\u00e7\u00e3o \/ WhatsApp<\/em><\/figcaption><\/figure>\n\n\n\n<figure class=\"wp-block-image size-large\"><img loading=\"lazy\" decoding=\"async\" width=\"600\" height=\"450\" src=\"http:\/\/aconteceunovale.com.br\/portal\/wp-content\/uploads\/2020\/01\/deslizamento_terra_teo_2.jpg\" alt=\"\" class=\"wp-image-156934\" srcset=\"https:\/\/aconteceunovale.com.br\/portal\/wp-content\/uploads\/2020\/01\/deslizamento_terra_teo_2.jpg 600w, https:\/\/aconteceunovale.com.br\/portal\/wp-content\/uploads\/2020\/01\/deslizamento_terra_teo_2-300x225.jpg 300w, https:\/\/aconteceunovale.com.br\/portal\/wp-content\/uploads\/2020\/01\/deslizamento_terra_teo_2-80x60.jpg 80w, https:\/\/aconteceunovale.com.br\/portal\/wp-content\/uploads\/2020\/01\/deslizamento_terra_teo_2-265x198.jpg 265w, https:\/\/aconteceunovale.com.br\/portal\/wp-content\/uploads\/2020\/01\/deslizamento_terra_teo_2-560x420.jpg 560w\" sizes=\"auto, (max-width: 600px) 100vw, 600px\" \/><figcaption> <em>Foto: Reprodu\u00e7\u00e3o \/ WhatsApp<\/em> <\/figcaption><\/figure>\n\n\n\n<figure class=\"wp-block-image size-large\"><img loading=\"lazy\" decoding=\"async\" width=\"600\" height=\"450\" src=\"http:\/\/aconteceunovale.com.br\/portal\/wp-content\/uploads\/2020\/01\/deslizamento_terra_teo_3.jpg\" alt=\"\" class=\"wp-image-156935\" srcset=\"https:\/\/aconteceunovale.com.br\/portal\/wp-content\/uploads\/2020\/01\/deslizamento_terra_teo_3.jpg 600w, https:\/\/aconteceunovale.com.br\/portal\/wp-content\/uploads\/2020\/01\/deslizamento_terra_teo_3-300x225.jpg 300w, https:\/\/aconteceunovale.com.br\/portal\/wp-content\/uploads\/2020\/01\/deslizamento_terra_teo_3-80x60.jpg 80w, https:\/\/aconteceunovale.com.br\/portal\/wp-content\/uploads\/2020\/01\/deslizamento_terra_teo_3-265x198.jpg 265w, https:\/\/aconteceunovale.com.br\/portal\/wp-content\/uploads\/2020\/01\/deslizamento_terra_teo_3-560x420.jpg 560w\" sizes=\"auto, (max-width: 600px) 100vw, 600px\" \/><figcaption> <em>Foto: Reprodu\u00e7\u00e3o \/ WhatsApp<\/em> <\/figcaption><\/figure>\n\n\n\n<figure class=\"wp-block-image size-large\"><img loading=\"lazy\" decoding=\"async\" width=\"600\" height=\"450\" src=\"http:\/\/aconteceunovale.com.br\/portal\/wp-content\/uploads\/2020\/01\/deslizamento_terra_teo_4.jpg\" alt=\"\" class=\"wp-image-156936\" srcset=\"https:\/\/aconteceunovale.com.br\/portal\/wp-content\/uploads\/2020\/01\/deslizamento_terra_teo_4.jpg 600w, https:\/\/aconteceunovale.com.br\/portal\/wp-content\/uploads\/2020\/01\/deslizamento_terra_teo_4-300x225.jpg 300w, https:\/\/aconteceunovale.com.br\/portal\/wp-content\/uploads\/2020\/01\/deslizamento_terra_teo_4-80x60.jpg 80w, https:\/\/aconteceunovale.com.br\/portal\/wp-content\/uploads\/2020\/01\/deslizamento_terra_teo_4-265x198.jpg 265w, https:\/\/aconteceunovale.com.br\/portal\/wp-content\/uploads\/2020\/01\/deslizamento_terra_teo_4-560x420.jpg 560w\" sizes=\"auto, (max-width: 600px) 100vw, 600px\" \/><figcaption> <em>Foto: Reprodu\u00e7\u00e3o \/ WhatsApp<\/em> <\/figcaption><\/figure>\n\n\n\n<figure class=\"wp-block-image size-large\"><img loading=\"lazy\" decoding=\"async\" width=\"600\" height=\"450\" src=\"http:\/\/aconteceunovale.com.br\/portal\/wp-content\/uploads\/2020\/01\/deslizamento_terra_teo_5.jpg\" alt=\"\" class=\"wp-image-156937\" srcset=\"https:\/\/aconteceunovale.com.br\/portal\/wp-content\/uploads\/2020\/01\/deslizamento_terra_teo_5.jpg 600w, https:\/\/aconteceunovale.com.br\/portal\/wp-content\/uploads\/2020\/01\/deslizamento_terra_teo_5-300x225.jpg 300w, https:\/\/aconteceunovale.com.br\/portal\/wp-content\/uploads\/2020\/01\/deslizamento_terra_teo_5-80x60.jpg 80w, https:\/\/aconteceunovale.com.br\/portal\/wp-content\/uploads\/2020\/01\/deslizamento_terra_teo_5-265x198.jpg 265w, https:\/\/aconteceunovale.com.br\/portal\/wp-content\/uploads\/2020\/01\/deslizamento_terra_teo_5-560x420.jpg 560w\" sizes=\"auto, (max-width: 600px) 100vw, 600px\" \/><figcaption> <em>Foto: Reprodu\u00e7\u00e3o \/ WhatsApp<\/em> <\/figcaption><\/figure>\n\n\n\n<p class=\"has-text-color has-background has-very-light-gray-color has-very-dark-gray-background-color\"><strong>VER PRIMEIRO: <\/strong>Receba as not\u00edcias do Aconteceu no Vale em primeira m\u00e3o. Clique em curtir no endere\u00e7o <a rel=\"noreferrer noopener\" href=\"https:\/\/www.facebook.com\/aconteceunovale\" target=\"_blank\">www.facebook.com\/aconteceunovale<\/a>.<\/p>\n","protected":false},"excerpt":{"rendered":"<p>Uma adolescente de 15 anos e a filha dela, de apenas um ano de idade, ficaram feridas ap\u00f3s um deslizamento de terra na tarde dessa segunda-feira (06\/01\/2020) na Rua Jamaica, no Bairro Vila Betel, em Te\u00f3filo Otoni (MG). Segundo informa\u00e7\u00f5es do Corpo de Bombeiros, um barranco cedeu e atingiu a resid\u00eancia das v\u00edtimas. As v\u00edtimas [&hellip;]<\/p>\n","protected":false},"author":1,"featured_media":156935,"comment_status":"open","ping_status":"closed","sticky":false,"template":"","format":"standard","meta":{"amp_status":"","footnotes":""},"categories":[122],"tags":[213801,213799,213800,164],"class_list":["post-156932","post","type-post","status-publish","format-standard","has-post-thumbnail","hentry","category-mucuri","tag-adolescente-e-crianca-ficam-feridas-em-deslizamento-de-terra-em-teofilo-otoni","tag-deslizamento-de-barranco-em-teofilo-otoni","tag-deslizamento-de-terra-em-teofilo-otoni","tag-teofilo-otoni"],"_links":{"self":[{"href":"https:\/\/aconteceunovale.com.br\/portal\/index.php?rest_route=\/wp\/v2\/posts\/156932","targetHints":{"allow":["GET"]}}],"collection":[{"href":"https:\/\/aconteceunovale.com.br\/portal\/index.php?rest_route=\/wp\/v2\/posts"}],"about":[{"href":"https:\/\/aconteceunovale.com.br\/portal\/index.php?rest_route=\/wp\/v2\/types\/post"}],"author":[{"embeddable":true,"href":"https:\/\/aconteceunovale.com.br\/portal\/index.php?rest_route=\/wp\/v2\/users\/1"}],"replies":[{"embeddable":true,"href":"https:\/\/aconteceunovale.com.br\/portal\/index.php?rest_route=%2Fwp%2Fv2%2Fcomments&post=156932"}],"version-history":[{"count":1,"href":"https:\/\/aconteceunovale.com.br\/portal\/index.php?rest_route=\/wp\/v2\/posts\/156932\/revisions"}],"predecessor-version":[{"id":156938,"href":"https:\/\/aconteceunovale.com.br\/portal\/index.php?rest_route=\/wp\/v2\/posts\/156932\/revisions\/156938"}],"wp:featuredmedia":[{"embeddable":true,"href":"https:\/\/aconteceunovale.com.br\/portal\/index.php?rest_route=\/wp\/v2\/media\/156935"}],"wp:attachment":[{"href":"https:\/\/aconteceunovale.com.br\/portal\/index.php?rest_route=%2Fwp%2Fv2%2Fmedia&parent=156932"}],"wp:term":[{"taxonomy":"category","embeddable":true,"href":"https:\/\/aconteceunovale.com.br\/portal\/index.php?rest_route=%2Fwp%2Fv2%2Fcategories&post=156932"},{"taxonomy":"post_tag","embeddable":true,"href":"https:\/\/aconteceunovale.com.br\/portal\/index.php?rest_route=%2Fwp%2Fv2%2Ftags&post=156932"}],"curies":[{"name":"wp","href":"https:\/\/api.w.org\/{rel}","templated":true}]}}