{"id":156929,"date":"2020-01-07T08:32:11","date_gmt":"2020-01-07T11:32:11","guid":{"rendered":"http:\/\/aconteceunovale.com.br\/portal\/?p=156929"},"modified":"2020-01-07T08:32:50","modified_gmt":"2020-01-07T11:32:50","slug":"homem-e-preso-com-sementes-de-maconha-em-capelinha","status":"publish","type":"post","link":"https:\/\/aconteceunovale.com.br\/portal\/?p=156929","title":{"rendered":"Homem \u00e9 preso com sementes de maconha em Capelinha"},"content":{"rendered":"\n<p>Um homem foi preso com trinta e nove sementes de maconha em Capelinha, no Vale do Jequitinhonha, na noite dessa segunda-feira (06\/01\/2020). Segundo a Pol\u00edcia Militar (PM), uma den\u00fancia indicou que o suspeito teria chegado recentemente do Estado de S\u00e3o Paulo e que estaria vendendo de drogas na cidade. Policiais militares se deslocaram at\u00e9 a resid\u00eancia do suposto traficante e realizaram a abordagem quando ele saia do local.<\/p>\n\n\n\n<p>Durante as buscas pessoais, segundo a PM, tamb\u00e9m foi\nencontrada uma bucha de maconha. O suspeito disse aos militares que as sementes\nseriam a sobra de um plantio de ele teria feito no quintal de casa para consumo\npr\u00f3prio.<\/p>\n\n\n\n<p>Ainda conforme a PM, a m\u00e3e do suspeito n\u00e3o autorizou a entrada dos policiais em sua resid\u00eancia para efetuar buscas. O homem preso e os materiais apreendidos foram encaminhados \u00e0 Delegacia de Pol\u00edcia Civil de Capelinha, onde a pris\u00e3o foi ratificada. \u00a0<\/p>\n\n\n\n<figure class=\"wp-block-image size-large\"><img loading=\"lazy\" decoding=\"async\" width=\"653\" height=\"450\" src=\"http:\/\/aconteceunovale.com.br\/portal\/wp-content\/uploads\/2020\/01\/sementes_maconha_capelinha.jpg\" alt=\"\" class=\"wp-image-156930\" srcset=\"https:\/\/aconteceunovale.com.br\/portal\/wp-content\/uploads\/2020\/01\/sementes_maconha_capelinha.jpg 653w, https:\/\/aconteceunovale.com.br\/portal\/wp-content\/uploads\/2020\/01\/sementes_maconha_capelinha-300x207.jpg 300w, https:\/\/aconteceunovale.com.br\/portal\/wp-content\/uploads\/2020\/01\/sementes_maconha_capelinha-100x70.jpg 100w, https:\/\/aconteceunovale.com.br\/portal\/wp-content\/uploads\/2020\/01\/sementes_maconha_capelinha-218x150.jpg 218w, https:\/\/aconteceunovale.com.br\/portal\/wp-content\/uploads\/2020\/01\/sementes_maconha_capelinha-609x420.jpg 609w\" sizes=\"auto, (max-width: 653px) 100vw, 653px\" \/><figcaption><em>Foto: Divulga\u00e7\u00e3o \/ PMMG<\/em><\/figcaption><\/figure>\n\n\n\n<p class=\"has-text-color has-background has-very-light-gray-color has-very-dark-gray-background-color\"><strong>VER PRIMEIRO: <\/strong>Receba as not\u00edcias do Aconteceu no Vale em primeira m\u00e3o. Clique em curtir no endere\u00e7o <a rel=\"noreferrer noopener\" href=\"https:\/\/www.facebook.com\/aconteceunovale\" target=\"_blank\">www.facebook.com\/aconteceunovale<\/a>.<\/p>\n","protected":false},"excerpt":{"rendered":"<p>Um homem foi preso com trinta e nove sementes de maconha em Capelinha, no Vale do Jequitinhonha, na noite dessa segunda-feira (06\/01\/2020). Segundo a Pol\u00edcia Militar (PM), uma den\u00fancia indicou que o suspeito teria chegado recentemente do Estado de S\u00e3o Paulo e que estaria vendendo de drogas na cidade. Policiais militares se deslocaram at\u00e9 a [&hellip;]<\/p>\n","protected":false},"author":1,"featured_media":156930,"comment_status":"open","ping_status":"closed","sticky":false,"template":"","format":"standard","meta":{"amp_status":"","footnotes":""},"categories":[120],"tags":[208208,213797,132,213796,213795,29046,213798,12195,148618],"class_list":["post-156929","post","type-post","status-publish","format-standard","has-post-thumbnail","hentry","category-jequi","tag-apreensao-de-maconha-em-capelinha","tag-apreensao-de-sementes-de-maconha-em-capelinha","tag-capelinha","tag-homem-e-preso-com-sementes-de-maconha-em-capelinha","tag-policia-militar-apreende-sementes-de-maconha-em-capelinha","tag-preso-em-capelinha","tag-sementes-de-maconha-apreendidas-em-capelinha","tag-trafico-de-drogas-em-capelinha","tag-trafico-em-capelinha"],"_links":{"self":[{"href":"https:\/\/aconteceunovale.com.br\/portal\/index.php?rest_route=\/wp\/v2\/posts\/156929","targetHints":{"allow":["GET"]}}],"collection":[{"href":"https:\/\/aconteceunovale.com.br\/portal\/index.php?rest_route=\/wp\/v2\/posts"}],"about":[{"href":"https:\/\/aconteceunovale.com.br\/portal\/index.php?rest_route=\/wp\/v2\/types\/post"}],"author":[{"embeddable":true,"href":"https:\/\/aconteceunovale.com.br\/portal\/index.php?rest_route=\/wp\/v2\/users\/1"}],"replies":[{"embeddable":true,"href":"https:\/\/aconteceunovale.com.br\/portal\/index.php?rest_route=%2Fwp%2Fv2%2Fcomments&post=156929"}],"version-history":[{"count":1,"href":"https:\/\/aconteceunovale.com.br\/portal\/index.php?rest_route=\/wp\/v2\/posts\/156929\/revisions"}],"predecessor-version":[{"id":156931,"href":"https:\/\/aconteceunovale.com.br\/portal\/index.php?rest_route=\/wp\/v2\/posts\/156929\/revisions\/156931"}],"wp:featuredmedia":[{"embeddable":true,"href":"https:\/\/aconteceunovale.com.br\/portal\/index.php?rest_route=\/wp\/v2\/media\/156930"}],"wp:attachment":[{"href":"https:\/\/aconteceunovale.com.br\/portal\/index.php?rest_route=%2Fwp%2Fv2%2Fmedia&parent=156929"}],"wp:term":[{"taxonomy":"category","embeddable":true,"href":"https:\/\/aconteceunovale.com.br\/portal\/index.php?rest_route=%2Fwp%2Fv2%2Fcategories&post=156929"},{"taxonomy":"post_tag","embeddable":true,"href":"https:\/\/aconteceunovale.com.br\/portal\/index.php?rest_route=%2Fwp%2Fv2%2Ftags&post=156929"}],"curies":[{"name":"wp","href":"https:\/\/api.w.org\/{rel}","templated":true}]}}