{"id":156921,"date":"2020-01-06T22:49:34","date_gmt":"2020-01-07T01:49:34","guid":{"rendered":"http:\/\/aconteceunovale.com.br\/portal\/?p=156921"},"modified":"2020-01-06T22:51:35","modified_gmt":"2020-01-07T01:51:35","slug":"prefeito-veta-aumento-de-passagem-de-onibus-em-governador-valadares","status":"publish","type":"post","link":"https:\/\/aconteceunovale.com.br\/portal\/?p=156921","title":{"rendered":"Prefeito veta aumento de passagem de \u00f4nibus em Governador Valadares"},"content":{"rendered":"\n<p>O Prefeito de Governador Valadares, Andr\u00e9 Merlo, vetou o aumento do pre\u00e7o da passagem de \u00f4nibus proposto pela empresa Mobi. A concession\u00e1ria solicitou que a tarifa, que hoje custa R$ 4,30 para pagamento em dinheiro, fosse para R$ 4,67, mas o aumento n\u00e3o foi autorizado. Segundo a Administra\u00e7\u00e3o Municipal, a planilha de custos solicitando a corre\u00e7\u00e3o da passagem alegava, al\u00e9m dos custos operacionais para a manuten\u00e7\u00e3o do servi\u00e7o, uma queda do n\u00famero de passageiros e aumento em torno com as despesas com sal\u00e1rios e benef\u00edcios dos funcion\u00e1rios.<\/p>\n\n\n\n<p>O prefeito Andr\u00e9 Merlo explica que diversas a\u00e7\u00f5es realizadas pela gest\u00e3o favoreceram o veto, sem trazer preju\u00edzos para a qualidade da presta\u00e7\u00e3o do servi\u00e7o. \u201cFizemos de tudo para que o pre\u00e7o da passagem n\u00e3o subisse esse ano. Implantamos o corredor exclusivo para os \u00f4nibus, que torna as viagens mais r\u00e1pidas; criamos a integra\u00e7\u00e3o de linhas; exigimos medidas de moderniza\u00e7\u00e3o operacional, que usam tecnologias e aplicativos que descartam custos desnecess\u00e1rios. Com tudo isso, n\u00e3o justifica darmos o aumento pedido pela empresa Mobi. Conseguimos pressionar a planilha de custos para baixo, o que nos possibilitou manter a tarifa sem nenhum acr\u00e9scimo\u201d, garante o chefe do Executivo.<\/p>\n\n\n\n<figure class=\"wp-block-image size-large is-resized\"><img loading=\"lazy\" decoding=\"async\" src=\"http:\/\/aconteceunovale.com.br\/portal\/wp-content\/uploads\/2020\/01\/bus_gv.jpg\" alt=\"\" class=\"wp-image-156922\" width=\"686\" height=\"457\" srcset=\"https:\/\/aconteceunovale.com.br\/portal\/wp-content\/uploads\/2020\/01\/bus_gv.jpg 675w, https:\/\/aconteceunovale.com.br\/portal\/wp-content\/uploads\/2020\/01\/bus_gv-300x200.jpg 300w, https:\/\/aconteceunovale.com.br\/portal\/wp-content\/uploads\/2020\/01\/bus_gv-630x420.jpg 630w\" sizes=\"auto, (max-width: 686px) 100vw, 686px\" \/><figcaption><em>Foto: Divulga\u00e7\u00e3o \/ Prefeitura de Valadares<\/em><\/figcaption><\/figure>\n\n\n\n<p>Al\u00e9m disso, Andr\u00e9 Merlo afirma que a prefeitura\u00a0tem mantido, desde o ano de 2018, o valor da tarifa por meio de bilhetagem eletr\u00f4nica (cart\u00e3o) em R$ 3,75, medida que, sem desprezar a necessidade de manter o equil\u00edbrio da equa\u00e7\u00e3o econ\u00f4mico-financeira do contrato de concess\u00e3o, em vista dos custos operacionais do servi\u00e7o, vem ao encontro das necessidades da popula\u00e7\u00e3o usu\u00e1ria do sistema, em respeito ao poder aquisitivo dela.<\/p>\n\n\n\n<h4 class=\"wp-block-heading\"><strong>Exig\u00eancias da Prefeitura para a Mobi:<\/strong><\/h4>\n\n\n\n<ul class=\"wp-block-list\"><li>Renova\u00e7\u00e3o de 100% da frota, sendo 20% ano passado e o restante ao longos dos pr\u00f3ximos tr\u00eas anos e meio;<\/li><li>Aumento de 5% no n\u00famero de ve\u00edculos para atender \u00e0s principais demandas dos passageiros, de demora e lota\u00e7\u00e3o, especialmente nos hor\u00e1rios de pico;<\/li><li>Novos \u00f4nibus com a tecnologia Euro 5, que reduz em at\u00e9 80% a emiss\u00e3o de poluentes;<\/li><li>\u00d4nibus com cinco letreiros eletr\u00f4nicos para que os usu\u00e1rios possam identificar as linhas de qualquer \u00e2ngulo de vis\u00e3o;<\/li><li>Aplicativo GV Bus, desenvolvido pela pr\u00f3pria empresa, com informa\u00e7\u00f5es de itiner\u00e1rios e hor\u00e1rios, com funcionamento autorizado por decreto.<\/li><li>Novas linhas e itiner\u00e1rios (incluindo a linha especial para a Ibituruna), instala\u00e7\u00e3o de internet e ar-condicionado, e a implanta\u00e7\u00e3o do dispositivo sonoro. S\u00e3o medidas que exigem estudos mais complexos, inclusive de custos, e devem ser implantadas em m\u00e9dio e longo prazo.<\/li><li>Abertura de mais postos de atendimento para compra e recarga dos cart\u00f5es eletr\u00f4nicos, triplicando o n\u00famero j\u00e1 existente e facilitando a vida dos passageiros que optarem por esta modalidade de pagamento. Antes havia apenas dois postos: um na Pra\u00e7a dos Pioneiros e outro na empresa Mobi. Agora s\u00e3o nove, em locais como: Quiosque, Fadivale, Barraca do Leo, Drogaria Niquinho, Koisa Nossa do bairro Ip\u00ea, entre outros. Al\u00e9m disso, em 2019 as recargas foram disponibilizadas tamb\u00e9m pelo aplicativo e pelo site da empresa.<\/li><\/ul>\n\n\n\n<p class=\"has-text-color has-background has-very-light-gray-color has-very-dark-gray-background-color\"><strong>VER PRIMEIRO: <\/strong>Receba as not\u00edcias do Aconteceu no Vale em primeira m\u00e3o. Clique em curtir no endere\u00e7o <a rel=\"noreferrer noopener\" href=\"https:\/\/www.facebook.com\/aconteceunovale\" target=\"_blank\">www.facebook.com\/aconteceunovale<\/a>.<\/p>\n","protected":false},"excerpt":{"rendered":"<p>O Prefeito de Governador Valadares, Andr\u00e9 Merlo, vetou o aumento do pre\u00e7o da passagem de \u00f4nibus proposto pela empresa Mobi. A concession\u00e1ria solicitou que a tarifa, que hoje custa R$ 4,30 para pagamento em dinheiro, fosse para R$ 4,67, mas o aumento n\u00e3o foi autorizado. Segundo a Administra\u00e7\u00e3o Municipal, a planilha de custos solicitando a [&hellip;]<\/p>\n","protected":false},"author":1,"featured_media":156922,"comment_status":"open","ping_status":"closed","sticky":false,"template":"","format":"standard","meta":{"amp_status":"","footnotes":""},"categories":[121],"tags":[101405,76061,213785,213789,213787,138367,213790,35082,76062,213786,213788],"class_list":["post-156921","post","type-post","status-publish","format-standard","has-post-thumbnail","hentry","category-leste","tag-andre-merlo","tag-aumento-da-passagem-de-onibus-em-governador-valadares","tag-empresa-mobi","tag-mobi-governador-valadares","tag-passagem-de-governador-valadares","tag-prefeito-de-governador-valadares","tag-prefeito-veta-aumento-de-passagem-de-onibus-em-governador-valadares","tag-prefeitura-de-governador-valadares","tag-reajuste-da-passagem-de-onibus-em-governador-valadares","tag-valor-da-passagem-de-onibus-em-governador-valadares","tag-valor-da-passagem-em-governador-valadares"],"_links":{"self":[{"href":"https:\/\/aconteceunovale.com.br\/portal\/index.php?rest_route=\/wp\/v2\/posts\/156921","targetHints":{"allow":["GET"]}}],"collection":[{"href":"https:\/\/aconteceunovale.com.br\/portal\/index.php?rest_route=\/wp\/v2\/posts"}],"about":[{"href":"https:\/\/aconteceunovale.com.br\/portal\/index.php?rest_route=\/wp\/v2\/types\/post"}],"author":[{"embeddable":true,"href":"https:\/\/aconteceunovale.com.br\/portal\/index.php?rest_route=\/wp\/v2\/users\/1"}],"replies":[{"embeddable":true,"href":"https:\/\/aconteceunovale.com.br\/portal\/index.php?rest_route=%2Fwp%2Fv2%2Fcomments&post=156921"}],"version-history":[{"count":1,"href":"https:\/\/aconteceunovale.com.br\/portal\/index.php?rest_route=\/wp\/v2\/posts\/156921\/revisions"}],"predecessor-version":[{"id":156923,"href":"https:\/\/aconteceunovale.com.br\/portal\/index.php?rest_route=\/wp\/v2\/posts\/156921\/revisions\/156923"}],"wp:featuredmedia":[{"embeddable":true,"href":"https:\/\/aconteceunovale.com.br\/portal\/index.php?rest_route=\/wp\/v2\/media\/156922"}],"wp:attachment":[{"href":"https:\/\/aconteceunovale.com.br\/portal\/index.php?rest_route=%2Fwp%2Fv2%2Fmedia&parent=156921"}],"wp:term":[{"taxonomy":"category","embeddable":true,"href":"https:\/\/aconteceunovale.com.br\/portal\/index.php?rest_route=%2Fwp%2Fv2%2Fcategories&post=156921"},{"taxonomy":"post_tag","embeddable":true,"href":"https:\/\/aconteceunovale.com.br\/portal\/index.php?rest_route=%2Fwp%2Fv2%2Ftags&post=156921"}],"curies":[{"name":"wp","href":"https:\/\/api.w.org\/{rel}","templated":true}]}}