{"id":156915,"date":"2020-01-06T22:05:57","date_gmt":"2020-01-07T01:05:57","guid":{"rendered":"http:\/\/aconteceunovale.com.br\/portal\/?p=156915"},"modified":"2020-01-06T22:06:12","modified_gmt":"2020-01-07T01:06:12","slug":"acidente-com-onibus-mata-varias-pessoas-no-peru","status":"publish","type":"post","link":"https:\/\/aconteceunovale.com.br\/portal\/?p=156915","title":{"rendered":"Acidente com \u00f4nibus mata v\u00e1rias pessoas no Peru"},"content":{"rendered":"\n<p>Ao menos 16 pessoas morreram e dezenas ficaram feridas em um acidente de tr\u00e2nsito ocorrido na madrugada desta segunda-feira (6), na Rodovia Pan-Americana, em Arequipa, no distrito de Yauca, no Peru. Segundo\u00a0<em>sites<\/em>\u00a0jornal\u00edsticos peruanos, entre os mortos est\u00e3o dois brasileiros e dois alem\u00e3es. <\/p>\n\n\n\n<p>Em nota, a Superintend\u00eancia de Transporte Terrestre de Pessoas, Cargas e Mercadorias (Sutran) informou que um \u00f4nibus interestadual da empresa Cruz del Sur, que seguia de Lima a Arequipa, chocou-se com v\u00e1rias&nbsp;<em>vans<\/em>&nbsp;pr\u00f3ximo ao Km 574 da rodovia.<\/p>\n\n\n\n<p>De acordo com a Sutran. existem ind\u00edcios de que o \u00f4nibus da Cruz del Sur trafegava acima do limite de velocidade permitida para a via. \u201cSegundo registros do GPS, o ve\u00edculo ia a uma velocidade de 106 quil\u00f4metros hor\u00e1rios quando a velocidade m\u00e1xima permitida neste trecho da rodovia \u00e9 90 quil\u00f4metros\/hora\u201d, disse a jornalistas o gerente-geral da superintend\u00eancia, Jorge Beltr\u00e1n, destacando que a ocorr\u00eancia ser\u00e1 investigada.<br><br>Advogados da empresa Cruz del Sur, no entanto, j\u00e1 rebateram as declara\u00e7\u00f5es de Beltr\u00e1n, afirmando que o GPS indica que o \u00f4nibus trafegava a uma velocidade entre 40 e 80 quil\u00f4metros\/hora.<\/p>\n\n\n\n<p>Ainda de acordo com a Sutran, o \u00f4nibus acidentado era novo, tendo sido fabricado em 2018. Todavia, a superintend\u00eancia ainda n\u00e3o sabe o real estado do ve\u00edculo e se problemas mec\u00e2nicos ou de manuten\u00e7\u00e3o j\u00e1 conhecidos podem ter causado o acidente, j\u00e1 que o \u00f4nibus ainda n\u00e3o tinha passado pela revis\u00e3o t\u00e9cnica veicular.<\/p>\n\n\n\n<p>\u201cDiante do lament\u00e1vel fato ocorrido hoje em Arequipa, a Sutran ativou seus protocolos de interven\u00e7\u00e3o imediata a fim de resguardar a seguran\u00e7a dos usu\u00e1rios\u201d, informa a superintend\u00eancia, em nota.<\/p>\n\n\n\n<figure class=\"wp-block-image size-large is-resized\"><img loading=\"lazy\" decoding=\"async\" src=\"http:\/\/aconteceunovale.com.br\/portal\/wp-content\/uploads\/2020\/01\/bus_cruz_del_sur.jpg\" alt=\"\" class=\"wp-image-156916\" width=\"647\" height=\"431\" srcset=\"https:\/\/aconteceunovale.com.br\/portal\/wp-content\/uploads\/2020\/01\/bus_cruz_del_sur.jpg 675w, https:\/\/aconteceunovale.com.br\/portal\/wp-content\/uploads\/2020\/01\/bus_cruz_del_sur-300x200.jpg 300w, https:\/\/aconteceunovale.com.br\/portal\/wp-content\/uploads\/2020\/01\/bus_cruz_del_sur-630x420.jpg 630w\" sizes=\"auto, (max-width: 647px) 100vw, 647px\" \/><figcaption><em>Foto:  Reuters \/ Divulga\u00e7\u00e3o<\/em><\/figcaption><\/figure>\n\n\n\n<p class=\"has-text-color has-background has-very-light-gray-color has-very-dark-gray-background-color\"><strong>VER PRIMEIRO: <\/strong>Receba as not\u00edcias do Aconteceu no Vale em primeira m\u00e3o. Clique em curtir no endere\u00e7o <a rel=\"noreferrer noopener\" href=\"https:\/\/www.facebook.com\/aconteceunovale\" target=\"_blank\">www.facebook.com\/aconteceunovale<\/a>.<\/p>\n","protected":false},"excerpt":{"rendered":"<p>Ao menos 16 pessoas morreram e dezenas ficaram feridas em um acidente de tr\u00e2nsito ocorrido na madrugada desta segunda-feira (6), na Rodovia Pan-Americana, em Arequipa, no distrito de Yauca, no Peru. Segundo\u00a0sites\u00a0jornal\u00edsticos peruanos, entre os mortos est\u00e3o dois brasileiros e dois alem\u00e3es. Em nota, a Superintend\u00eancia de Transporte Terrestre de Pessoas, Cargas e Mercadorias (Sutran) [&hellip;]<\/p>\n","protected":false},"author":1,"featured_media":156916,"comment_status":"open","ping_status":"closed","sticky":false,"template":"","format":"standard","meta":{"amp_status":"","footnotes":""},"categories":[28848],"tags":[213767,213765,213763,213768,213770,213764,213762,78020,213769,213766],"class_list":["post-156915","post","type-post","status-publish","format-standard","has-post-thumbnail","hentry","category-mundo","tag-acidente-com-onibus-da-cruz-del-sur","tag-acidente-com-onibus-em-arequipa","tag-acidente-com-onibus-em-yauca","tag-acidente-com-onibus-mata-varias-pessoas-no-peru","tag-acidente-com-onibus-no-peru","tag-acidente-em-arequipa","tag-acidente-em-yauca","tag-arequipa","tag-cruz-del-sur","tag-onibus-da-cruz-del-sur"],"_links":{"self":[{"href":"https:\/\/aconteceunovale.com.br\/portal\/index.php?rest_route=\/wp\/v2\/posts\/156915","targetHints":{"allow":["GET"]}}],"collection":[{"href":"https:\/\/aconteceunovale.com.br\/portal\/index.php?rest_route=\/wp\/v2\/posts"}],"about":[{"href":"https:\/\/aconteceunovale.com.br\/portal\/index.php?rest_route=\/wp\/v2\/types\/post"}],"author":[{"embeddable":true,"href":"https:\/\/aconteceunovale.com.br\/portal\/index.php?rest_route=\/wp\/v2\/users\/1"}],"replies":[{"embeddable":true,"href":"https:\/\/aconteceunovale.com.br\/portal\/index.php?rest_route=%2Fwp%2Fv2%2Fcomments&post=156915"}],"version-history":[{"count":1,"href":"https:\/\/aconteceunovale.com.br\/portal\/index.php?rest_route=\/wp\/v2\/posts\/156915\/revisions"}],"predecessor-version":[{"id":156917,"href":"https:\/\/aconteceunovale.com.br\/portal\/index.php?rest_route=\/wp\/v2\/posts\/156915\/revisions\/156917"}],"wp:featuredmedia":[{"embeddable":true,"href":"https:\/\/aconteceunovale.com.br\/portal\/index.php?rest_route=\/wp\/v2\/media\/156916"}],"wp:attachment":[{"href":"https:\/\/aconteceunovale.com.br\/portal\/index.php?rest_route=%2Fwp%2Fv2%2Fmedia&parent=156915"}],"wp:term":[{"taxonomy":"category","embeddable":true,"href":"https:\/\/aconteceunovale.com.br\/portal\/index.php?rest_route=%2Fwp%2Fv2%2Fcategories&post=156915"},{"taxonomy":"post_tag","embeddable":true,"href":"https:\/\/aconteceunovale.com.br\/portal\/index.php?rest_route=%2Fwp%2Fv2%2Ftags&post=156915"}],"curies":[{"name":"wp","href":"https:\/\/api.w.org\/{rel}","templated":true}]}}