{"id":156908,"date":"2020-01-06T19:51:05","date_gmt":"2020-01-06T22:51:05","guid":{"rendered":"http:\/\/aconteceunovale.com.br\/portal\/?p=156908"},"modified":"2020-01-06T21:03:07","modified_gmt":"2020-01-07T00:03:07","slug":"saiba-mais-sobre-a-hemofilia-doenca-que-afeta-quase-exclusivamente-homens","status":"publish","type":"post","link":"https:\/\/aconteceunovale.com.br\/portal\/?p=156908","title":{"rendered":"Saiba mais sobre a hemofilia, doen\u00e7a que afeta quase exclusivamente homens"},"content":{"rendered":"\n<p>No \u00faltimo s\u00e1bado (4) foi\u00a0 comemorado o Dia do Hemof\u00edlico no Brasil. A data tem como objetivo conscientizar a popula\u00e7\u00e3o brasileira sobre essa doen\u00e7a rara. Atualmente, existem 12.983 pacientes com hemofilia A e B cadastrados no Brasil. De acordo com dados da\u00a0<em>World Federation of Hemophilia<\/em>, esta \u00e9 a quarta maior popula\u00e7\u00e3o mundial de pacientes com a doen\u00e7a. No Brasil, o tratamento das hemofilias \u00e9 realizado praticamente de forma exclusiva pelo SUS, que oferece uma linha de cuidado para tratamento e preven\u00e7\u00e3o de complica\u00e7\u00f5es em diversas modalidades a todos os pacientes brasileiros acometidos pela doen\u00e7a.<\/p>\n\n\n\n<p>O Minist\u00e9rio da Sa\u00fade garante aos portadores da hemofilia o medicamento Fator VIII Recombinante, direcionado ao tratamento da hemofilia A, tipo mais predominante no Pa\u00eds. Em 2019, a pasta adquiriu 720 milh\u00f5es de unidades de medicamentos previstos no tratamento de doen\u00e7as hemorr\u00e1gicas heredit\u00e1rias a um custo de R$ 1,3 bilh\u00e3o. Os medicamentos comp\u00f5em a linha de cuidado para tratar a doen\u00e7a e prevenir suas complica\u00e7\u00f5es.<\/p>\n\n\n\n<p>Uma rede de 32 hemocentros em todas as regi\u00f5es do Pa\u00eds conta com o sistema Hemovida, que disp\u00f5e de uma base nacional para o cadastro de pacientes, inser\u00e7\u00e3o de dados cl\u00ednicos, informa\u00e7\u00f5es sobre o tratamento, registro de aplica\u00e7\u00f5es, al\u00e9m do controle de estoque de medicamentos.<\/p>\n\n\n\n<h3 class=\"wp-block-heading\">Novo tratamento<\/h3>\n\n\n\n<p>Uma das grandes conquistas de 2019 para pacientes hemof\u00edlicos foi a incorpora\u00e7\u00e3o do medicamento&nbsp;Hemcibra\u00ae (emicizumabe)para o tratamento de indiv\u00edduos com hemofilia A e inibidores ao Fator VIII refrat\u00e1rios ao tratamento de imunotoler\u00e2ncia. A incorpora\u00e7\u00e3o ocorreu ap\u00f3s recomenda\u00e7\u00e3o publicada em relat\u00f3rio da Comiss\u00e3o Nacional de Incorpora\u00e7\u00e3o de Tecnologias no Sistema \u00danico em Sa\u00fade (Conitec) sobre essa tecnologia.<\/p>\n\n\n\n<p>Ap\u00f3s publica\u00e7\u00e3o da portaria de incorpora\u00e7\u00e3o, que ocorreu em novembro, o SUS tem at\u00e9 180 dias para ofertar o tratamento. A incorpora\u00e7\u00e3o de emicizumabe amplia as op\u00e7\u00f5es de tratamento para pessoas que convivem com a&nbsp;hemofilia, proporcionando qualidade e de vida e a possibilidade de viverem novas experi\u00eancias.<\/p>\n\n\n\n<p>Al\u00e9m do novo tratamento, diversas iniciativas foram realizadas nos \u00faltimos anos para melhorar a qualidade de vida dos pacientes, como: a\u00e7\u00f5es de incremento ao diagn\u00f3stico, monitoramento e avalia\u00e7\u00e3o, vigil\u00e2ncia epidemiol\u00f3gica, tratamento domiciliar, profilaxia para hemofilia grave, tratamento de imunotoler\u00e2ncia para pacientes que desenvolveram aloanticorpos contra o fator infundido, dentre outras. Com a estrat\u00e9gia das profilaxias adotadas pelo Brasil verificou-se uma queda dos epis\u00f3dios de sangramento espont\u00e2neos, por volta de 10% ao ano.<\/p>\n\n\n\n<h3 class=\"wp-block-heading\">O que \u00e9<\/h3>\n\n\n\n<p>As hemofilias s\u00e3o dist\u00farbios gen\u00e9ticos e heredit\u00e1rios que acometem quase que exclusivamente os homens. Elas comprometem a capacidade do corpo de coagular o sangue, t\u00e3o necess\u00e1ria para interromper as hemorragias. Isso acontece quando h\u00e1 aus\u00eancia de prote\u00ednas, subst\u00e2ncias que, dentre in\u00fameras fun\u00e7\u00f5es, ajudam na coagula\u00e7\u00e3o. Quando uma pessoa corta alguma parte do corpo e come\u00e7a a sangrar, s\u00e3o as prote\u00ednas que entram em a\u00e7\u00e3o para estancar o sangramento. Esse processo \u00e9 chamado de coagula\u00e7\u00e3o. As pessoas portadoras de hemofilia, n\u00e3o possuem essas prote\u00ednas e sangram mais.<\/p>\n\n\n\n<p>A hemofilia do tipo A, por exemplo, decorre da falta do Fator VIII da coagula\u00e7\u00e3o e acomete 1 a cada 10 mil homens nascidos vivos. A hemofilia do tipo B decorre da falta do Fator IX da coagula\u00e7\u00e3o e acomete 1 a cada 50 mil homens nascidos vivos.<\/p>\n\n\n\n<p>A hemofilia ainda n\u00e3o tem cura e seu tratamento \u00e9 feito atrav\u00e9s da reposi\u00e7\u00e3o do fator de coagula\u00e7\u00e3o deficiente, atrav\u00e9s da infus\u00e3o endovenosa dos concentrados de fator deficiente (VIII, na hemofilia A ou IX, na hemofilia B), que tem como objetivo prevenir e tratar as hemorragias.<\/p>\n\n\n\n<p class=\"has-text-color has-background has-very-light-gray-color has-very-dark-gray-background-color\"><strong>VER PRIMEIRO: <\/strong>Receba as not\u00edcias do Aconteceu no Vale em primeira m\u00e3o. Clique em curtir no endere\u00e7o <a rel=\"noreferrer noopener\" href=\"https:\/\/www.facebook.com\/aconteceunovale\" target=\"_blank\">www.facebook.com\/aconteceunovale<\/a>.<\/p>\n","protected":false},"excerpt":{"rendered":"<p>No \u00faltimo s\u00e1bado (4) foi\u00a0 comemorado o Dia do Hemof\u00edlico no Brasil. A data tem como objetivo conscientizar a popula\u00e7\u00e3o brasileira sobre essa doen\u00e7a rara. Atualmente, existem 12.983 pacientes com hemofilia A e B cadastrados no Brasil. De acordo com dados da\u00a0World Federation of Hemophilia, esta \u00e9 a quarta maior popula\u00e7\u00e3o mundial de pacientes com [&hellip;]<\/p>\n","protected":false},"author":1,"featured_media":156909,"comment_status":"open","ping_status":"closed","sticky":false,"template":"","format":"standard","meta":{"amp_status":"","footnotes":""},"categories":[6,40242],"tags":[213740,213739,41976,213737,19326,213742,213736,213743,213738,213741],"class_list":["post-156908","post","type-post","status-publish","format-standard","has-post-thumbnail","hentry","category-br","category-saude-2","tag-dia-do-hemofilico","tag-dia-do-hemofilico-no-brasil","tag-hemofilia","tag-hemofilia-afeta-quase-exclusivamente-homens","tag-ministerio-da-saude","tag-o-que-e-hemofilia","tag-saiba-mais-sobre-a-hemofilia","tag-saiba-sobre-hemofilia","tag-tratamento-da-hemofilia","tag-world-federation-of-hemophilia"],"_links":{"self":[{"href":"https:\/\/aconteceunovale.com.br\/portal\/index.php?rest_route=\/wp\/v2\/posts\/156908","targetHints":{"allow":["GET"]}}],"collection":[{"href":"https:\/\/aconteceunovale.com.br\/portal\/index.php?rest_route=\/wp\/v2\/posts"}],"about":[{"href":"https:\/\/aconteceunovale.com.br\/portal\/index.php?rest_route=\/wp\/v2\/types\/post"}],"author":[{"embeddable":true,"href":"https:\/\/aconteceunovale.com.br\/portal\/index.php?rest_route=\/wp\/v2\/users\/1"}],"replies":[{"embeddable":true,"href":"https:\/\/aconteceunovale.com.br\/portal\/index.php?rest_route=%2Fwp%2Fv2%2Fcomments&post=156908"}],"version-history":[{"count":1,"href":"https:\/\/aconteceunovale.com.br\/portal\/index.php?rest_route=\/wp\/v2\/posts\/156908\/revisions"}],"predecessor-version":[{"id":156910,"href":"https:\/\/aconteceunovale.com.br\/portal\/index.php?rest_route=\/wp\/v2\/posts\/156908\/revisions\/156910"}],"wp:featuredmedia":[{"embeddable":true,"href":"https:\/\/aconteceunovale.com.br\/portal\/index.php?rest_route=\/wp\/v2\/media\/156909"}],"wp:attachment":[{"href":"https:\/\/aconteceunovale.com.br\/portal\/index.php?rest_route=%2Fwp%2Fv2%2Fmedia&parent=156908"}],"wp:term":[{"taxonomy":"category","embeddable":true,"href":"https:\/\/aconteceunovale.com.br\/portal\/index.php?rest_route=%2Fwp%2Fv2%2Fcategories&post=156908"},{"taxonomy":"post_tag","embeddable":true,"href":"https:\/\/aconteceunovale.com.br\/portal\/index.php?rest_route=%2Fwp%2Fv2%2Ftags&post=156908"}],"curies":[{"name":"wp","href":"https:\/\/api.w.org\/{rel}","templated":true}]}}