{"id":156829,"date":"2020-01-05T14:10:16","date_gmt":"2020-01-05T17:10:16","guid":{"rendered":"http:\/\/aconteceunovale.com.br\/portal\/?p=156829"},"modified":"2020-01-05T14:11:39","modified_gmt":"2020-01-05T17:11:39","slug":"incendio-destroi-carreta-na-br-251-no-norte-de-minas-2","status":"publish","type":"post","link":"https:\/\/aconteceunovale.com.br\/portal\/?p=156829","title":{"rendered":"Inc\u00eandio destr\u00f3i carreta na BR-251, no Norte de Minas"},"content":{"rendered":"\n<p>Uma\ncarreta pegou fogo na BR-251, na Serra de Francisco S\u00e1 (MG), na manh\u00e3 deste\ndomingo (05\/01\/2020). Segundo informa\u00e7\u00f5es do Corpo de Bombeiros, o ve\u00edculo\nestava carregado com v\u00e1rios materiais, sendo alguns identificados como de\nconstru\u00e7\u00e3o e pe\u00e7as de autom\u00f3vel.<\/p>\n\n\n\n<p>De\nacordo com os bombeiros, as chamas foram controladas, mas a carreta foi\ncompletamente atingida pelo fogo.<\/p>\n\n\n\n<p>Uma\nequipe da Pol\u00edcia Militar, que passava pelo local, socorreu o motorista e o\nencaminhou a um hospital da regi\u00e3o. A gravidade dos ferimentos n\u00e3o foi divulgada.<\/p>\n\n\n\n<p>Os bombeiros ainda informaram que a rodovia foi interditada para o trabalho de combate \u00e0s chamas. A causa do inc\u00eandio ser\u00e1 investigada.<\/p>\n\n\n\n<figure class=\"wp-block-image size-large\"><img loading=\"lazy\" decoding=\"async\" width=\"678\" height=\"382\" src=\"http:\/\/aconteceunovale.com.br\/portal\/wp-content\/uploads\/2020\/01\/incendio_carreta_251.jpeg\" alt=\"\" class=\"wp-image-156830\" srcset=\"https:\/\/aconteceunovale.com.br\/portal\/wp-content\/uploads\/2020\/01\/incendio_carreta_251.jpeg 678w, https:\/\/aconteceunovale.com.br\/portal\/wp-content\/uploads\/2020\/01\/incendio_carreta_251-300x169.jpeg 300w\" sizes=\"auto, (max-width: 678px) 100vw, 678px\" \/><figcaption><em> Foto: Divulga\u00e7\u00e3o \/ Corpo de Bombeiros <\/em><\/figcaption><\/figure>\n\n\n\n<p class=\"has-text-color has-background has-very-light-gray-color has-very-dark-gray-background-color\"><strong>VER PRIMEIRO: <\/strong>Receba as not\u00edcias do Aconteceu no Vale em primeira m\u00e3o. Clique em curtir no endere\u00e7o <a rel=\"noreferrer noopener\" href=\"https:\/\/www.facebook.com\/aconteceunovale\" target=\"_blank\">www.facebook.com\/aconteceunovale<\/a>.<\/p>\n","protected":false},"excerpt":{"rendered":"<p>Uma carreta pegou fogo na BR-251, na Serra de Francisco S\u00e1 (MG), na manh\u00e3 deste domingo (05\/01\/2020). Segundo informa\u00e7\u00f5es do Corpo de Bombeiros, o ve\u00edculo estava carregado com v\u00e1rios materiais, sendo alguns identificados como de constru\u00e7\u00e3o e pe\u00e7as de autom\u00f3vel. De acordo com os bombeiros, as chamas foram controladas, mas a carreta foi completamente atingida [&hellip;]<\/p>\n","protected":false},"author":1,"featured_media":156830,"comment_status":"open","ping_status":"closed","sticky":false,"template":"","format":"standard","meta":{"amp_status":"","footnotes":""},"categories":[1236],"tags":[213628,921,200225,138000,213627,137999,83222],"class_list":["post-156829","post","type-post","status-publish","format-standard","has-post-thumbnail","hentry","category-norte_de_minas","tag-acidente-carreta-francisco-sa","tag-br-251","tag-incendio-destroi-carreta-na-br-251","tag-incendio-em-carreta-na-br-251","tag-incendio-em-carreta-na-serra-de-francisco-sa","tag-incendio-na-br-251","tag-serra-de-francisco-sa"],"_links":{"self":[{"href":"https:\/\/aconteceunovale.com.br\/portal\/index.php?rest_route=\/wp\/v2\/posts\/156829","targetHints":{"allow":["GET"]}}],"collection":[{"href":"https:\/\/aconteceunovale.com.br\/portal\/index.php?rest_route=\/wp\/v2\/posts"}],"about":[{"href":"https:\/\/aconteceunovale.com.br\/portal\/index.php?rest_route=\/wp\/v2\/types\/post"}],"author":[{"embeddable":true,"href":"https:\/\/aconteceunovale.com.br\/portal\/index.php?rest_route=\/wp\/v2\/users\/1"}],"replies":[{"embeddable":true,"href":"https:\/\/aconteceunovale.com.br\/portal\/index.php?rest_route=%2Fwp%2Fv2%2Fcomments&post=156829"}],"version-history":[{"count":1,"href":"https:\/\/aconteceunovale.com.br\/portal\/index.php?rest_route=\/wp\/v2\/posts\/156829\/revisions"}],"predecessor-version":[{"id":156831,"href":"https:\/\/aconteceunovale.com.br\/portal\/index.php?rest_route=\/wp\/v2\/posts\/156829\/revisions\/156831"}],"wp:featuredmedia":[{"embeddable":true,"href":"https:\/\/aconteceunovale.com.br\/portal\/index.php?rest_route=\/wp\/v2\/media\/156830"}],"wp:attachment":[{"href":"https:\/\/aconteceunovale.com.br\/portal\/index.php?rest_route=%2Fwp%2Fv2%2Fmedia&parent=156829"}],"wp:term":[{"taxonomy":"category","embeddable":true,"href":"https:\/\/aconteceunovale.com.br\/portal\/index.php?rest_route=%2Fwp%2Fv2%2Fcategories&post=156829"},{"taxonomy":"post_tag","embeddable":true,"href":"https:\/\/aconteceunovale.com.br\/portal\/index.php?rest_route=%2Fwp%2Fv2%2Ftags&post=156829"}],"curies":[{"name":"wp","href":"https:\/\/api.w.org\/{rel}","templated":true}]}}