{"id":156825,"date":"2020-01-05T13:52:52","date_gmt":"2020-01-05T16:52:52","guid":{"rendered":"http:\/\/aconteceunovale.com.br\/portal\/?p=156825"},"modified":"2020-01-05T13:56:09","modified_gmt":"2020-01-05T16:56:09","slug":"prefeitura-de-governador-valadares-instala-protecao-metalica-em-canal-palco-de-diversos-acidentes","status":"publish","type":"post","link":"https:\/\/aconteceunovale.com.br\/portal\/?p=156825","title":{"rendered":"Prefeitura de Governador Valadares instala prote\u00e7\u00e3o met\u00e1lica em canal palco de diversos acidentes"},"content":{"rendered":"\n<p>A Prefeitura de Governador Valadares est\u00e1 perto de concluir uma obra que mudou o cen\u00e1rio e garantiu mais seguran\u00e7a para quem mora ou passa pela cidade: a instala\u00e7\u00e3o da prote\u00e7\u00e3o met\u00e1lica no canal que vai da rotat\u00f3ria da Rua Sete de Setembro (Altin\u00f3polis), passando pelas avenidas Veneza, Tancredo Neves e do Canal&nbsp; at\u00e9 chegar na Rua Moacir Paleta, pr\u00f3ximo ao BNH do S\u00e3o Pedro. Ao todo, j\u00e1 foram implantados 5,5 km de guard rail.<\/p>\n\n\n\n<p>A pr\u00f3xima etapa dos trabalhos, que ser\u00e1 conclu\u00edda no in\u00edcio de fevereiro, segundo a Prefeitura, vai contemplar trecho de menos de 1km restante \u2013 na margem esquerda da Avenida Tancredo Neves (sentido bairro-Centro), entre a Rua Artur Foratini e o CEU das Artes.&nbsp;O material \u00e9 feito de a\u00e7o galvanizado, formando uma barreira de 75 cm de altura.<\/p>\n\n\n\n<p>O canal foi palco de v\u00e1rios acidentes nos \u00faltimos anos e a instala\u00e7\u00e3o do guard rail era uma reivindica\u00e7\u00e3o antiga da popula\u00e7\u00e3o. Com a obra, que integra o Plano Municipal de Mobilidade Urbana, a prefeitura espera garantir mais seguran\u00e7a aos pedestres, condutores e ciclistas. <\/p>\n\n\n\n<figure class=\"wp-block-image size-large\"><img loading=\"lazy\" decoding=\"async\" width=\"1000\" height=\"562\" src=\"http:\/\/aconteceunovale.com.br\/portal\/wp-content\/uploads\/2020\/01\/guard_rail_gv.jpg\" alt=\"\" class=\"wp-image-156826\" srcset=\"https:\/\/aconteceunovale.com.br\/portal\/wp-content\/uploads\/2020\/01\/guard_rail_gv.jpg 1000w, https:\/\/aconteceunovale.com.br\/portal\/wp-content\/uploads\/2020\/01\/guard_rail_gv-300x169.jpg 300w, https:\/\/aconteceunovale.com.br\/portal\/wp-content\/uploads\/2020\/01\/guard_rail_gv-768x432.jpg 768w, https:\/\/aconteceunovale.com.br\/portal\/wp-content\/uploads\/2020\/01\/guard_rail_gv-696x391.jpg 696w, https:\/\/aconteceunovale.com.br\/portal\/wp-content\/uploads\/2020\/01\/guard_rail_gv-747x420.jpg 747w\" sizes=\"auto, (max-width: 1000px) 100vw, 1000px\" \/><figcaption><em>Foto:  Prefeitura de Valadares \/ Divulga\u00e7\u00e3o<\/em><\/figcaption><\/figure>\n\n\n\n<p class=\"has-text-color has-background has-very-light-gray-color has-very-dark-gray-background-color\"><strong>VER PRIMEIRO: <\/strong>Receba as not\u00edcias do Aconteceu no Vale em primeira m\u00e3o. Clique em curtir no endere\u00e7o <a rel=\"noreferrer noopener\" href=\"https:\/\/www.facebook.com\/aconteceunovale\" target=\"_blank\">www.facebook.com\/aconteceunovale<\/a>.<\/p>\n","protected":false},"excerpt":{"rendered":"<p>A Prefeitura de Governador Valadares est\u00e1 perto de concluir uma obra que mudou o cen\u00e1rio e garantiu mais seguran\u00e7a para quem mora ou passa pela cidade: a instala\u00e7\u00e3o da prote\u00e7\u00e3o met\u00e1lica no canal que vai da rotat\u00f3ria da Rua Sete de Setembro (Altin\u00f3polis), passando pelas avenidas Veneza, Tancredo Neves e do Canal&nbsp; at\u00e9 chegar na [&hellip;]<\/p>\n","protected":false},"author":1,"featured_media":156826,"comment_status":"open","ping_status":"closed","sticky":false,"template":"","format":"standard","meta":{"amp_status":"","footnotes":""},"categories":[121],"tags":[247,213626,213625,35082,213624,213623],"class_list":["post-156825","post","type-post","status-publish","format-standard","has-post-thumbnail","hentry","category-leste","tag-governador-valadares","tag-obra-no-canal-de-governador-valadares","tag-obra-prefeitura-de-governador-valadares","tag-prefeitura-de-governador-valadares","tag-prefeitura-de-governador-valadares-instala-protecao-metalica-em-canal-palco-de-diversos-acidentes","tag-prefeitura-de-valadares"],"_links":{"self":[{"href":"https:\/\/aconteceunovale.com.br\/portal\/index.php?rest_route=\/wp\/v2\/posts\/156825","targetHints":{"allow":["GET"]}}],"collection":[{"href":"https:\/\/aconteceunovale.com.br\/portal\/index.php?rest_route=\/wp\/v2\/posts"}],"about":[{"href":"https:\/\/aconteceunovale.com.br\/portal\/index.php?rest_route=\/wp\/v2\/types\/post"}],"author":[{"embeddable":true,"href":"https:\/\/aconteceunovale.com.br\/portal\/index.php?rest_route=\/wp\/v2\/users\/1"}],"replies":[{"embeddable":true,"href":"https:\/\/aconteceunovale.com.br\/portal\/index.php?rest_route=%2Fwp%2Fv2%2Fcomments&post=156825"}],"version-history":[{"count":2,"href":"https:\/\/aconteceunovale.com.br\/portal\/index.php?rest_route=\/wp\/v2\/posts\/156825\/revisions"}],"predecessor-version":[{"id":156828,"href":"https:\/\/aconteceunovale.com.br\/portal\/index.php?rest_route=\/wp\/v2\/posts\/156825\/revisions\/156828"}],"wp:featuredmedia":[{"embeddable":true,"href":"https:\/\/aconteceunovale.com.br\/portal\/index.php?rest_route=\/wp\/v2\/media\/156826"}],"wp:attachment":[{"href":"https:\/\/aconteceunovale.com.br\/portal\/index.php?rest_route=%2Fwp%2Fv2%2Fmedia&parent=156825"}],"wp:term":[{"taxonomy":"category","embeddable":true,"href":"https:\/\/aconteceunovale.com.br\/portal\/index.php?rest_route=%2Fwp%2Fv2%2Fcategories&post=156825"},{"taxonomy":"post_tag","embeddable":true,"href":"https:\/\/aconteceunovale.com.br\/portal\/index.php?rest_route=%2Fwp%2Fv2%2Ftags&post=156825"}],"curies":[{"name":"wp","href":"https:\/\/api.w.org\/{rel}","templated":true}]}}