{"id":156814,"date":"2020-01-05T13:01:26","date_gmt":"2020-01-05T16:01:26","guid":{"rendered":"http:\/\/aconteceunovale.com.br\/portal\/?p=156814"},"modified":"2020-01-05T13:18:42","modified_gmt":"2020-01-05T16:18:42","slug":"foragido-da-justica-e-preso-em-onibus-que-seguia-de-montes-claros-para-porto-seguro","status":"publish","type":"post","link":"https:\/\/aconteceunovale.com.br\/portal\/?p=156814","title":{"rendered":"Foragido da Justi\u00e7a \u00e9 preso em \u00f4nibus que seguia de Montes Claros para Porto Seguro"},"content":{"rendered":"\n<p>Um\nforagido da Justi\u00e7a foi preso em um \u00f4nibus que seguia de Montes Claros (MG)\npara Porto Seguro (BA). O ve\u00edculo foi abordado pela Pol\u00edcia Rodovi\u00e1ria Federal\nna BR-251, na noite de quinta-feira (02\/01\/2020), durante uma fiscaliza\u00e7\u00e3o de\nrotina.<\/p>\n\n\n\n<p>Os\npoliciais verificaram os documentos dos passageiros e constataram que o homem,\nde 43 anos, estava com um mandado de pris\u00e3o em aberto por atentado violento ao\npudor. Ele n\u00e3o resistiu \u00e0 pris\u00e3o e foi encaminhado \u00e0 Delegacia de Pol\u00edcia\nCivil.<\/p>\n\n\n\n<p>O \u00f4nibus estava com documenta\u00e7\u00e3o regular e foi liberado. A pol\u00edcia informou que o mandado era de 2007.<\/p>\n\n\n\n<figure class=\"wp-block-image size-large\"><img loading=\"lazy\" decoding=\"async\" width=\"600\" height=\"450\" src=\"http:\/\/aconteceunovale.com.br\/portal\/wp-content\/uploads\/2020\/01\/onibus_moc_ps.jpg\" alt=\"\" class=\"wp-image-156815\" srcset=\"https:\/\/aconteceunovale.com.br\/portal\/wp-content\/uploads\/2020\/01\/onibus_moc_ps.jpg 600w, https:\/\/aconteceunovale.com.br\/portal\/wp-content\/uploads\/2020\/01\/onibus_moc_ps-300x225.jpg 300w, https:\/\/aconteceunovale.com.br\/portal\/wp-content\/uploads\/2020\/01\/onibus_moc_ps-80x60.jpg 80w, https:\/\/aconteceunovale.com.br\/portal\/wp-content\/uploads\/2020\/01\/onibus_moc_ps-265x198.jpg 265w, https:\/\/aconteceunovale.com.br\/portal\/wp-content\/uploads\/2020\/01\/onibus_moc_ps-560x420.jpg 560w\" sizes=\"auto, (max-width: 600px) 100vw, 600px\" \/><figcaption><em> Foto: PRF \/ Divulga\u00e7\u00e3o <\/em><\/figcaption><\/figure>\n\n\n\n<p class=\"has-text-color has-background has-very-light-gray-color has-very-dark-gray-background-color\"><strong>VER PRIMEIRO: <\/strong>Receba as not\u00edcias do Aconteceu no Vale em primeira m\u00e3o. Clique em curtir no endere\u00e7o <a rel=\"noreferrer noopener\" href=\"https:\/\/www.facebook.com\/aconteceunovale\" target=\"_blank\">www.facebook.com\/aconteceunovale<\/a>.<\/p>\n","protected":false},"excerpt":{"rendered":"<p>Um foragido da Justi\u00e7a foi preso em um \u00f4nibus que seguia de Montes Claros (MG) para Porto Seguro (BA). O ve\u00edculo foi abordado pela Pol\u00edcia Rodovi\u00e1ria Federal na BR-251, na noite de quinta-feira (02\/01\/2020), durante uma fiscaliza\u00e7\u00e3o de rotina. Os policiais verificaram os documentos dos passageiros e constataram que o homem, de 43 anos, estava [&hellip;]<\/p>\n","protected":false},"author":1,"featured_media":156815,"comment_status":"open","ping_status":"closed","sticky":false,"template":"","format":"standard","meta":{"amp_status":"","footnotes":""},"categories":[1236],"tags":[921,213612,210,423,213613,213615,213614],"class_list":["post-156814","post","type-post","status-publish","format-standard","has-post-thumbnail","hentry","category-norte_de_minas","tag-br-251","tag-foragido-da-justica-e-preso-em-onibus-que-seguia-de-montes-claros-para-porto-seguro","tag-montes-claros","tag-porto-seguro","tag-preso-em-onibus-na-br-251","tag-preso-em-onibus-que-seguia-para-porto-seguro","tag-preso-em-onibus-que-seguia-para-praia"],"_links":{"self":[{"href":"https:\/\/aconteceunovale.com.br\/portal\/index.php?rest_route=\/wp\/v2\/posts\/156814","targetHints":{"allow":["GET"]}}],"collection":[{"href":"https:\/\/aconteceunovale.com.br\/portal\/index.php?rest_route=\/wp\/v2\/posts"}],"about":[{"href":"https:\/\/aconteceunovale.com.br\/portal\/index.php?rest_route=\/wp\/v2\/types\/post"}],"author":[{"embeddable":true,"href":"https:\/\/aconteceunovale.com.br\/portal\/index.php?rest_route=\/wp\/v2\/users\/1"}],"replies":[{"embeddable":true,"href":"https:\/\/aconteceunovale.com.br\/portal\/index.php?rest_route=%2Fwp%2Fv2%2Fcomments&post=156814"}],"version-history":[{"count":1,"href":"https:\/\/aconteceunovale.com.br\/portal\/index.php?rest_route=\/wp\/v2\/posts\/156814\/revisions"}],"predecessor-version":[{"id":156816,"href":"https:\/\/aconteceunovale.com.br\/portal\/index.php?rest_route=\/wp\/v2\/posts\/156814\/revisions\/156816"}],"wp:featuredmedia":[{"embeddable":true,"href":"https:\/\/aconteceunovale.com.br\/portal\/index.php?rest_route=\/wp\/v2\/media\/156815"}],"wp:attachment":[{"href":"https:\/\/aconteceunovale.com.br\/portal\/index.php?rest_route=%2Fwp%2Fv2%2Fmedia&parent=156814"}],"wp:term":[{"taxonomy":"category","embeddable":true,"href":"https:\/\/aconteceunovale.com.br\/portal\/index.php?rest_route=%2Fwp%2Fv2%2Fcategories&post=156814"},{"taxonomy":"post_tag","embeddable":true,"href":"https:\/\/aconteceunovale.com.br\/portal\/index.php?rest_route=%2Fwp%2Fv2%2Ftags&post=156814"}],"curies":[{"name":"wp","href":"https:\/\/api.w.org\/{rel}","templated":true}]}}