{"id":156810,"date":"2020-01-05T12:56:23","date_gmt":"2020-01-05T15:56:23","guid":{"rendered":"http:\/\/aconteceunovale.com.br\/portal\/?p=156810"},"modified":"2020-01-05T12:59:06","modified_gmt":"2020-01-05T15:59:06","slug":"colisao-entre-veiculos-deixa-dois-feridos-no-norte-de-minas","status":"publish","type":"post","link":"https:\/\/aconteceunovale.com.br\/portal\/?p=156810","title":{"rendered":"Colis\u00e3o entre ve\u00edculos deixa dois feridos no Norte de Minas"},"content":{"rendered":"\n<p>Um\nmotorista do Executivo Municipal de Ibia\u00ed, no Norte de Minas, ficou ferido em\num acidente na BR-365, pr\u00f3ximo a Jequita\u00ed (MG), na manh\u00e3 de sexta-feira (03\/01\/2020).\nSegundo informa\u00e7\u00f5es do Corpo de Bombeiros, o condutor de um carro licenciado em\nS\u00e3o Paulo perdeu o controle da dire\u00e7\u00e3o, invadiu a contram\u00e3o e colidiu\nfrontalmente contra o ve\u00edculo da prefeitura. Um outro autom\u00f3vel, que seguia no\nmesmo sentido, tamb\u00e9m foi atingido.<\/p>\n\n\n\n<p>O\nmotorista de 26 anos ficou preso \u00e0s ferragens e foi retirado pelos bombeiros.\n\u201cO painel do ve\u00edculo prendeu a perna dele e usamos uma ferramenta de corte. A\nv\u00edtima estava com suspeita de fratura no f\u00eamur e v\u00e1rias escoria\u00e7\u00f5es\u201d, disse o\nsargento Josil\u00e3 Pereira da Silva. Quatro pessoas estavam no carro e n\u00e3o\nsofreram ferimentos.<\/p>\n\n\n\n<p>Segundo\no sargento, o motorista que provocou o acidente sofreu escoria\u00e7\u00f5es e estava com\nsuspeita de fratura no nariz. Cinco pessoas viajavam no outro ve\u00edculo e n\u00e3o\nficaram feridas.<\/p>\n\n\n\n<p>Os\ndois condutores foram encaminhados para um hospital de Pirapora por uma equipe\ndo SAMU (Servi\u00e7o de Atendimento M\u00f3vel de Urg\u00eancia). A rodovia ficou interditada\npor cerca de 1h e chovia no momento do acidente.<\/p>\n\n\n\n<p>Por telefone, o assessor de comunica\u00e7\u00e3o da prefeitura de Ibia\u00ed, Diovane Barbosa, informou que o carro \u00e9 da Secretaria Municipal de Sa\u00fade e transportava pacientes e acompanhantes para consultas em Montes Claros.<\/p>\n\n\n\n<figure class=\"wp-block-image size-large\"><img loading=\"lazy\" decoding=\"async\" width=\"678\" height=\"381\" src=\"http:\/\/aconteceunovale.com.br\/portal\/wp-content\/uploads\/2020\/01\/acidente_ibiai.jpg\" alt=\"\" class=\"wp-image-156811\" srcset=\"https:\/\/aconteceunovale.com.br\/portal\/wp-content\/uploads\/2020\/01\/acidente_ibiai.jpg 678w, https:\/\/aconteceunovale.com.br\/portal\/wp-content\/uploads\/2020\/01\/acidente_ibiai-300x169.jpg 300w\" sizes=\"auto, (max-width: 678px) 100vw, 678px\" \/><figcaption><em> Foto: Corpo de Bombeiros \/ Divulga\u00e7\u00e3o <\/em><\/figcaption><\/figure>\n\n\n\n<p class=\"has-text-color has-background has-very-light-gray-color has-very-dark-gray-background-color\"><strong>VER PRIMEIRO: <\/strong>Receba as not\u00edcias do Aconteceu no Vale em primeira m\u00e3o. Clique em curtir no endere\u00e7o <a rel=\"noreferrer noopener\" href=\"https:\/\/www.facebook.com\/aconteceunovale\" target=\"_blank\">www.facebook.com\/aconteceunovale<\/a>.<\/p>\n","protected":false},"excerpt":{"rendered":"<p>Um motorista do Executivo Municipal de Ibia\u00ed, no Norte de Minas, ficou ferido em um acidente na BR-365, pr\u00f3ximo a Jequita\u00ed (MG), na manh\u00e3 de sexta-feira (03\/01\/2020). Segundo informa\u00e7\u00f5es do Corpo de Bombeiros, o condutor de um carro licenciado em S\u00e3o Paulo perdeu o controle da dire\u00e7\u00e3o, invadiu a contram\u00e3o e colidiu frontalmente contra o [&hellip;]<\/p>\n","protected":false},"author":1,"featured_media":156811,"comment_status":"open","ping_status":"closed","sticky":false,"template":"","format":"standard","meta":{"amp_status":"","footnotes":""},"categories":[1236],"tags":[213610,41514,31601,116831,213607,213608,213609,213611,3724,210,54766],"class_list":["post-156810","post","type-post","status-publish","format-standard","has-post-thumbnail","hentry","category-norte_de_minas","tag-acidente-com-veiculo-da-prefeitura-de-ibiai","tag-acidente-em-jequitai","tag-acidente-na-br-365","tag-acidente-na-br-365-em-jequitai","tag-colisao-entre-veiculos-deixa-dois-feridos-na-br-365","tag-colisao-entre-veiculos-deixa-dois-feridos-na-br-365-em-jequitai","tag-colisao-entre-veiculos-deixa-dois-feridos-na-br-365-no-norte-de-minas","tag-colisao-entre-veiculos-deixa-dois-feridos-no-norte-de-minas","tag-jequitai","tag-montes-claros","tag-prefeitura-de-ibiai"],"_links":{"self":[{"href":"https:\/\/aconteceunovale.com.br\/portal\/index.php?rest_route=\/wp\/v2\/posts\/156810","targetHints":{"allow":["GET"]}}],"collection":[{"href":"https:\/\/aconteceunovale.com.br\/portal\/index.php?rest_route=\/wp\/v2\/posts"}],"about":[{"href":"https:\/\/aconteceunovale.com.br\/portal\/index.php?rest_route=\/wp\/v2\/types\/post"}],"author":[{"embeddable":true,"href":"https:\/\/aconteceunovale.com.br\/portal\/index.php?rest_route=\/wp\/v2\/users\/1"}],"replies":[{"embeddable":true,"href":"https:\/\/aconteceunovale.com.br\/portal\/index.php?rest_route=%2Fwp%2Fv2%2Fcomments&post=156810"}],"version-history":[{"count":1,"href":"https:\/\/aconteceunovale.com.br\/portal\/index.php?rest_route=\/wp\/v2\/posts\/156810\/revisions"}],"predecessor-version":[{"id":156812,"href":"https:\/\/aconteceunovale.com.br\/portal\/index.php?rest_route=\/wp\/v2\/posts\/156810\/revisions\/156812"}],"wp:featuredmedia":[{"embeddable":true,"href":"https:\/\/aconteceunovale.com.br\/portal\/index.php?rest_route=\/wp\/v2\/media\/156811"}],"wp:attachment":[{"href":"https:\/\/aconteceunovale.com.br\/portal\/index.php?rest_route=%2Fwp%2Fv2%2Fmedia&parent=156810"}],"wp:term":[{"taxonomy":"category","embeddable":true,"href":"https:\/\/aconteceunovale.com.br\/portal\/index.php?rest_route=%2Fwp%2Fv2%2Fcategories&post=156810"},{"taxonomy":"post_tag","embeddable":true,"href":"https:\/\/aconteceunovale.com.br\/portal\/index.php?rest_route=%2Fwp%2Fv2%2Ftags&post=156810"}],"curies":[{"name":"wp","href":"https:\/\/api.w.org\/{rel}","templated":true}]}}