{"id":156806,"date":"2020-01-05T12:45:28","date_gmt":"2020-01-05T15:45:28","guid":{"rendered":"http:\/\/aconteceunovale.com.br\/portal\/?p=156806"},"modified":"2020-01-05T12:46:05","modified_gmt":"2020-01-05T15:46:05","slug":"adolescente-de-13-anos-e-morto-com-tiro-no-abdome-em-riacho-dos-machados-no-norte-de-minas","status":"publish","type":"post","link":"https:\/\/aconteceunovale.com.br\/portal\/?p=156806","title":{"rendered":"Adolescente \u00e9 morto com tiro no abdome em Riacho dos Machados, no Norte de Minas"},"content":{"rendered":"\n<p>Um\nadolescente de 13 anos morreu ap\u00f3s ser baleado no abdome na zona rural de\nRiacho dos Machados, no Norte de Minas, na sexta-feira (03\/01\/2020). Segundo a\nPol\u00edcia Militar (PM), o tiro foi efetuado por um amigo dele, de 12, que alegou\nter disparado acidentalmente. A espingarda polveira foi apreendida.<\/p>\n\n\n\n<p>A\nPM foi at\u00e9 o Posto M\u00e9dico ap\u00f3s receber informa\u00e7\u00f5es de que Mois\u00e9s Jos\u00e9 Soares\nhavia sido baleado na Comunidade de Bem Querer. J\u00e1 na unidade de sa\u00fade, o\nm\u00e9dico respons\u00e1vel pelo atendimento disse aos militares que o jovem chegou sem\nsinais vitais e que foram feitos os procedimentos, mas sem sucesso.<\/p>\n\n\n\n<p>Posteriormente,\nos policiais foram ao local da ocorr\u00eancia e receberam informa\u00e7\u00f5es de que o\nadolescente que disparou o tiro estava com o pai na casa da av\u00f3. Ele foi\nencontrado no im\u00f3vel e contou que estava brincando com Mois\u00e9s Soares na\nresid\u00eancia do av\u00f4, quando pegou a polveira e acabou disparando acidentalmente.<\/p>\n\n\n\n<p>O av\u00f4 do menor confirmou que \u00e9 dono da espingarda, mas afirmou n\u00e3o se lembrar de ter guardado a arma no local. Ele foi conduzido \u00e0 Delegacia. A PM acionou o Conselho Tutelar e fez a apreens\u00e3o do adolescente. O corpo de Mois\u00e9s foi encaminhado para o Instituto M\u00e9dico Legal de Jana\u00faba (MG).<\/p>\n\n\n\n<figure class=\"wp-block-image size-large\"><img loading=\"lazy\" decoding=\"async\" width=\"678\" height=\"427\" src=\"http:\/\/aconteceunovale.com.br\/portal\/wp-content\/uploads\/2020\/01\/arma_riacho.jpeg\" alt=\"\" class=\"wp-image-156807\" srcset=\"https:\/\/aconteceunovale.com.br\/portal\/wp-content\/uploads\/2020\/01\/arma_riacho.jpeg 678w, https:\/\/aconteceunovale.com.br\/portal\/wp-content\/uploads\/2020\/01\/arma_riacho-300x189.jpeg 300w, https:\/\/aconteceunovale.com.br\/portal\/wp-content\/uploads\/2020\/01\/arma_riacho-667x420.jpeg 667w\" sizes=\"auto, (max-width: 678px) 100vw, 678px\" \/><figcaption><em>Foto: Divulga\u00e7\u00e3o \/ PM<\/em><\/figcaption><\/figure>\n\n\n\n<p class=\"has-text-color has-background has-very-light-gray-color has-very-dark-gray-background-color\"><strong>VER PRIMEIRO: <\/strong>Receba as not\u00edcias do Aconteceu no Vale em primeira m\u00e3o. Clique em curtir no endere\u00e7o <a rel=\"noreferrer noopener\" href=\"https:\/\/www.facebook.com\/aconteceunovale\" target=\"_blank\">www.facebook.com\/aconteceunovale<\/a>.<\/p>\n","protected":false},"excerpt":{"rendered":"<p>Um adolescente de 13 anos morreu ap\u00f3s ser baleado no abdome na zona rural de Riacho dos Machados, no Norte de Minas, na sexta-feira (03\/01\/2020). Segundo a Pol\u00edcia Militar (PM), o tiro foi efetuado por um amigo dele, de 12, que alegou ter disparado acidentalmente. A espingarda polveira foi apreendida. A PM foi at\u00e9 o [&hellip;]<\/p>\n","protected":false},"author":1,"featured_media":156807,"comment_status":"open","ping_status":"closed","sticky":false,"template":"","format":"standard","meta":{"amp_status":"","footnotes":""},"categories":[1236],"tags":[213605,213604,213603,204,213606,1807],"class_list":["post-156806","post","type-post","status-publish","format-standard","has-post-thumbnail","hentry","category-norte_de_minas","tag-adolescente-de-13-anos-e-morto-com-tiro-no-abdome-em-riacho-dos-machados","tag-adolescente-morto-em-riacho-dos-machados","tag-homicidio-em-riacho-dos-machados","tag-janauba","tag-moises-jose-soares","tag-riacho-dos-machados"],"_links":{"self":[{"href":"https:\/\/aconteceunovale.com.br\/portal\/index.php?rest_route=\/wp\/v2\/posts\/156806","targetHints":{"allow":["GET"]}}],"collection":[{"href":"https:\/\/aconteceunovale.com.br\/portal\/index.php?rest_route=\/wp\/v2\/posts"}],"about":[{"href":"https:\/\/aconteceunovale.com.br\/portal\/index.php?rest_route=\/wp\/v2\/types\/post"}],"author":[{"embeddable":true,"href":"https:\/\/aconteceunovale.com.br\/portal\/index.php?rest_route=\/wp\/v2\/users\/1"}],"replies":[{"embeddable":true,"href":"https:\/\/aconteceunovale.com.br\/portal\/index.php?rest_route=%2Fwp%2Fv2%2Fcomments&post=156806"}],"version-history":[{"count":2,"href":"https:\/\/aconteceunovale.com.br\/portal\/index.php?rest_route=\/wp\/v2\/posts\/156806\/revisions"}],"predecessor-version":[{"id":156809,"href":"https:\/\/aconteceunovale.com.br\/portal\/index.php?rest_route=\/wp\/v2\/posts\/156806\/revisions\/156809"}],"wp:featuredmedia":[{"embeddable":true,"href":"https:\/\/aconteceunovale.com.br\/portal\/index.php?rest_route=\/wp\/v2\/media\/156807"}],"wp:attachment":[{"href":"https:\/\/aconteceunovale.com.br\/portal\/index.php?rest_route=%2Fwp%2Fv2%2Fmedia&parent=156806"}],"wp:term":[{"taxonomy":"category","embeddable":true,"href":"https:\/\/aconteceunovale.com.br\/portal\/index.php?rest_route=%2Fwp%2Fv2%2Fcategories&post=156806"},{"taxonomy":"post_tag","embeddable":true,"href":"https:\/\/aconteceunovale.com.br\/portal\/index.php?rest_route=%2Fwp%2Fv2%2Ftags&post=156806"}],"curies":[{"name":"wp","href":"https:\/\/api.w.org\/{rel}","templated":true}]}}