{"id":156801,"date":"2020-01-05T12:02:52","date_gmt":"2020-01-05T15:02:52","guid":{"rendered":"http:\/\/aconteceunovale.com.br\/portal\/?p=156801"},"modified":"2020-01-05T12:03:39","modified_gmt":"2020-01-05T15:03:39","slug":"crianca-morre-afogada-em-rio-no-municipio-de-novo-oriente-de-minas-no-vale-do-mucuri","status":"publish","type":"post","link":"https:\/\/aconteceunovale.com.br\/portal\/?p=156801","title":{"rendered":"Crian\u00e7a morre afogada em rio no munic\u00edpio de Novo Oriente de Minas, no Vale do Mucuri"},"content":{"rendered":"\n<p>Uma crian\u00e7a de oito anos morreu v\u00edtima de afogamento no munic\u00edpio de Novo Oriente de Minas, no Vale do Mucuri, na tarde de sexta-feira (03\/01\/2020). Segundo informa\u00e7\u00f5es do Corpo de Bombeiros, Henrique Mendes dos Santos estava em um local conhecido como Cachoeira da Alemoa, no Rio Mucuri, quando desapareceu na \u00e1gua. <\/p>\n\n\n\n<p>Ainda conforme os bombeiros, pessoas que estavam no local resgataram o garoto, mas ele n\u00e3o resistiu e veio a \u00f3bito. O corpo foi encaminhado ao Instituto M\u00e9dico Legal (IML) de Te\u00f3filo Otoni. <\/p>\n\n\n\n<figure class=\"wp-block-image size-large\"><img loading=\"lazy\" decoding=\"async\" width=\"709\" height=\"472\" src=\"http:\/\/aconteceunovale.com.br\/portal\/wp-content\/uploads\/2020\/01\/cachoeira_da_alemoa.jpg\" alt=\"\" class=\"wp-image-156802\" srcset=\"https:\/\/aconteceunovale.com.br\/portal\/wp-content\/uploads\/2020\/01\/cachoeira_da_alemoa.jpg 709w, https:\/\/aconteceunovale.com.br\/portal\/wp-content\/uploads\/2020\/01\/cachoeira_da_alemoa-300x200.jpg 300w, https:\/\/aconteceunovale.com.br\/portal\/wp-content\/uploads\/2020\/01\/cachoeira_da_alemoa-696x463.jpg 696w, https:\/\/aconteceunovale.com.br\/portal\/wp-content\/uploads\/2020\/01\/cachoeira_da_alemoa-631x420.jpg 631w\" sizes=\"auto, (max-width: 709px) 100vw, 709px\" \/><figcaption><em> Cachoeira da Alemoa, em Novo Oriente de Minas &#8211; Foto: Reprodu\u00e7\u00e3o \/ Site do Circuito Tur\u00edstico das Pedras Preciosas<\/em><\/figcaption><\/figure>\n\n\n\n<p class=\"has-text-color has-background has-very-light-gray-color has-very-dark-gray-background-color\"><strong>VER PRIMEIRO: <\/strong>Receba as not\u00edcias do Aconteceu no Vale em primeira m\u00e3o. Clique em curtir no endere\u00e7o <a rel=\"noreferrer noopener\" href=\"https:\/\/www.facebook.com\/aconteceunovale\" target=\"_blank\">www.facebook.com\/aconteceunovale<\/a>.<\/p>\n","protected":false},"excerpt":{"rendered":"<p>Uma crian\u00e7a de oito anos morreu v\u00edtima de afogamento no munic\u00edpio de Novo Oriente de Minas, no Vale do Mucuri, na tarde de sexta-feira (03\/01\/2020). Segundo informa\u00e7\u00f5es do Corpo de Bombeiros, Henrique Mendes dos Santos estava em um local conhecido como Cachoeira da Alemoa, no Rio Mucuri, quando desapareceu na \u00e1gua. Ainda conforme os bombeiros, [&hellip;]<\/p>\n","protected":false},"author":1,"featured_media":156802,"comment_status":"open","ping_status":"closed","sticky":false,"template":"","format":"standard","meta":{"amp_status":"","footnotes":""},"categories":[122],"tags":[186237,186236,213599,213601,213598,213600,3138,164,186238],"class_list":["post-156801","post","type-post","status-publish","format-standard","has-post-thumbnail","hentry","category-mucuri","tag-afogado-em-novo-oriente-de-minas","tag-afogamento-em-novo-oriente-de-minas","tag-afogamento-na-cachoeira-da-alemoa","tag-cachoeira-da-alemoa-em-novo-oriente-de-minas","tag-crianca-morre-afogada-em-rio-no-municipio-de-novo-oriente-de-minas","tag-henrique-mendes-dos-santos","tag-novo-oriente-de-minas","tag-teofilo-otoni","tag-vitima-de-afogamento-em-novo-oriente-de-minas"],"_links":{"self":[{"href":"https:\/\/aconteceunovale.com.br\/portal\/index.php?rest_route=\/wp\/v2\/posts\/156801","targetHints":{"allow":["GET"]}}],"collection":[{"href":"https:\/\/aconteceunovale.com.br\/portal\/index.php?rest_route=\/wp\/v2\/posts"}],"about":[{"href":"https:\/\/aconteceunovale.com.br\/portal\/index.php?rest_route=\/wp\/v2\/types\/post"}],"author":[{"embeddable":true,"href":"https:\/\/aconteceunovale.com.br\/portal\/index.php?rest_route=\/wp\/v2\/users\/1"}],"replies":[{"embeddable":true,"href":"https:\/\/aconteceunovale.com.br\/portal\/index.php?rest_route=%2Fwp%2Fv2%2Fcomments&post=156801"}],"version-history":[{"count":1,"href":"https:\/\/aconteceunovale.com.br\/portal\/index.php?rest_route=\/wp\/v2\/posts\/156801\/revisions"}],"predecessor-version":[{"id":156803,"href":"https:\/\/aconteceunovale.com.br\/portal\/index.php?rest_route=\/wp\/v2\/posts\/156801\/revisions\/156803"}],"wp:featuredmedia":[{"embeddable":true,"href":"https:\/\/aconteceunovale.com.br\/portal\/index.php?rest_route=\/wp\/v2\/media\/156802"}],"wp:attachment":[{"href":"https:\/\/aconteceunovale.com.br\/portal\/index.php?rest_route=%2Fwp%2Fv2%2Fmedia&parent=156801"}],"wp:term":[{"taxonomy":"category","embeddable":true,"href":"https:\/\/aconteceunovale.com.br\/portal\/index.php?rest_route=%2Fwp%2Fv2%2Fcategories&post=156801"},{"taxonomy":"post_tag","embeddable":true,"href":"https:\/\/aconteceunovale.com.br\/portal\/index.php?rest_route=%2Fwp%2Fv2%2Ftags&post=156801"}],"curies":[{"name":"wp","href":"https:\/\/api.w.org\/{rel}","templated":true}]}}