{"id":156793,"date":"2020-01-05T10:52:59","date_gmt":"2020-01-05T13:52:59","guid":{"rendered":"http:\/\/aconteceunovale.com.br\/portal\/?p=156793"},"modified":"2020-01-05T20:09:04","modified_gmt":"2020-01-05T23:09:04","slug":"acidente-deixa-mortos-e-feridos-na-br-251-no-norte-de-minas","status":"publish","type":"post","link":"https:\/\/aconteceunovale.com.br\/portal\/?p=156793","title":{"rendered":"Acidente deixa mortos e feridos na BR-251, no Norte de Minas"},"content":{"rendered":"\n<p>Um acidente envolvendo um \u00f4nibus e uma carreta cegonha deixou\nduas pessoas mortas no quil\u00f4metro 466 da BR-251, na Serra de Francisco de S\u00e1\n(MG), na tarde de s\u00e1bado (04\/01\/2020). As duas v\u00edtimas eram os motoristas dos ve\u00edculos e ficaram\npresas \u00e0s ferragens.<\/p>\n\n\n\n<p>Segundo\ninforma\u00e7\u00f5es da Pol\u00edcia Civil, um dos condutores foi identificado como Ad\u00e3o\nAnt\u00f4nio Pereira Caetano, de 57 anos. O nome do outro motorista n\u00e3o foi divulgado.<\/p>\n\n\n\n<p>Segundo\no Corpo de Bombeiros, o \u00f4nibus seguia sentido Montes Claros (MG) e colidiu\nfrontalmente contra a carreta cegonha, que transitava no sentido contr\u00e1rio. Com\no forte impacto, o ve\u00edculo coletivo ficou atravessado na pista e provocou a\ninterdi\u00e7\u00e3o dos dois sentidos da rodovia.<\/p>\n\n\n\n<p>De\nacordo com o Servi\u00e7o de Atendimento M\u00f3vel de Urg\u00eancia (Samu), 14 passageiros do\n\u00f4nibus ficaram feridos e foram encaminhados para hospitais de Montes Claros e\nFrancisco S\u00e1.<\/p>\n\n\n\n<p>As causas do acidente ser\u00e3o investigadas.<\/p>\n\n\n\n<figure class=\"wp-block-image size-large is-resized\"><img loading=\"lazy\" decoding=\"async\" src=\"http:\/\/aconteceunovale.com.br\/portal\/wp-content\/uploads\/2020\/01\/acidente_francisco_sa.jpeg\" alt=\"\" class=\"wp-image-156804\" width=\"600\" height=\"450\" srcset=\"https:\/\/aconteceunovale.com.br\/portal\/wp-content\/uploads\/2020\/01\/acidente_francisco_sa.jpeg 600w, https:\/\/aconteceunovale.com.br\/portal\/wp-content\/uploads\/2020\/01\/acidente_francisco_sa-300x225.jpeg 300w, https:\/\/aconteceunovale.com.br\/portal\/wp-content\/uploads\/2020\/01\/acidente_francisco_sa-80x60.jpeg 80w, https:\/\/aconteceunovale.com.br\/portal\/wp-content\/uploads\/2020\/01\/acidente_francisco_sa-265x198.jpeg 265w, https:\/\/aconteceunovale.com.br\/portal\/wp-content\/uploads\/2020\/01\/acidente_francisco_sa-560x420.jpeg 560w\" sizes=\"auto, (max-width: 600px) 100vw, 600px\" \/><figcaption><em> Foto: Divulga\u00e7\u00e3o<\/em> <em>\/Corpo de Bombeiros <\/em><\/figcaption><\/figure>\n\n\n\n<figure class=\"wp-block-image size-large is-resized\"><img loading=\"lazy\" decoding=\"async\" src=\"http:\/\/aconteceunovale.com.br\/portal\/wp-content\/uploads\/2020\/01\/acidente_251.jpg\" alt=\"\" class=\"wp-image-156794\" width=\"600\" height=\"369\" srcset=\"https:\/\/aconteceunovale.com.br\/portal\/wp-content\/uploads\/2020\/01\/acidente_251.jpg 678w, https:\/\/aconteceunovale.com.br\/portal\/wp-content\/uploads\/2020\/01\/acidente_251-300x185.jpg 300w, https:\/\/aconteceunovale.com.br\/portal\/wp-content\/uploads\/2020\/01\/acidente_251-356x220.jpg 356w\" sizes=\"auto, (max-width: 600px) 100vw, 600px\" \/><figcaption><em>Foto: Reprodu\u00e7\u00e3o \/ WhatsApp<\/em><\/figcaption><\/figure>\n\n\n\n<p class=\"has-text-color has-background has-very-light-gray-color has-very-dark-gray-background-color\"><strong>VER PRIMEIRO: <\/strong>Receba as not\u00edcias do Aconteceu no Vale em primeira m\u00e3o. Clique em curtir no endere\u00e7o <a rel=\"noreferrer noopener\" href=\"https:\/\/www.facebook.com\/aconteceunovale\" target=\"_blank\">www.facebook.com\/aconteceunovale<\/a>.<\/p>\n","protected":false},"excerpt":{"rendered":"<p>Um acidente envolvendo um \u00f4nibus e uma carreta cegonha deixou duas pessoas mortas no quil\u00f4metro 466 da BR-251, na Serra de Francisco de S\u00e1 (MG), na tarde de s\u00e1bado (04\/01\/2020). As duas v\u00edtimas eram os motoristas dos ve\u00edculos e ficaram presas \u00e0s ferragens. Segundo informa\u00e7\u00f5es da Pol\u00edcia Civil, um dos condutores foi identificado como Ad\u00e3o [&hellip;]<\/p>\n","protected":false},"author":1,"featured_media":156794,"comment_status":"open","ping_status":"closed","sticky":false,"template":"","format":"standard","meta":{"amp_status":"","footnotes":""},"categories":[1236],"tags":[44419,213651,213586,213587,2034,213589,1396,83224,83223,213652,88120,213602,921,1018,213649,213650],"class_list":["post-156793","post","type-post","status-publish","format-standard","has-post-thumbnail","hentry","category-norte_de_minas","tag-acidente-com-onibus-na-br-251","tag-acidente-com-onibus-tropical-transportes","tag-acidente-deixa-mortos-e-feridos-na-br-251","tag-acidente-deixa-mortos-e-feridos-na-br-251-no-norte-de-minas","tag-acidente-em-francisco-sa","tag-acidente-entre-onibus-e-cegonha-na-br-251","tag-acidente-na-br-251","tag-acidente-na-br-251-na-serra-de-francisco-sa","tag-acidente-na-serra-de-francisco-sa","tag-acidente-onibus-tropical-transportes","tag-acidente-perto-de-francisco-sa","tag-adao-antonio-pereira-caetano","tag-br-251","tag-destaque","tag-onibus-tropical-transportes","tag-tropical-transportes"],"_links":{"self":[{"href":"https:\/\/aconteceunovale.com.br\/portal\/index.php?rest_route=\/wp\/v2\/posts\/156793","targetHints":{"allow":["GET"]}}],"collection":[{"href":"https:\/\/aconteceunovale.com.br\/portal\/index.php?rest_route=\/wp\/v2\/posts"}],"about":[{"href":"https:\/\/aconteceunovale.com.br\/portal\/index.php?rest_route=\/wp\/v2\/types\/post"}],"author":[{"embeddable":true,"href":"https:\/\/aconteceunovale.com.br\/portal\/index.php?rest_route=\/wp\/v2\/users\/1"}],"replies":[{"embeddable":true,"href":"https:\/\/aconteceunovale.com.br\/portal\/index.php?rest_route=%2Fwp%2Fv2%2Fcomments&post=156793"}],"version-history":[{"count":2,"href":"https:\/\/aconteceunovale.com.br\/portal\/index.php?rest_route=\/wp\/v2\/posts\/156793\/revisions"}],"predecessor-version":[{"id":156805,"href":"https:\/\/aconteceunovale.com.br\/portal\/index.php?rest_route=\/wp\/v2\/posts\/156793\/revisions\/156805"}],"wp:featuredmedia":[{"embeddable":true,"href":"https:\/\/aconteceunovale.com.br\/portal\/index.php?rest_route=\/wp\/v2\/media\/156794"}],"wp:attachment":[{"href":"https:\/\/aconteceunovale.com.br\/portal\/index.php?rest_route=%2Fwp%2Fv2%2Fmedia&parent=156793"}],"wp:term":[{"taxonomy":"category","embeddable":true,"href":"https:\/\/aconteceunovale.com.br\/portal\/index.php?rest_route=%2Fwp%2Fv2%2Fcategories&post=156793"},{"taxonomy":"post_tag","embeddable":true,"href":"https:\/\/aconteceunovale.com.br\/portal\/index.php?rest_route=%2Fwp%2Fv2%2Ftags&post=156793"}],"curies":[{"name":"wp","href":"https:\/\/api.w.org\/{rel}","templated":true}]}}