{"id":156789,"date":"2020-01-05T10:32:43","date_gmt":"2020-01-05T13:32:43","guid":{"rendered":"http:\/\/aconteceunovale.com.br\/portal\/?p=156789"},"modified":"2020-01-05T10:58:15","modified_gmt":"2020-01-05T13:58:15","slug":"colisao-entre-veiculos-deixa-mortos-e-feridos-em-montes-claros","status":"publish","type":"post","link":"https:\/\/aconteceunovale.com.br\/portal\/?p=156789","title":{"rendered":"Colis\u00e3o entre ve\u00edculos deixa mortos e feridos em Montes Claros"},"content":{"rendered":"\n<p>Uma colis\u00e3o lateral entre um carro e uma van deixou duas pessoas mortas no quil\u00f4metro 334 da MGC-135, pr\u00f3ximo \u00e0 comunidade de Nova Esperan\u00e7a, entre Montes Claros e Mirabela, na tarde de s\u00e1bado (04\/01\/2020). Outras sete ocupantes dos ve\u00edculos ficaram feridos.\u00a0<\/p>\n\n\n\n<p>Segundo\nas informa\u00e7\u00f5es da Pol\u00edcia Militar Rodovi\u00e1ria, um homem e uma mulher que estavam\nno autom\u00f3vel, com placa de Montes Claros (MG), morreram no local. Um passageiro\ndo mesmo ve\u00edculo sofreu ferimentos graves.<\/p>\n\n\n\n<p>Na\nvan, segundo a PMRv, estavam um casal, tr\u00eas filhos e um sobrinho. O homem ficou\ngravemente ferido. <\/p>\n\n\n\n<p>As\nv\u00edtimas feridas foram socorridas por equipes do Corpo de Bombeiros e do SAMU\n(Servi\u00e7o de Atendimento M\u00f3vel de Urg\u00eancia). Elas foram encaminhadas para\nhospitais de Montes Claros. <\/p>\n\n\n\n<p>Ainda segundo a Pol\u00edcia\nRodovi\u00e1ria, chovia no momento da colis\u00e3o entre os ve\u00edculos. As causas do\nacidente ser\u00e3o investigadas. <\/p>\n\n\n\n<figure class=\"wp-block-image size-large\"><img loading=\"lazy\" decoding=\"async\" width=\"600\" height=\"450\" src=\"http:\/\/aconteceunovale.com.br\/portal\/wp-content\/uploads\/2020\/01\/carro_van_moc_1.jpeg\" alt=\"\" class=\"wp-image-156790\" srcset=\"https:\/\/aconteceunovale.com.br\/portal\/wp-content\/uploads\/2020\/01\/carro_van_moc_1.jpeg 600w, https:\/\/aconteceunovale.com.br\/portal\/wp-content\/uploads\/2020\/01\/carro_van_moc_1-300x225.jpeg 300w, https:\/\/aconteceunovale.com.br\/portal\/wp-content\/uploads\/2020\/01\/carro_van_moc_1-80x60.jpeg 80w, https:\/\/aconteceunovale.com.br\/portal\/wp-content\/uploads\/2020\/01\/carro_van_moc_1-265x198.jpeg 265w, https:\/\/aconteceunovale.com.br\/portal\/wp-content\/uploads\/2020\/01\/carro_van_moc_1-560x420.jpeg 560w\" sizes=\"auto, (max-width: 600px) 100vw, 600px\" \/><figcaption><em> Foto: Pol\u00edcia Militar \/ Divulga\u00e7\u00e3o <\/em><\/figcaption><\/figure>\n\n\n\n<p class=\"has-text-color has-background has-very-light-gray-color has-very-dark-gray-background-color\"><strong>VER PRIMEIRO: <\/strong>Receba as not\u00edcias do Aconteceu no Vale em primeira m\u00e3o. Clique em curtir no endere\u00e7o <a rel=\"noreferrer noopener\" href=\"https:\/\/www.facebook.com\/aconteceunovale\" target=\"_blank\">www.facebook.com\/aconteceunovale<\/a>.<\/p>\n","protected":false},"excerpt":{"rendered":"<p>Uma colis\u00e3o lateral entre um carro e uma van deixou duas pessoas mortas no quil\u00f4metro 334 da MGC-135, pr\u00f3ximo \u00e0 comunidade de Nova Esperan\u00e7a, entre Montes Claros e Mirabela, na tarde de s\u00e1bado (04\/01\/2020). Outras sete ocupantes dos ve\u00edculos ficaram feridos.\u00a0 Segundo as informa\u00e7\u00f5es da Pol\u00edcia Militar Rodovi\u00e1ria, um homem e uma mulher que estavam [&hellip;]<\/p>\n","protected":false},"author":1,"featured_media":156790,"comment_status":"open","ping_status":"closed","sticky":false,"template":"","format":"standard","meta":{"amp_status":"","footnotes":""},"categories":[1236],"tags":[16673,213584,213583,164482,24465,97610,213582,213585,213581,1018,210],"class_list":["post-156789","post","type-post","status-publish","format-standard","has-post-thumbnail","hentry","category-norte_de_minas","tag-acidente-em-montes-claros","tag-acidente-entre-carro-e-van-em-montes-claros","tag-acidente-na-mgc-135-em-montes-claros","tag-acidente-na-zona-rural-de-montes-claros","tag-acidente-perto-de-montes-claros","tag-acidente-perto-de-nova-esperanca-em-montes-claros","tag-acidente-proximo-de-montes-claros","tag-colisao-entre-carro-e-van-em-montes-claros","tag-colisao-entre-veiculos-deixa-mortos-e-feridos-em-montes-claros","tag-destaque","tag-montes-claros"],"_links":{"self":[{"href":"https:\/\/aconteceunovale.com.br\/portal\/index.php?rest_route=\/wp\/v2\/posts\/156789","targetHints":{"allow":["GET"]}}],"collection":[{"href":"https:\/\/aconteceunovale.com.br\/portal\/index.php?rest_route=\/wp\/v2\/posts"}],"about":[{"href":"https:\/\/aconteceunovale.com.br\/portal\/index.php?rest_route=\/wp\/v2\/types\/post"}],"author":[{"embeddable":true,"href":"https:\/\/aconteceunovale.com.br\/portal\/index.php?rest_route=\/wp\/v2\/users\/1"}],"replies":[{"embeddable":true,"href":"https:\/\/aconteceunovale.com.br\/portal\/index.php?rest_route=%2Fwp%2Fv2%2Fcomments&post=156789"}],"version-history":[{"count":2,"href":"https:\/\/aconteceunovale.com.br\/portal\/index.php?rest_route=\/wp\/v2\/posts\/156789\/revisions"}],"predecessor-version":[{"id":156792,"href":"https:\/\/aconteceunovale.com.br\/portal\/index.php?rest_route=\/wp\/v2\/posts\/156789\/revisions\/156792"}],"wp:featuredmedia":[{"embeddable":true,"href":"https:\/\/aconteceunovale.com.br\/portal\/index.php?rest_route=\/wp\/v2\/media\/156790"}],"wp:attachment":[{"href":"https:\/\/aconteceunovale.com.br\/portal\/index.php?rest_route=%2Fwp%2Fv2%2Fmedia&parent=156789"}],"wp:term":[{"taxonomy":"category","embeddable":true,"href":"https:\/\/aconteceunovale.com.br\/portal\/index.php?rest_route=%2Fwp%2Fv2%2Fcategories&post=156789"},{"taxonomy":"post_tag","embeddable":true,"href":"https:\/\/aconteceunovale.com.br\/portal\/index.php?rest_route=%2Fwp%2Fv2%2Ftags&post=156789"}],"curies":[{"name":"wp","href":"https:\/\/api.w.org\/{rel}","templated":true}]}}