{"id":156742,"date":"2020-01-04T00:40:24","date_gmt":"2020-01-04T03:40:24","guid":{"rendered":"http:\/\/aconteceunovale.com.br\/portal\/?p=156742"},"modified":"2020-01-04T00:41:54","modified_gmt":"2020-01-04T03:41:54","slug":"onibus-de-banda-atinge-muro-em-montes-claros","status":"publish","type":"post","link":"https:\/\/aconteceunovale.com.br\/portal\/?p=156742","title":{"rendered":"\u00d4nibus de banda atinge muro em Montes Claros"},"content":{"rendered":"\n<p>Um\n\u00f4nibus derrubou um muro de um lote vago no Bairro S\u00e3o Judas, em Montes Claros,\nna madrugada de sexta-feira (03\/01\/2020). Segundo o Corpo de Bombeiros, o\nve\u00edculo estava estacionado em uma rua \u00edngreme, desceu desgovernado e atingiu a\nestrutura. As causas do incidente ainda n\u00e3o foram identificadas.<\/p>\n\n\n\n<p>O\nlocal fica nas proximidades de um condom\u00ednio e uma fam\u00edlia foi retirada do\napartamento at\u00e9 a chegada do guincho. Ningu\u00e9m ficou ferido.<\/p>\n\n\n\n<p>O \u00f4nibus pertence a uma banda e estava estacionado em frente \u00e0 casa do propriet\u00e1rio. De acordo com os militares, ele disse que o freio de m\u00e3o estava puxado e n\u00e3o soube explicar como o ve\u00edculo desceu a rua. <\/p>\n\n\n\n<figure class=\"wp-block-image size-large is-resized\"><img loading=\"lazy\" decoding=\"async\" src=\"http:\/\/aconteceunovale.com.br\/portal\/wp-content\/uploads\/2020\/01\/acidente_bus_banda_moc.jpg\" alt=\"\" class=\"wp-image-156743\" width=\"662\" height=\"497\" srcset=\"https:\/\/aconteceunovale.com.br\/portal\/wp-content\/uploads\/2020\/01\/acidente_bus_banda_moc.jpg 600w, https:\/\/aconteceunovale.com.br\/portal\/wp-content\/uploads\/2020\/01\/acidente_bus_banda_moc-300x225.jpg 300w, https:\/\/aconteceunovale.com.br\/portal\/wp-content\/uploads\/2020\/01\/acidente_bus_banda_moc-80x60.jpg 80w, https:\/\/aconteceunovale.com.br\/portal\/wp-content\/uploads\/2020\/01\/acidente_bus_banda_moc-265x198.jpg 265w, https:\/\/aconteceunovale.com.br\/portal\/wp-content\/uploads\/2020\/01\/acidente_bus_banda_moc-560x420.jpg 560w\" sizes=\"auto, (max-width: 662px) 100vw, 662px\" \/><figcaption><em> Foto: Corpo de Bombeiros \/ Divulga\u00e7\u00e3o <\/em><\/figcaption><\/figure>\n\n\n\n<p class=\"has-text-color has-background has-very-light-gray-color has-very-dark-gray-background-color\"><strong>VER PRIMEIRO: <\/strong>Receba as not\u00edcias do Aconteceu no Vale em primeira m\u00e3o. Clique em curtir no endere\u00e7o <a rel=\"noreferrer noopener\" href=\"https:\/\/www.facebook.com\/aconteceunovale\" target=\"_blank\">www.facebook.com\/aconteceunovale<\/a>.<\/p>\n","protected":false},"excerpt":{"rendered":"<p>Um \u00f4nibus derrubou um muro de um lote vago no Bairro S\u00e3o Judas, em Montes Claros, na madrugada de sexta-feira (03\/01\/2020). Segundo o Corpo de Bombeiros, o ve\u00edculo estava estacionado em uma rua \u00edngreme, desceu desgovernado e atingiu a estrutura. As causas do incidente ainda n\u00e3o foram identificadas. O local fica nas proximidades de um [&hellip;]<\/p>\n","protected":false},"author":1,"featured_media":156743,"comment_status":"open","ping_status":"closed","sticky":false,"template":"","format":"standard","meta":{"amp_status":"","footnotes":""},"categories":[1236],"tags":[213536,21056,16673,213537,210,213535],"class_list":["post-156742","post","type-post","status-publish","format-standard","has-post-thumbnail","hentry","category-norte_de_minas","tag-acidente-com-onibus-de-banda-em-montes-claros","tag-acidente-com-onibus-em-montes-claros","tag-acidente-em-montes-claros","tag-acidente-onibus-banda-asus-em-montes-claros","tag-montes-claros","tag-onibus-de-banda-atinge-muro-em-montes-claros"],"_links":{"self":[{"href":"https:\/\/aconteceunovale.com.br\/portal\/index.php?rest_route=\/wp\/v2\/posts\/156742","targetHints":{"allow":["GET"]}}],"collection":[{"href":"https:\/\/aconteceunovale.com.br\/portal\/index.php?rest_route=\/wp\/v2\/posts"}],"about":[{"href":"https:\/\/aconteceunovale.com.br\/portal\/index.php?rest_route=\/wp\/v2\/types\/post"}],"author":[{"embeddable":true,"href":"https:\/\/aconteceunovale.com.br\/portal\/index.php?rest_route=\/wp\/v2\/users\/1"}],"replies":[{"embeddable":true,"href":"https:\/\/aconteceunovale.com.br\/portal\/index.php?rest_route=%2Fwp%2Fv2%2Fcomments&post=156742"}],"version-history":[{"count":1,"href":"https:\/\/aconteceunovale.com.br\/portal\/index.php?rest_route=\/wp\/v2\/posts\/156742\/revisions"}],"predecessor-version":[{"id":156744,"href":"https:\/\/aconteceunovale.com.br\/portal\/index.php?rest_route=\/wp\/v2\/posts\/156742\/revisions\/156744"}],"wp:featuredmedia":[{"embeddable":true,"href":"https:\/\/aconteceunovale.com.br\/portal\/index.php?rest_route=\/wp\/v2\/media\/156743"}],"wp:attachment":[{"href":"https:\/\/aconteceunovale.com.br\/portal\/index.php?rest_route=%2Fwp%2Fv2%2Fmedia&parent=156742"}],"wp:term":[{"taxonomy":"category","embeddable":true,"href":"https:\/\/aconteceunovale.com.br\/portal\/index.php?rest_route=%2Fwp%2Fv2%2Fcategories&post=156742"},{"taxonomy":"post_tag","embeddable":true,"href":"https:\/\/aconteceunovale.com.br\/portal\/index.php?rest_route=%2Fwp%2Fv2%2Ftags&post=156742"}],"curies":[{"name":"wp","href":"https:\/\/api.w.org\/{rel}","templated":true}]}}