{"id":156739,"date":"2020-01-04T00:31:14","date_gmt":"2020-01-04T03:31:14","guid":{"rendered":"http:\/\/aconteceunovale.com.br\/portal\/?p=156739"},"modified":"2020-01-04T00:32:51","modified_gmt":"2020-01-04T03:32:51","slug":"eua-enviam-mais-3-mil-soldados-ao-oriente-medio","status":"publish","type":"post","link":"https:\/\/aconteceunovale.com.br\/portal\/?p=156739","title":{"rendered":"EUA enviam mais 3 mil soldados ao Oriente M\u00e9dio"},"content":{"rendered":"\n<p>Os Estados Unidos v\u00e3o enviar um contingente adicional de 3 mil soldados para o Oriente M\u00e9dio como uma medida de precau\u00e7\u00e3o aos recentes acontecimentos na regi\u00e3o. Quinta-feira (2), \u00a0um ataque de drones norte-americanos resultou na morte, no Iraque, de um militar de alta patente do Ir\u00e3, o general Qassem Soleimani.<\/p>\n\n\n\n<p>O Departamento de Defesa dos Estados Unidos revelou nesta sexta-feira (3) que a For\u00e7a de Resposta Imediata da 82\u00aa Divis\u00e3o Airbone, sediada no Fort Bragg, na Carolina do Norte, ser\u00e1 enviada para o Kwait.<\/p>\n\n\n\n<p>O Pent\u00e1gono disse anteriormente que aproximadamente 750 soldados seriam imediatamente enviados ao Oriente M\u00e9dio \u00e0 medida que a manifesta\u00e7\u00e3o contra a embaixada dos EUA em Bagd\u00e1 se tornou violenta. Tamb\u00e9m foi revelado que mais tropas seriam enviadas nos pr\u00f3ximos dias;<\/p>\n\n\n\n<p>A administra\u00e7\u00e3o de Donald Trump tem repetidamente enviado membros da For\u00e7as Armadas dos EUA ao Oriente M\u00e9dio desde maio cintando amea\u00e7as do Ir\u00e3. O n\u00famero de soldados \u00e9 de cerca de 14 mil.<\/p>\n\n\n\n<p>Analistas dizem que ao aumento nas tropas pode incendiar as j\u00e1 tensas rela\u00e7\u00f5es entre os EUA e o Ir\u00e3.\u00a0<\/p>\n\n\n\n<p class=\"has-text-color has-background has-very-light-gray-color has-very-dark-gray-background-color\"><strong>VER PRIMEIRO: <\/strong>Receba as not\u00edcias do Aconteceu no Vale em primeira m\u00e3o. Clique em curtir no endere\u00e7o <a rel=\"noreferrer noopener\" href=\"https:\/\/www.facebook.com\/aconteceunovale\" target=\"_blank\">www.facebook.com\/aconteceunovale<\/a>.<\/p>\n","protected":false},"excerpt":{"rendered":"<p>Os Estados Unidos v\u00e3o enviar um contingente adicional de 3 mil soldados para o Oriente M\u00e9dio como uma medida de precau\u00e7\u00e3o aos recentes acontecimentos na regi\u00e3o. Quinta-feira (2), \u00a0um ataque de drones norte-americanos resultou na morte, no Iraque, de um militar de alta patente do Ir\u00e3, o general Qassem Soleimani. O Departamento de Defesa dos [&hellip;]<\/p>\n","protected":false},"author":1,"featured_media":156740,"comment_status":"open","ping_status":"closed","sticky":false,"template":"","format":"standard","meta":{"amp_status":"","footnotes":""},"categories":[28848],"tags":[213515,213512,213506,213509,213517,213507,213528,213527,79020,15469,50315,213534,213526,213525,137642,21608,213513,213514,213516,213511,213510,213508,213524],"class_list":["post-156739","post","type-post","status-publish","format-standard","has-post-thumbnail","hentry","category-mundo","tag-adel-abdul-mahdi","tag-ali-khamenei","tag-ataque-ao-ira","tag-ataque-dos-estados-unidos-ao-ira","tag-ataque-dos-estados-unidos-ao-ira-gera-tensao-entre-lideres-mundiais","tag-ataque-dos-eua-ao-ira","tag-conflito-entre-estados-unidos-e-ira","tag-conflito-entre-eua-e-ira","tag-donald-trump","tag-estados-unidos","tag-eua","tag-eua-enviam-mais-3-mil-soldados-ao-oriente-medio","tag-guerra-entre-estados-unidos-e-ira","tag-guerra-entre-eua-e-ira","tag-ira","tag-iraque","tag-javad-zariff","tag-major-soleimani","tag-morte-de-qassem-soleimani","tag-qassem-soleimani","tag-tensao-entre-estados-unidos-e-ira","tag-tensao-entre-eua-e-ira","tag-terceira-guerra-mundial"],"_links":{"self":[{"href":"https:\/\/aconteceunovale.com.br\/portal\/index.php?rest_route=\/wp\/v2\/posts\/156739","targetHints":{"allow":["GET"]}}],"collection":[{"href":"https:\/\/aconteceunovale.com.br\/portal\/index.php?rest_route=\/wp\/v2\/posts"}],"about":[{"href":"https:\/\/aconteceunovale.com.br\/portal\/index.php?rest_route=\/wp\/v2\/types\/post"}],"author":[{"embeddable":true,"href":"https:\/\/aconteceunovale.com.br\/portal\/index.php?rest_route=\/wp\/v2\/users\/1"}],"replies":[{"embeddable":true,"href":"https:\/\/aconteceunovale.com.br\/portal\/index.php?rest_route=%2Fwp%2Fv2%2Fcomments&post=156739"}],"version-history":[{"count":1,"href":"https:\/\/aconteceunovale.com.br\/portal\/index.php?rest_route=\/wp\/v2\/posts\/156739\/revisions"}],"predecessor-version":[{"id":156741,"href":"https:\/\/aconteceunovale.com.br\/portal\/index.php?rest_route=\/wp\/v2\/posts\/156739\/revisions\/156741"}],"wp:featuredmedia":[{"embeddable":true,"href":"https:\/\/aconteceunovale.com.br\/portal\/index.php?rest_route=\/wp\/v2\/media\/156740"}],"wp:attachment":[{"href":"https:\/\/aconteceunovale.com.br\/portal\/index.php?rest_route=%2Fwp%2Fv2%2Fmedia&parent=156739"}],"wp:term":[{"taxonomy":"category","embeddable":true,"href":"https:\/\/aconteceunovale.com.br\/portal\/index.php?rest_route=%2Fwp%2Fv2%2Fcategories&post=156739"},{"taxonomy":"post_tag","embeddable":true,"href":"https:\/\/aconteceunovale.com.br\/portal\/index.php?rest_route=%2Fwp%2Fv2%2Ftags&post=156739"}],"curies":[{"name":"wp","href":"https:\/\/api.w.org\/{rel}","templated":true}]}}