{"id":156734,"date":"2020-01-04T00:04:35","date_gmt":"2020-01-04T03:04:35","guid":{"rendered":"http:\/\/aconteceunovale.com.br\/portal\/?p=156734"},"modified":"2020-01-04T00:21:34","modified_gmt":"2020-01-04T03:21:34","slug":"crianca-morre-em-acidente-com-carro-que-seguia-do-vale-do-jequitinhonha-para-sao-paulo","status":"publish","type":"post","link":"https:\/\/aconteceunovale.com.br\/portal\/?p=156734","title":{"rendered":"Crian\u00e7a morre em acidente com carro que seguia do Vale do Jequitinhonha para S\u00e3o Paulo"},"content":{"rendered":"\n<p>Uma crian\u00e7a de nove anos morreu em um acidente no KM 534 da\nBR-259, no munic\u00edpio de Inimutaba (MG), nesta sexta-feira (03\/01\/2020). Segundo\ninforma\u00e7\u00f5es da Pol\u00edcia Militar Rodovi\u00e1ria (PMRv), a condutora de um Chevrolet\nZafira teria for\u00e7ado uma ultrapassagem a um caminh\u00e3o, mas percebeu um outro carro\nna pista contr\u00e1ria e, ao tentar retornar, colidiu contra a lateral do ve\u00edculo\nde carga. <\/p>\n\n\n\n<p>Ap\u00f3s a batida, o autom\u00f3vel ficou desgovernado e capotou. O garoto Bruno Fernandes Miranda Rosa ficou gravemente ferido e veio a \u00f3bito. O carro era conduzido pela m\u00e3e dele, M.F.A.R., de 45, que ficou ferida. <\/p>\n\n\n\n<p>Uma passageira de 63 anos sofreu les\u00f5es graves e foi encaminhada\nao hospital de Curvelo. Outros sete ocupantes do Zafira, entre eles uma crian\u00e7a\nde dois anos e outra de 10, foram levados para a mesma unidade de sa\u00fade com\nferimentos leves. <\/p>\n\n\n\n<p>Ainda segundo a pol\u00edcia, o Chevrolet Zafira tem capacidade\npara sete pessoas, mas estava com nove ocupantes no momento do acidente. Eles\nseguiam para S\u00e3o Paulo ap\u00f3s visitarem parentes em Fel\u00edcio dos Santos, no Vale\ndo Jequitinhonha, durante as festas de fim de ano. <\/p>\n\n\n\n<p>As causas do acidente ser\u00e3o investigadas.<\/p>\n\n\n\n<figure class=\"wp-block-image size-large\"><img loading=\"lazy\" decoding=\"async\" width=\"820\" height=\"492\" src=\"http:\/\/aconteceunovale.com.br\/portal\/wp-content\/uploads\/2020\/01\/acidente_inimutaba_1.jpeg\" alt=\"\" class=\"wp-image-156735\" srcset=\"https:\/\/aconteceunovale.com.br\/portal\/wp-content\/uploads\/2020\/01\/acidente_inimutaba_1.jpeg 820w, https:\/\/aconteceunovale.com.br\/portal\/wp-content\/uploads\/2020\/01\/acidente_inimutaba_1-300x180.jpeg 300w, https:\/\/aconteceunovale.com.br\/portal\/wp-content\/uploads\/2020\/01\/acidente_inimutaba_1-768x461.jpeg 768w, https:\/\/aconteceunovale.com.br\/portal\/wp-content\/uploads\/2020\/01\/acidente_inimutaba_1-696x418.jpeg 696w, https:\/\/aconteceunovale.com.br\/portal\/wp-content\/uploads\/2020\/01\/acidente_inimutaba_1-700x420.jpeg 700w\" sizes=\"auto, (max-width: 820px) 100vw, 820px\" \/><figcaption><em> Foto: Divulga\u00e7\u00e3o \/ PMRv <\/em><\/figcaption><\/figure>\n\n\n\n<figure class=\"wp-block-image size-large\"><img loading=\"lazy\" decoding=\"async\" width=\"640\" height=\"427\" src=\"http:\/\/aconteceunovale.com.br\/portal\/wp-content\/uploads\/2020\/01\/acidente_inimutaba_2.jpeg\" alt=\"\" class=\"wp-image-156736\" srcset=\"https:\/\/aconteceunovale.com.br\/portal\/wp-content\/uploads\/2020\/01\/acidente_inimutaba_2.jpeg 640w, https:\/\/aconteceunovale.com.br\/portal\/wp-content\/uploads\/2020\/01\/acidente_inimutaba_2-300x200.jpeg 300w, https:\/\/aconteceunovale.com.br\/portal\/wp-content\/uploads\/2020\/01\/acidente_inimutaba_2-630x420.jpeg 630w\" sizes=\"auto, (max-width: 640px) 100vw, 640px\" \/><figcaption> <em> Foto: Divulga\u00e7\u00e3o \/ PMRv <\/em> <\/figcaption><\/figure>\n\n\n\n<p class=\"has-text-color has-background has-very-light-gray-color has-very-dark-gray-background-color\"><strong>VER PRIMEIRO: <\/strong>Receba as not\u00edcias do Aconteceu no Vale em primeira m\u00e3o. Clique em curtir no endere\u00e7o <a rel=\"noreferrer noopener\" href=\"https:\/\/www.facebook.com\/aconteceunovale\" target=\"_blank\">www.facebook.com\/aconteceunovale<\/a>.<\/p>\n","protected":false},"excerpt":{"rendered":"<p>Uma crian\u00e7a de nove anos morreu em um acidente no KM 534 da BR-259, no munic\u00edpio de Inimutaba (MG), nesta sexta-feira (03\/01\/2020). Segundo informa\u00e7\u00f5es da Pol\u00edcia Militar Rodovi\u00e1ria (PMRv), a condutora de um Chevrolet Zafira teria for\u00e7ado uma ultrapassagem a um caminh\u00e3o, mas percebeu um outro carro na pista contr\u00e1ria e, ao tentar retornar, colidiu [&hellip;]<\/p>\n","protected":false},"author":1,"featured_media":156736,"comment_status":"open","ping_status":"closed","sticky":false,"template":"","format":"standard","meta":{"amp_status":"","footnotes":""},"categories":[123,120],"tags":[213529,213532,44162,21348,213531,71975,213533,213530,1018,879],"class_list":["post-156734","post","type-post","status-publish","format-standard","has-post-thumbnail","hentry","category-gerais","category-jequi","tag-acidente-com-carro-que-seguia-do-vale-do-jequitinhonha-para-sao-paulo-deixa-um-morto-e-oito-feridos-na-br-259","tag-acidente-com-familia-de-felicio-dos-santos","tag-acidente-em-inimutaba","tag-acidente-na-br-259","tag-acidente-na-br-259-em-inimutaba","tag-br-259","tag-bruno-fernandes-miranda-rosa","tag-crianca-morre-em-acidente-com-carro-que-seguia-do-vale-do-jequitinhonha-para-sao-paulo","tag-destaque","tag-felicio-dos-santos"],"_links":{"self":[{"href":"https:\/\/aconteceunovale.com.br\/portal\/index.php?rest_route=\/wp\/v2\/posts\/156734","targetHints":{"allow":["GET"]}}],"collection":[{"href":"https:\/\/aconteceunovale.com.br\/portal\/index.php?rest_route=\/wp\/v2\/posts"}],"about":[{"href":"https:\/\/aconteceunovale.com.br\/portal\/index.php?rest_route=\/wp\/v2\/types\/post"}],"author":[{"embeddable":true,"href":"https:\/\/aconteceunovale.com.br\/portal\/index.php?rest_route=\/wp\/v2\/users\/1"}],"replies":[{"embeddable":true,"href":"https:\/\/aconteceunovale.com.br\/portal\/index.php?rest_route=%2Fwp%2Fv2%2Fcomments&post=156734"}],"version-history":[{"count":1,"href":"https:\/\/aconteceunovale.com.br\/portal\/index.php?rest_route=\/wp\/v2\/posts\/156734\/revisions"}],"predecessor-version":[{"id":156737,"href":"https:\/\/aconteceunovale.com.br\/portal\/index.php?rest_route=\/wp\/v2\/posts\/156734\/revisions\/156737"}],"wp:featuredmedia":[{"embeddable":true,"href":"https:\/\/aconteceunovale.com.br\/portal\/index.php?rest_route=\/wp\/v2\/media\/156736"}],"wp:attachment":[{"href":"https:\/\/aconteceunovale.com.br\/portal\/index.php?rest_route=%2Fwp%2Fv2%2Fmedia&parent=156734"}],"wp:term":[{"taxonomy":"category","embeddable":true,"href":"https:\/\/aconteceunovale.com.br\/portal\/index.php?rest_route=%2Fwp%2Fv2%2Fcategories&post=156734"},{"taxonomy":"post_tag","embeddable":true,"href":"https:\/\/aconteceunovale.com.br\/portal\/index.php?rest_route=%2Fwp%2Fv2%2Ftags&post=156734"}],"curies":[{"name":"wp","href":"https:\/\/api.w.org\/{rel}","templated":true}]}}