{"id":156713,"date":"2020-01-03T12:31:23","date_gmt":"2020-01-03T15:31:23","guid":{"rendered":"http:\/\/aconteceunovale.com.br\/portal\/?p=156713"},"modified":"2020-01-03T12:32:43","modified_gmt":"2020-01-03T15:32:43","slug":"homem-morre-apos-ser-atropelado-em-governador-valadares","status":"publish","type":"post","link":"https:\/\/aconteceunovale.com.br\/portal\/?p=156713","title":{"rendered":"Homem morre ap\u00f3s ser atropelado em Governador Valadares"},"content":{"rendered":"\n<p>Um\nhomem de 57 anos morreu na manh\u00e3 dessa quinta-feira (02\/01\/2020) ap\u00f3s ser\natropelado no per\u00edmetro urbano da BR-116, em Governador Valadares, no Leste de\nMinas. Segundo testemunhas, Marcos Em\u00edlio dos Santos voltava de uma caminhada\n\u00e0s margens do anel rodovi\u00e1rio quando foi atingido por uma picape.<\/p>\n\n\n\n<p>Ainda\nde acordo com as testemunhas, o ve\u00edculo estava em alta velocidade e rodou na\npista antes de atropelar o pedestre. Marcos Em\u00edlio foi arremessado e morreu no\nlocal.<\/p>\n\n\n\n<p>O motorista e o passageiro abandonaram a picape e fugiram sem prestar socorro. A pol\u00edcia investiga o caso.<\/p>\n\n\n\n<figure class=\"wp-block-image size-large is-resized\"><img loading=\"lazy\" decoding=\"async\" src=\"http:\/\/aconteceunovale.com.br\/portal\/wp-content\/uploads\/2020\/01\/acidente_gv_1.jpg\" alt=\"\" class=\"wp-image-156714\" width=\"580\" height=\"325\" srcset=\"https:\/\/aconteceunovale.com.br\/portal\/wp-content\/uploads\/2020\/01\/acidente_gv_1.jpg 678w, https:\/\/aconteceunovale.com.br\/portal\/wp-content\/uploads\/2020\/01\/acidente_gv_1-300x169.jpg 300w\" sizes=\"auto, (max-width: 580px) 100vw, 580px\" \/><figcaption><em>Foto: Reprodu\u00e7\u00e3o \/ Comando Geral<\/em><\/figcaption><\/figure>\n\n\n\n<p class=\"has-text-color has-background has-very-light-gray-color has-very-dark-gray-background-color\"><strong>VER PRIMEIRO: <\/strong>Receba as not\u00edcias do Aconteceu no Vale em primeira m\u00e3o. Clique em curtir no endere\u00e7o <a rel=\"noreferrer noopener\" href=\"https:\/\/www.facebook.com\/aconteceunovale\" target=\"_blank\">www.facebook.com\/aconteceunovale<\/a>.<\/p>\n","protected":false},"excerpt":{"rendered":"<p>Um homem de 57 anos morreu na manh\u00e3 dessa quinta-feira (02\/01\/2020) ap\u00f3s ser atropelado no per\u00edmetro urbano da BR-116, em Governador Valadares, no Leste de Minas. Segundo testemunhas, Marcos Em\u00edlio dos Santos voltava de uma caminhada \u00e0s margens do anel rodovi\u00e1rio quando foi atingido por uma picape. Ainda de acordo com as testemunhas, o ve\u00edculo [&hellip;]<\/p>\n","protected":false},"author":1,"featured_media":156714,"comment_status":"open","ping_status":"closed","sticky":false,"template":"","format":"standard","meta":{"amp_status":"","footnotes":""},"categories":[121],"tags":[12667,145694,213499,145692,213501,182,247,213500,213502],"class_list":["post-156713","post","type-post","status-publish","format-standard","has-post-thumbnail","hentry","category-leste","tag-acidente-em-governador-valadares","tag-atropelado-em-governador-valadares","tag-atropelado-na-br-116-em-governador-valadares","tag-atropelamento-em-governador-valadares","tag-atropelamento-na-br-116-em-governador-valadares","tag-br-116","tag-governador-valadares","tag-homem-morre-apos-ser-atropelado-em-governador-valadares","tag-marcos-emilio-dos-santos"],"_links":{"self":[{"href":"https:\/\/aconteceunovale.com.br\/portal\/index.php?rest_route=\/wp\/v2\/posts\/156713","targetHints":{"allow":["GET"]}}],"collection":[{"href":"https:\/\/aconteceunovale.com.br\/portal\/index.php?rest_route=\/wp\/v2\/posts"}],"about":[{"href":"https:\/\/aconteceunovale.com.br\/portal\/index.php?rest_route=\/wp\/v2\/types\/post"}],"author":[{"embeddable":true,"href":"https:\/\/aconteceunovale.com.br\/portal\/index.php?rest_route=\/wp\/v2\/users\/1"}],"replies":[{"embeddable":true,"href":"https:\/\/aconteceunovale.com.br\/portal\/index.php?rest_route=%2Fwp%2Fv2%2Fcomments&post=156713"}],"version-history":[{"count":1,"href":"https:\/\/aconteceunovale.com.br\/portal\/index.php?rest_route=\/wp\/v2\/posts\/156713\/revisions"}],"predecessor-version":[{"id":156715,"href":"https:\/\/aconteceunovale.com.br\/portal\/index.php?rest_route=\/wp\/v2\/posts\/156713\/revisions\/156715"}],"wp:featuredmedia":[{"embeddable":true,"href":"https:\/\/aconteceunovale.com.br\/portal\/index.php?rest_route=\/wp\/v2\/media\/156714"}],"wp:attachment":[{"href":"https:\/\/aconteceunovale.com.br\/portal\/index.php?rest_route=%2Fwp%2Fv2%2Fmedia&parent=156713"}],"wp:term":[{"taxonomy":"category","embeddable":true,"href":"https:\/\/aconteceunovale.com.br\/portal\/index.php?rest_route=%2Fwp%2Fv2%2Fcategories&post=156713"},{"taxonomy":"post_tag","embeddable":true,"href":"https:\/\/aconteceunovale.com.br\/portal\/index.php?rest_route=%2Fwp%2Fv2%2Ftags&post=156713"}],"curies":[{"name":"wp","href":"https:\/\/api.w.org\/{rel}","templated":true}]}}