{"id":156710,"date":"2020-01-03T11:59:16","date_gmt":"2020-01-03T14:59:16","guid":{"rendered":"http:\/\/aconteceunovale.com.br\/portal\/?p=156710"},"modified":"2020-01-03T11:59:19","modified_gmt":"2020-01-03T14:59:19","slug":"cidades-do-norte-de-minas-arrecadaram-mais-de-r-300-milhoes-com-impostos-em-2019","status":"publish","type":"post","link":"https:\/\/aconteceunovale.com.br\/portal\/?p=156710","title":{"rendered":"Cidades do Norte de Minas arrecadaram mais de R$ 300 milh\u00f5es com impostos em 2019"},"content":{"rendered":"\n<p>As principais cidades do Norte\nde Minas Gerais, considerando o n\u00famero de habitantes, arrecadaram mais de R$ 300\nmilh\u00f5es com impostos em 2019, segundo o \u201cImpost\u00f4metro\u201d da Associa\u00e7\u00e3o Comercial\nde S\u00e3o Paulo (ACSP).<\/p>\n\n\n\n<p>Os munic\u00edpios que est\u00e3o inclu\u00eddos\nno valor s\u00e3o: Montes Claros, Jana\u00faba, Janu\u00e1ria, S\u00e3o Francisco, Pirapora,\nBocaiuva, Salinas, V\u00e1rzea da Palma, Porteirinha, Ja\u00edba, Bras\u00edlia de Minas,\nEspinosa, Taiobeiras, Rio Pardo de Minas, Buritizeiro, Cora\u00e7\u00e3o de Jesus, S\u00e3o\nJo\u00e3o da Ponte, S\u00e3o Jo\u00e3o do Para\u00edso, Francisco S\u00e1, Monte Azul e Gr\u00e3o Mogol. Em\nrela\u00e7\u00e3o a 2018, a arrecada\u00e7\u00e3o caiu 0,13% no ano passado.<\/p>\n\n\n\n<p>Segundo a associa\u00e7\u00e3o, a cidade que mais arrecadou foi Montes Claros (R$ 171.996.414,54), mas a que teve maior porcentagem de aumento foi Jana\u00faba, com 21,13% se comparado com 2018. J\u00e1 Monte Azul, na microrregi\u00e3o de Jana\u00faba, sofreu uma redu\u00e7\u00e3o de 45,35%.<\/p>\n\n\n\n<figure class=\"wp-block-image size-large is-resized\"><img loading=\"lazy\" decoding=\"async\" src=\"http:\/\/aconteceu.info\/pub\/tabela_imposto_norte_de_minas.jpg\" alt=\"\" width=\"593\" height=\"634\"\/><\/figure>\n\n\n\n<h2 class=\"wp-block-heading\">O Impost\u00f4metro<\/h2>\n\n\n\n<p>O impost\u00f4metro foi criado em 2005 e busca estimar o valor total de impostos, taxas, contribui\u00e7\u00f5es e multas que a popula\u00e7\u00e3o brasileira paga para a Uni\u00e3o, os estados e os munic\u00edpios.<\/p>\n\n\n\n<p>O total de impostos pagos pelos brasileiros tamb\u00e9m pode ser acompanhado pela internet, na p\u00e1gina do Impost\u00f4metro (<a rel=\"noreferrer noopener\" href=\"http:\/\/www.impostometro.com.br\/\" target=\"_blank\"><strong>www.impostometro.com.br<\/strong><\/a>).<\/p>\n\n\n\n<p class=\"has-text-color has-background has-very-light-gray-color has-very-dark-gray-background-color\"><strong>VER PRIMEIRO: <\/strong>Receba as not\u00edcias do Aconteceu no Vale em primeira m\u00e3o. Clique em curtir no endere\u00e7o <a rel=\"noreferrer noopener\" href=\"https:\/\/www.facebook.com\/aconteceunovale\" target=\"_blank\">www.facebook.com\/aconteceunovale<\/a>.<\/p>\n","protected":false},"excerpt":{"rendered":"<p>As principais cidades do Norte de Minas Gerais, considerando o n\u00famero de habitantes, arrecadaram mais de R$ 300 milh\u00f5es com impostos em 2019, segundo o \u201cImpost\u00f4metro\u201d da Associa\u00e7\u00e3o Comercial de S\u00e3o Paulo (ACSP). Os munic\u00edpios que est\u00e3o inclu\u00eddos no valor s\u00e3o: Montes Claros, Jana\u00faba, Janu\u00e1ria, S\u00e3o Francisco, Pirapora, Bocaiuva, Salinas, V\u00e1rzea da Palma, Porteirinha, Ja\u00edba, [&hellip;]<\/p>\n","protected":false},"author":1,"featured_media":156711,"comment_status":"open","ping_status":"closed","sticky":false,"template":"","format":"standard","meta":{"amp_status":"","footnotes":""},"categories":[1236],"tags":[123011,213453,98632,213452,1018,213462,213466,213470,213472,213468,213475,213477,213469,213458,213459,213476,213457,213461,213465,213471,213460,213463,213473,213474,213467,213464,213455,213482,213488,213493,213492,213489,213497,213498,213486,213481,213480,213496,213478,213483,213487,213491,213484,213479,213495,213494,213490,213485,213454],"class_list":["post-156710","post","type-post","status-publish","format-standard","has-post-thumbnail","hentry","category-norte_de_minas","tag-acsp","tag-arrecadacao-de-imposto-no-norte-de-minas","tag-associacao-comercial-de-sao-paulo","tag-cidades-do-norte-de-minas-arrecadaram-mais-de-r-300-milhoes-com-impostos-em-2019","tag-destaque","tag-imposto-arrecadado-em-bocaiuva","tag-imposto-arrecadado-em-brasilia-de-minas","tag-imposto-arrecadado-em-buritizeiro","tag-imposto-arrecadado-em-coracao-de-jesus","tag-imposto-arrecadado-em-espinosa","tag-imposto-arrecadado-em-francisco-sa","tag-imposto-arrecadado-em-grao-mogol","tag-imposto-arrecadado-em-jaiba","tag-imposto-arrecadado-em-janauba","tag-imposto-arrecadado-em-januaria","tag-imposto-arrecadado-em-monte-azul","tag-imposto-arrecadado-em-montes-claros","tag-imposto-arrecadado-em-pirapora","tag-imposto-arrecadado-em-porteirinha","tag-imposto-arrecadado-em-rio-pardo-de-minas","tag-imposto-arrecadado-em-salinas","tag-imposto-arrecadado-em-sao-francisco","tag-imposto-arrecadado-em-sao-joao-da-ponte","tag-imposto-arrecadado-em-sao-joao-do-paraiso","tag-imposto-arrecadado-em-taiobeiras","tag-imposto-arrecadado-em-varzea-da-palma","tag-imposto-arrecadado-no-norte-de-minas","tag-imposto-bocaiuva","tag-imposto-brasilia-de-minas","tag-imposto-buritizeiro","tag-imposto-coracao-de-jesus","tag-imposto-espinosa","tag-imposto-francisco-sa","tag-imposto-grao-mogol","tag-imposto-jaiba","tag-imposto-janauba","tag-imposto-januaria","tag-imposto-monte-azul","tag-imposto-montes-claros","tag-imposto-pirapora","tag-imposto-porteirinha","tag-imposto-rio-pardo-de-minas","tag-imposto-salinas","tag-imposto-sao-francisco","tag-imposto-sao-joao-da-ponte","tag-imposto-sao-joao-do-paraiso","tag-imposto-taiobeiras","tag-imposto-varzea-da-palma","tag-impostometro-norte-de-minas"],"_links":{"self":[{"href":"https:\/\/aconteceunovale.com.br\/portal\/index.php?rest_route=\/wp\/v2\/posts\/156710","targetHints":{"allow":["GET"]}}],"collection":[{"href":"https:\/\/aconteceunovale.com.br\/portal\/index.php?rest_route=\/wp\/v2\/posts"}],"about":[{"href":"https:\/\/aconteceunovale.com.br\/portal\/index.php?rest_route=\/wp\/v2\/types\/post"}],"author":[{"embeddable":true,"href":"https:\/\/aconteceunovale.com.br\/portal\/index.php?rest_route=\/wp\/v2\/users\/1"}],"replies":[{"embeddable":true,"href":"https:\/\/aconteceunovale.com.br\/portal\/index.php?rest_route=%2Fwp%2Fv2%2Fcomments&post=156710"}],"version-history":[{"count":1,"href":"https:\/\/aconteceunovale.com.br\/portal\/index.php?rest_route=\/wp\/v2\/posts\/156710\/revisions"}],"predecessor-version":[{"id":156712,"href":"https:\/\/aconteceunovale.com.br\/portal\/index.php?rest_route=\/wp\/v2\/posts\/156710\/revisions\/156712"}],"wp:featuredmedia":[{"embeddable":true,"href":"https:\/\/aconteceunovale.com.br\/portal\/index.php?rest_route=\/wp\/v2\/media\/156711"}],"wp:attachment":[{"href":"https:\/\/aconteceunovale.com.br\/portal\/index.php?rest_route=%2Fwp%2Fv2%2Fmedia&parent=156710"}],"wp:term":[{"taxonomy":"category","embeddable":true,"href":"https:\/\/aconteceunovale.com.br\/portal\/index.php?rest_route=%2Fwp%2Fv2%2Fcategories&post=156710"},{"taxonomy":"post_tag","embeddable":true,"href":"https:\/\/aconteceunovale.com.br\/portal\/index.php?rest_route=%2Fwp%2Fv2%2Ftags&post=156710"}],"curies":[{"name":"wp","href":"https:\/\/api.w.org\/{rel}","templated":true}]}}