{"id":156660,"date":"2020-01-01T21:22:48","date_gmt":"2020-01-02T00:22:48","guid":{"rendered":"http:\/\/aconteceunovale.com.br\/portal\/?p=156660"},"modified":"2020-01-01T21:24:12","modified_gmt":"2020-01-02T00:24:12","slug":"aecio-neves-e-submetido-a-cirurgia-mas-passa-bem","status":"publish","type":"post","link":"https:\/\/aconteceunovale.com.br\/portal\/?p=156660","title":{"rendered":"A\u00e9cio Neves \u00e9 submetido a cirurgia, mas passa bem"},"content":{"rendered":"\n<p>O deputado federal e ex-governador de Minas Gerais, A\u00e9cio Neves, foi submetido \u00e0s pressas a uma cirurgia na tarde desta&nbsp;ter\u00e7a-feira (31), em Florian\u00f3polis. O parlamentar mineiro deu entrada no Hospital Ba\u00eda Sul no fim da manh\u00e3 de&nbsp;ontem, sentindo dores na regi\u00e3o abdominal. Ap\u00f3s submet\u00ea-lo a exames cl\u00ednicos, os m\u00e9dicos constataram uma inflama\u00e7\u00e3o do ap\u00eandice &#8211; \u00f3rg\u00e3o do sistema digestivo localizado entre o intestino grosso e o delgado.<\/p>\n\n\n\n<p>A&nbsp;inflama\u00e7\u00e3o, entretanto, pode levar a graves complica\u00e7\u00f5es, como infec\u00e7\u00e3o generalizada.<\/p>\n\n\n\n<p>Em nota, o diretor t\u00e9cnico do hospital, Rafael Klee de Vasconcellos, e o cirurgi\u00e3o&nbsp;Jeferson Jos\u00e9 Diel, informaram que A\u00e9cio foi submetido \u00e0 cirurgia de apendicectomia videolaparosc\u00f3pica, ou seja, \u00e0 opera\u00e7\u00e3o de retirada do ap\u00eandice, guiada por uma microc\u00e2mera.<\/p>\n\n\n\n<p>Ainda segundo Vasconcellos e Diel, o deputado respondeu bem \u00e0 interven\u00e7\u00e3o cir\u00fargica e,&nbsp;ap\u00f3s passar a noite internado,&nbsp;teve alta no in\u00edcio da tarde de&nbsp;hoje&nbsp;(1).&nbsp;A&nbsp;assessoria de A\u00e9cio&nbsp;informou&nbsp;que o parlamentar est\u00e1 em casa, e passa bem.<\/p>\n\n\n\n<p>Eleito por Minas Gerais, A\u00e9cio tem passado parte do tempo entre Belo Horizonte e Florian\u00f3polis, onde a fam\u00edlia de sua esposa, Let\u00edcia Weber, mora. De f\u00e9rias devido ao recesso parlamentar, o deputado decidiu passar o r\u00e9veillon na capital catarinense.<\/p>\n\n\n\n<p class=\"has-text-color has-background has-very-light-gray-color has-very-dark-gray-background-color\"><strong>VER PRIMEIRO: <\/strong>Receba as not\u00edcias do Aconteceu no Vale em primeira m\u00e3o. Clique em curtir no endere\u00e7o <a rel=\"noreferrer noopener\" href=\"https:\/\/www.facebook.com\/aconteceunovale\" target=\"_blank\">www.facebook.com\/aconteceunovale<\/a>.<\/p>\n","protected":false},"excerpt":{"rendered":"<p>O deputado federal e ex-governador de Minas Gerais, A\u00e9cio Neves, foi submetido \u00e0s pressas a uma cirurgia na tarde desta&nbsp;ter\u00e7a-feira (31), em Florian\u00f3polis. O parlamentar mineiro deu entrada no Hospital Ba\u00eda Sul no fim da manh\u00e3 de&nbsp;ontem, sentindo dores na regi\u00e3o abdominal. Ap\u00f3s submet\u00ea-lo a exames cl\u00ednicos, os m\u00e9dicos constataram uma inflama\u00e7\u00e3o do ap\u00eandice &#8211; [&hellip;]<\/p>\n","protected":false},"author":1,"featured_media":122904,"comment_status":"open","ping_status":"closed","sticky":false,"template":"","format":"standard","meta":{"amp_status":"","footnotes":""},"categories":[6,123,40240],"tags":[2728,213341,194,1017,213342,209328,213344,213346,213347,213345,213343],"class_list":["post-156660","post","type-post","status-publish","format-standard","has-post-thumbnail","hentry","category-br","category-gerais","category-politica-2","tag-aecio-neves","tag-aecio-neves-e-submetido-a-cirurgia","tag-belo-horizonte","tag-bh","tag-cirurgia-aecio-neves","tag-deputado-aecio-neves","tag-deputado-federal-aecio-neves","tag-jeferson-jose-diel","tag-leticia-weber","tag-rafael-klee-de-vasconcelos","tag-saude-de-aecio-neves"],"_links":{"self":[{"href":"https:\/\/aconteceunovale.com.br\/portal\/index.php?rest_route=\/wp\/v2\/posts\/156660","targetHints":{"allow":["GET"]}}],"collection":[{"href":"https:\/\/aconteceunovale.com.br\/portal\/index.php?rest_route=\/wp\/v2\/posts"}],"about":[{"href":"https:\/\/aconteceunovale.com.br\/portal\/index.php?rest_route=\/wp\/v2\/types\/post"}],"author":[{"embeddable":true,"href":"https:\/\/aconteceunovale.com.br\/portal\/index.php?rest_route=\/wp\/v2\/users\/1"}],"replies":[{"embeddable":true,"href":"https:\/\/aconteceunovale.com.br\/portal\/index.php?rest_route=%2Fwp%2Fv2%2Fcomments&post=156660"}],"version-history":[{"count":1,"href":"https:\/\/aconteceunovale.com.br\/portal\/index.php?rest_route=\/wp\/v2\/posts\/156660\/revisions"}],"predecessor-version":[{"id":156661,"href":"https:\/\/aconteceunovale.com.br\/portal\/index.php?rest_route=\/wp\/v2\/posts\/156660\/revisions\/156661"}],"wp:featuredmedia":[{"embeddable":true,"href":"https:\/\/aconteceunovale.com.br\/portal\/index.php?rest_route=\/wp\/v2\/media\/122904"}],"wp:attachment":[{"href":"https:\/\/aconteceunovale.com.br\/portal\/index.php?rest_route=%2Fwp%2Fv2%2Fmedia&parent=156660"}],"wp:term":[{"taxonomy":"category","embeddable":true,"href":"https:\/\/aconteceunovale.com.br\/portal\/index.php?rest_route=%2Fwp%2Fv2%2Fcategories&post=156660"},{"taxonomy":"post_tag","embeddable":true,"href":"https:\/\/aconteceunovale.com.br\/portal\/index.php?rest_route=%2Fwp%2Fv2%2Ftags&post=156660"}],"curies":[{"name":"wp","href":"https:\/\/api.w.org\/{rel}","templated":true}]}}