{"id":156657,"date":"2020-01-01T21:14:51","date_gmt":"2020-01-02T00:14:51","guid":{"rendered":"http:\/\/aconteceunovale.com.br\/portal\/?p=156657"},"modified":"2020-01-01T21:14:53","modified_gmt":"2020-01-02T00:14:53","slug":"ano-novo-tera-11-feriados-nacionais-em-dias-de-semana","status":"publish","type":"post","link":"https:\/\/aconteceunovale.com.br\/portal\/?p=156657","title":{"rendered":"Ano novo ter\u00e1 11 feriados nacionais em dias de semana"},"content":{"rendered":"\n<p>O ano de 2020 promete mais dias de descanso do que 2019. Dos 12 feriados nacionais, 11 caem em dias de semana e dez podem ser emendados com s\u00e1bados e domingos. A lista n\u00e3o inclui os feriados estaduais e municipais.<\/p>\n\n\n\n<p>As exce\u00e7\u00f5es aos feriados colados ao fim de semana s\u00e3o 1\u00ba de janeiro (Confraterniza\u00e7\u00e3o Universal), caindo em uma&nbsp;quarta-feira;&nbsp;21 de abril&nbsp;(Tiradentes), que ser\u00e1 em uma&nbsp;ter\u00e7a-feira e o Corpus Christi (11 de junho), que sempre cai \u00e0s quintas-feiras 60 dias ap\u00f3s a P\u00e1scoa.<\/p>\n\n\n\n<p>P\u00e1scoa e carnaval s\u00e3o feriados alongados em todos anos. A Paix\u00e3o de Cristo (sexta-feira) ser\u00e1 no dia&nbsp;10 de abril. A&nbsp;segunda-feira e a&nbsp;ter\u00e7a-feira de carnaval cair\u00e3o nos dias 24 e&nbsp;25 de fevereiro, respectivamente.<\/p>\n\n\n\n<p>Al\u00e9m desses dias, os brasileiros poder\u00e3o emendar com o fim de semana o Dia do Trabalho (1\u00ba de maio) que cai numa&nbsp;sexta-feira, assim como o&nbsp;Natal&nbsp;(25 de dezembro).<\/p>\n\n\n\n<p>Para quem n\u00e3o gosta das segundas-feiras, a boa not\u00edcia \u00e9 que os feriados da Independ\u00eancia do Brasil (7 de setembro), de Nossa Senhora Aparecida (12 de outubro) e de finados (2 de novembro) cair\u00e3o nesse dia da semana.<\/p>\n\n\n\n<p>Com tanto feriado, h\u00e1 quem preveja perdas econ\u00f4micas. \u201cO varejo nacional deve deixar de faturar R$ 11,8 bilh\u00f5es em 2020 por causa de feriados nacionais e pontes ao longo do ano. O total \u00e9 53% maior do que a perda prevista para 2019, de R$ 7,6 bilh\u00f5es\u201d, calcula a Federa\u00e7\u00e3o do Com\u00e9rcio de S\u00e3o Paulo.<\/p>\n\n\n\n<p>Outros setores de atividade econ\u00f4mica festejam como \u00e9 o caso do turismo. \u201cNo ano passado, os feriados prolongados resultaram em 13,9 milh\u00f5es de viagens, que injetaram R$ 28,84 bilh\u00f5es na economia brasileira\u201d, soma o Minist\u00e9rio do Turismo (MTur).<\/p>\n\n\n\n<p>Segundo a pasta. \u201co feriado de [1\u00ba de] maio movimentou [em 2019] R$ 9 bilh\u00f5es na economia e resultou em 4,5 milh\u00f5es de viagens. J\u00e1 o&nbsp;12 de outubro&nbsp;foi um dos mais movimentados do ano com a realiza\u00e7\u00e3o de 3,24 milh\u00f5es de viagens&nbsp;dom\u00e9sticas e impacto econ\u00f4mico de R$ 6,7 bilh\u00f5es nos destinos visitados\u201d. O MTur ainda n\u00e3o fez proje\u00e7\u00e3o do impacto dos feriados de 2020 em venda de passagens, hospedagens e passeios.<\/p>\n\n\n\n<p>O ano que come\u00e7a \u00e9 ano bissexto e, portanto, tem um dia a mais, mas esse n\u00e3o descontar\u00e1 as folgas proporcionadas pelos feriados nos dias de semana. O dia\u00a029 de fevereiro\u00a0cair\u00e1 em um\u00a0s\u00e1bado.<\/p>\n\n\n\n<p class=\"has-text-color has-background has-very-light-gray-color has-very-dark-gray-background-color\"><strong>VER PRIMEIRO: <\/strong>Receba as not\u00edcias do Aconteceu no Vale em primeira m\u00e3o. Clique em curtir no endere\u00e7o <a rel=\"noreferrer noopener\" href=\"https:\/\/www.facebook.com\/aconteceunovale\" target=\"_blank\">www.facebook.com\/aconteceunovale<\/a>.<\/p>\n","protected":false},"excerpt":{"rendered":"<p>O ano de 2020 promete mais dias de descanso do que 2019. Dos 12 feriados nacionais, 11 caem em dias de semana e dez podem ser emendados com s\u00e1bados e domingos. A lista n\u00e3o inclui os feriados estaduais e municipais. As exce\u00e7\u00f5es aos feriados colados ao fim de semana s\u00e3o 1\u00ba de janeiro (Confraterniza\u00e7\u00e3o Universal), [&hellip;]<\/p>\n","protected":false},"author":1,"featured_media":156658,"comment_status":"open","ping_status":"closed","sticky":false,"template":"","format":"standard","meta":{"amp_status":"","footnotes":""},"categories":[6],"tags":[213339,213334,213338,213335,1018,213340,213336,213337],"class_list":["post-156657","post","type-post","status-publish","format-standard","has-post-thumbnail","hentry","category-br","tag-2020-tera-11-feriados-nacionais-em-dias-de-semana","tag-ano-novo-tera-11-feriados-nacionais-em-dias-de-semana","tag-calendario-de-feriados-em-2020","tag-carnaval-2020","tag-destaque","tag-feriado-de-carnaval-em-2020","tag-feriados-2020","tag-feriados-prolongados-em-2020"],"_links":{"self":[{"href":"https:\/\/aconteceunovale.com.br\/portal\/index.php?rest_route=\/wp\/v2\/posts\/156657","targetHints":{"allow":["GET"]}}],"collection":[{"href":"https:\/\/aconteceunovale.com.br\/portal\/index.php?rest_route=\/wp\/v2\/posts"}],"about":[{"href":"https:\/\/aconteceunovale.com.br\/portal\/index.php?rest_route=\/wp\/v2\/types\/post"}],"author":[{"embeddable":true,"href":"https:\/\/aconteceunovale.com.br\/portal\/index.php?rest_route=\/wp\/v2\/users\/1"}],"replies":[{"embeddable":true,"href":"https:\/\/aconteceunovale.com.br\/portal\/index.php?rest_route=%2Fwp%2Fv2%2Fcomments&post=156657"}],"version-history":[{"count":1,"href":"https:\/\/aconteceunovale.com.br\/portal\/index.php?rest_route=\/wp\/v2\/posts\/156657\/revisions"}],"predecessor-version":[{"id":156659,"href":"https:\/\/aconteceunovale.com.br\/portal\/index.php?rest_route=\/wp\/v2\/posts\/156657\/revisions\/156659"}],"wp:featuredmedia":[{"embeddable":true,"href":"https:\/\/aconteceunovale.com.br\/portal\/index.php?rest_route=\/wp\/v2\/media\/156658"}],"wp:attachment":[{"href":"https:\/\/aconteceunovale.com.br\/portal\/index.php?rest_route=%2Fwp%2Fv2%2Fmedia&parent=156657"}],"wp:term":[{"taxonomy":"category","embeddable":true,"href":"https:\/\/aconteceunovale.com.br\/portal\/index.php?rest_route=%2Fwp%2Fv2%2Fcategories&post=156657"},{"taxonomy":"post_tag","embeddable":true,"href":"https:\/\/aconteceunovale.com.br\/portal\/index.php?rest_route=%2Fwp%2Fv2%2Ftags&post=156657"}],"curies":[{"name":"wp","href":"https:\/\/api.w.org\/{rel}","templated":true}]}}