{"id":156624,"date":"2019-12-31T12:47:21","date_gmt":"2019-12-31T15:47:21","guid":{"rendered":"http:\/\/aconteceunovale.com.br\/portal\/?p=156624"},"modified":"2019-12-31T12:47:59","modified_gmt":"2019-12-31T15:47:59","slug":"queniano-vence-sao-silvestre-com-ultrapassagem-nos-ultimos-segundos","status":"publish","type":"post","link":"https:\/\/aconteceunovale.com.br\/portal\/?p=156624","title":{"rendered":"Queniano vence S\u00e3o Silvestre com ultrapassagem nos \u00faltimos segundos"},"content":{"rendered":"\n<p>O queniano Kibiwott Kandie foi o campe\u00e3o da S\u00e3o Silvestre de 2019. Ele ultrapassou, nos \u00faltimos segundos, o ugandense Jacob Kiplimo, que vinha dominando a prova.<\/p>\n\n\n\n<p>Os dois cruzaram a faixa com os corpos quase colados um ao outro, definindo os dois primeiros lugares da corrida aos 42 minutos e 59 segundos.<\/p>\n\n\n\n<p>O terceiro lugar ficou para Titus Ekiru, tamb\u00e9m queniano, que neste ano venceu a Maratona de Mil\u00e3o e a Meia de Lisboa. Ele chegou 55 segundos ap\u00f3s o primeiro colocado.<\/p>\n\n\n\n<p>A queniana Brigid Kosgei confirmou o favoritismo e foi a primeira do pelot\u00e3o de elite feminino a cruzar a linha de chegada da corrida de S\u00e3o Silvestre, na Avenida Paulista. Recordista da Maratona de Chicago, a atleta fez na manh\u00e3 de hoje (31) a sua estreia na 95\u00aa edi\u00e7\u00e3o da corrida que ocorre anualmente nas ruas da cidade de S\u00e3o Paulo, completando o trajeto de 15 quil\u00f4metros em 48 minutos e 54 segundos.<\/p>\n\n\n\n<p>O segundo lugar da prova tamb\u00e9m foi ocupado por uma queniana, Sheila Shelangat.<\/p>\n\n\n\n<p>A terceira posi\u00e7\u00e3o no p\u00f3dio feminino ficou com Tisadk Nigus, da Eti\u00f3pia.<\/p>\n\n\n\n<figure class=\"wp-block-image size-large is-resized\"><img loading=\"lazy\" decoding=\"async\" src=\"http:\/\/aconteceunovale.com.br\/portal\/wp-content\/uploads\/2019\/12\/vencedor_sao_silvestre.jpg\" alt=\"\" class=\"wp-image-156625\" width=\"654\" height=\"435\" srcset=\"https:\/\/aconteceunovale.com.br\/portal\/wp-content\/uploads\/2019\/12\/vencedor_sao_silvestre.jpg 675w, https:\/\/aconteceunovale.com.br\/portal\/wp-content\/uploads\/2019\/12\/vencedor_sao_silvestre-300x200.jpg 300w, https:\/\/aconteceunovale.com.br\/portal\/wp-content\/uploads\/2019\/12\/vencedor_sao_silvestre-630x420.jpg 630w\" sizes=\"auto, (max-width: 654px) 100vw, 654px\" \/><figcaption><em>Foto: REUTERS \/ Amanda Perobelli \/ Ag\u00eancia Brasil<\/em><\/figcaption><\/figure>\n\n\n\n<h2 class=\"wp-block-heading\">Multid\u00e3o de amadores<\/h2>\n\n\n\n<p>Al\u00e9m dos competidores profissionais, uma multid\u00e3o de an\u00f4nimos percorreu o trajeto sob o sol forte e c\u00e9u limpo desta manh\u00e3. O n\u00famero de inscritos chegou a 35 mil, incluindo pessoas de diversas partes do pa\u00eds, como anunciavam as faixas levadas por muitos corredores com nomes de cidades como Rio das Ostras (RJ), Itajai (SC) e Assis Chateubriand (PR).<\/p>\n\n\n\n<p>Carregando bal\u00f5es com os numerais do ano de 2020, o grupo de amigos de Jesus Rodrigues, veio de Rubiataba, em Goi\u00e1s.<\/p>\n\n\n\n<p>Segundo o professor, de 39 anos, a inten\u00e7\u00e3o \u00e9 \u201ciniciar o ano com o p\u00e9 direito, correndo\u201d. Pela primeira vez na S\u00e3o Silvestre, ele disse que j\u00e1 participou de outras provas regionais. \u201cEu sempre corro na minha cidade e participo das competi\u00e7\u00f5es no meu estado.\u201d<\/p>\n\n\n\n<p>No mesmo grupo de oito pessoas do professor, est\u00e1 a banc\u00e1ria Beatriz Arriel, que comemora a recupera\u00e7\u00e3o de um problema no joelho. \u201cEu tive uma pequena les\u00e3o e o pr\u00f3prio m\u00e9dico que me tratou disse que queria me ver na S\u00e3o Silvestre. Hoje eu estou aqui, livre da les\u00e3o\u201d.<\/p>\n\n\n\n<p>Com 75 anos e um banjo debaixo do bra\u00e7o, Dempsez Lima Filho participou hoje pela 22\u00aa vez da prova. \u201c\u00c9 a felicidade de vir aqui e encontrar os meus netos que cuidam de mim na corrida\u201d, definiu sobre o sentimento de participar da prova.<\/p>\n\n\n\n<p class=\"has-text-color has-background has-very-light-gray-color has-very-dark-gray-background-color\"><strong>VER PRIMEIRO: <\/strong>Receba as not\u00edcias do Aconteceu no Vale em primeira m\u00e3o. Clique em curtir no endere\u00e7o <a rel=\"noreferrer noopener\" href=\"https:\/\/www.facebook.com\/aconteceunovale\" target=\"_blank\">www.facebook.com\/aconteceunovale<\/a>.<\/p>\n","protected":false},"excerpt":{"rendered":"<p>O queniano Kibiwott Kandie foi o campe\u00e3o da S\u00e3o Silvestre de 2019. Ele ultrapassou, nos \u00faltimos segundos, o ugandense Jacob Kiplimo, que vinha dominando a prova. Os dois cruzaram a faixa com os corpos quase colados um ao outro, definindo os dois primeiros lugares da corrida aos 42 minutos e 59 segundos. O terceiro lugar [&hellip;]<\/p>\n","protected":false},"author":1,"featured_media":156625,"comment_status":"open","ping_status":"closed","sticky":false,"template":"","format":"standard","meta":{"amp_status":"","footnotes":""},"categories":[6,59,28848],"tags":[213293,213290,190801,213291,213289,213285,213286,213284,213283,213287,213295,213294,213288,213292],"class_list":["post-156624","post","type-post","status-publish","format-standard","has-post-thumbnail","hentry","category-br","category-sports","category-mundo","tag-brigid-kosgei","tag-campeao-da-sao-silvestre-de-2019","tag-corrida-de-sao-silvestre","tag-ganhador-da-sao-silvestre-de-2019","tag-jacob-kiplimo","tag-kibiwott-kandie","tag-queniano-sao-silvestre","tag-queniano-vence-sao-silvestre","tag-sao-silvestre","tag-sao-silvestre-de-2019","tag-sheila-shelangat","tag-tisadk-nigus","tag-titus-ekiru","tag-vencedor-da-sao-silvestre-de-2019"],"_links":{"self":[{"href":"https:\/\/aconteceunovale.com.br\/portal\/index.php?rest_route=\/wp\/v2\/posts\/156624","targetHints":{"allow":["GET"]}}],"collection":[{"href":"https:\/\/aconteceunovale.com.br\/portal\/index.php?rest_route=\/wp\/v2\/posts"}],"about":[{"href":"https:\/\/aconteceunovale.com.br\/portal\/index.php?rest_route=\/wp\/v2\/types\/post"}],"author":[{"embeddable":true,"href":"https:\/\/aconteceunovale.com.br\/portal\/index.php?rest_route=\/wp\/v2\/users\/1"}],"replies":[{"embeddable":true,"href":"https:\/\/aconteceunovale.com.br\/portal\/index.php?rest_route=%2Fwp%2Fv2%2Fcomments&post=156624"}],"version-history":[{"count":1,"href":"https:\/\/aconteceunovale.com.br\/portal\/index.php?rest_route=\/wp\/v2\/posts\/156624\/revisions"}],"predecessor-version":[{"id":156626,"href":"https:\/\/aconteceunovale.com.br\/portal\/index.php?rest_route=\/wp\/v2\/posts\/156624\/revisions\/156626"}],"wp:featuredmedia":[{"embeddable":true,"href":"https:\/\/aconteceunovale.com.br\/portal\/index.php?rest_route=\/wp\/v2\/media\/156625"}],"wp:attachment":[{"href":"https:\/\/aconteceunovale.com.br\/portal\/index.php?rest_route=%2Fwp%2Fv2%2Fmedia&parent=156624"}],"wp:term":[{"taxonomy":"category","embeddable":true,"href":"https:\/\/aconteceunovale.com.br\/portal\/index.php?rest_route=%2Fwp%2Fv2%2Fcategories&post=156624"},{"taxonomy":"post_tag","embeddable":true,"href":"https:\/\/aconteceunovale.com.br\/portal\/index.php?rest_route=%2Fwp%2Fv2%2Ftags&post=156624"}],"curies":[{"name":"wp","href":"https:\/\/api.w.org\/{rel}","templated":true}]}}