{"id":156579,"date":"2019-12-29T20:50:51","date_gmt":"2019-12-29T23:50:51","guid":{"rendered":"http:\/\/aconteceunovale.com.br\/portal\/?p=156579"},"modified":"2019-12-29T20:51:26","modified_gmt":"2019-12-29T23:51:26","slug":"homem-mata-enteada-e-tira-a-propria-vida-no-norte-de-minas","status":"publish","type":"post","link":"https:\/\/aconteceunovale.com.br\/portal\/?p=156579","title":{"rendered":"Homem mata enteada e tira a pr\u00f3pria vida no Norte de Minas"},"content":{"rendered":"\n<p>Um homem de 37 anos se matou na manh\u00e3 deste\ndomingo (29\/12\/2019)&nbsp;depois de assassinar a enteada dele, de 25, na zona\nrural de Bocaiuva, no Norte de Minas Gerais. Segundo informa\u00e7\u00f5es do boletim de\nocorr\u00eancia, ele invadiu o quarto onde a jovem estava deitada e atirou contra\nela usando uma espingarda.<\/p>\n\n\n\n<p>A v\u00edtima foi atingida na axila e morreu no\nlocal. Depois de matar a jovem, ele saiu de casa e atirou em si mesmo a cerca\nde cem metros do s\u00edtio da fam\u00edlia. O crime ocorreu no povoado de Morrinhos,\nonde a fam\u00edlia estava reunida para uma festa. Com medo ap\u00f3s ouvir os tiros, a\nm\u00e3e da v\u00edtima se trancou em um dos quartos com v\u00e1rias crian\u00e7as e ligou para um\nfilho, que acionou a pol\u00edcia.<\/p>\n\n\n\n<p>Os\nmilitares fizeram buscas pelo s\u00edtio e encontraram o corpo do autor ca\u00eddo no\nch\u00e3o com um ferimento de bala na cabe\u00e7a e a arma pr\u00f3xima ao corpo.<\/p>\n\n\n\n<p>O\nServi\u00e7o de Atendimento M\u00f3vel de Urg\u00eancia (Samu) chegou a ser acionado, mas os\ndois j\u00e1 estavam mortos.<\/p>\n\n\n\n<p>A\nm\u00e3e da v\u00edtima contou aos policiais que o companheiro assediava a filha e que,\nhoras antes do ocorrido, o homem havia consumido bebida alco\u00f3lica em grande\nquantidade. Durante a festa, voltou a \u201cmexer\u201d com a mo\u00e7a.&nbsp;Antes de fazer\nos disparos, ele teria dito &#8220;voc\u00ea sabe porque estou fazendo isso&#8221;.<\/p>\n\n\n\n<p>Ap\u00f3s o trabalho da per\u00edcia, os corpos foram encaminhados para o Instituto M\u00e9dico-Legal (IML) de Montes Claros. O caso ser\u00e1 investigado.<\/p>\n\n\n\n<p class=\"has-text-color has-background has-very-light-gray-color has-very-dark-gray-background-color\"><strong>VER PRIMEIRO: <\/strong>Receba as not\u00edcias do Aconteceu no Vale em primeira m\u00e3o. Clique em curtir no endere\u00e7o <a rel=\"noreferrer noopener\" href=\"https:\/\/www.facebook.com\/aconteceunovale\" target=\"_blank\">www.facebook.com\/aconteceunovale<\/a>.<\/p>\n","protected":false},"excerpt":{"rendered":"<p>Um homem de 37 anos se matou na manh\u00e3 deste domingo (29\/12\/2019)&nbsp;depois de assassinar a enteada dele, de 25, na zona rural de Bocaiuva, no Norte de Minas Gerais. Segundo informa\u00e7\u00f5es do boletim de ocorr\u00eancia, ele invadiu o quarto onde a jovem estava deitada e atirou contra ela usando uma espingarda. A v\u00edtima foi atingida [&hellip;]<\/p>\n","protected":false},"author":1,"featured_media":151866,"comment_status":"open","ping_status":"closed","sticky":false,"template":"","format":"standard","meta":{"amp_status":"","footnotes":""},"categories":[1236],"tags":[645,213178,213173,213175,213177,213174,115365,213176],"class_list":["post-156579","post","type-post","status-publish","format-standard","has-post-thumbnail","hentry","category-norte_de_minas","tag-bocaiuva","tag-homem-mata-enteada-e-tira-a-propria-vida-em-bocaiuva","tag-homem-mata-enteada-e-tira-a-propria-vida-no-norte-de-minas","tag-homem-mata-enteada-em-bocaiuva","tag-homem-se-suicida-apos-matar-enteada-em-bocaiuva","tag-mortes-em-bocaiuva","tag-mortos-em-bocaiuva","tag-tragedia-em-familia-no-norte-de-minas"],"_links":{"self":[{"href":"https:\/\/aconteceunovale.com.br\/portal\/index.php?rest_route=\/wp\/v2\/posts\/156579","targetHints":{"allow":["GET"]}}],"collection":[{"href":"https:\/\/aconteceunovale.com.br\/portal\/index.php?rest_route=\/wp\/v2\/posts"}],"about":[{"href":"https:\/\/aconteceunovale.com.br\/portal\/index.php?rest_route=\/wp\/v2\/types\/post"}],"author":[{"embeddable":true,"href":"https:\/\/aconteceunovale.com.br\/portal\/index.php?rest_route=\/wp\/v2\/users\/1"}],"replies":[{"embeddable":true,"href":"https:\/\/aconteceunovale.com.br\/portal\/index.php?rest_route=%2Fwp%2Fv2%2Fcomments&post=156579"}],"version-history":[{"count":1,"href":"https:\/\/aconteceunovale.com.br\/portal\/index.php?rest_route=\/wp\/v2\/posts\/156579\/revisions"}],"predecessor-version":[{"id":156580,"href":"https:\/\/aconteceunovale.com.br\/portal\/index.php?rest_route=\/wp\/v2\/posts\/156579\/revisions\/156580"}],"wp:featuredmedia":[{"embeddable":true,"href":"https:\/\/aconteceunovale.com.br\/portal\/index.php?rest_route=\/wp\/v2\/media\/151866"}],"wp:attachment":[{"href":"https:\/\/aconteceunovale.com.br\/portal\/index.php?rest_route=%2Fwp%2Fv2%2Fmedia&parent=156579"}],"wp:term":[{"taxonomy":"category","embeddable":true,"href":"https:\/\/aconteceunovale.com.br\/portal\/index.php?rest_route=%2Fwp%2Fv2%2Fcategories&post=156579"},{"taxonomy":"post_tag","embeddable":true,"href":"https:\/\/aconteceunovale.com.br\/portal\/index.php?rest_route=%2Fwp%2Fv2%2Ftags&post=156579"}],"curies":[{"name":"wp","href":"https:\/\/api.w.org\/{rel}","templated":true}]}}