{"id":156505,"date":"2019-12-27T14:17:12","date_gmt":"2019-12-27T17:17:12","guid":{"rendered":"http:\/\/aconteceunovale.com.br\/portal\/?p=156505"},"modified":"2019-12-27T14:18:00","modified_gmt":"2019-12-27T17:18:00","slug":"colisao-entre-veiculos-deixa-dois-mortos-e-tres-feridos-no-norte-de-minas","status":"publish","type":"post","link":"https:\/\/aconteceunovale.com.br\/portal\/?p=156505","title":{"rendered":"Colis\u00e3o entre ve\u00edculos deixa dois mortos e tr\u00eas feridos no Norte de Minas"},"content":{"rendered":"\n<p>Duas pessoas morreram e tr\u00eas ficaram feridas em um acidente\nenvolvendo dois carros na MGC-135, em Itacarambi (MG), na madrugada desta\nsexta-feira (27\/12\/2019). Segundo informa\u00e7\u00f5es do Corpo de Bombeiros, o\nmotorista de um dos ve\u00edculos, com placas de Bras\u00edlia (DF), invadiu a contram\u00e3o de\ndire\u00e7\u00e3o e colidiu frontalmente contra um autom\u00f3vel licenciado em Bocaiuva (MG).<\/p>\n\n\n\n<p>Os\ndois condutores, de 36 e 42 anos, morreram no local e os corpos ficaram presos\n\u00e0s ferragens. \u201cAs v\u00edtimas estavam sem cinto de seguran\u00e7a e tiveram\npolitraumatismo. Parte do corpo do motorista do segundo ve\u00edculo foi arremessado\npela janela e o restante ficou preso\u201d, informou o Cabo Jos\u00e9 Elias.<\/p>\n\n\n\n<p>O motorista que provocou o acidente estava sozinho e seguia para\nItacarambi. Duas mulheres, de 19 e 49 anos, e um homem, de 52, estavam no outro\nve\u00edculo, que seguia para Montes Claros (MG), e sofreram ferimentos. Eles foram\nencaminhados para hospitais de Itacarambi e Janu\u00e1ria por uma equipe do SAMU\n(Servi\u00e7o de Atendimento M\u00f3vel de Urg\u00eancia).<\/p>\n\n\n\n<p>A per\u00edcia da Pol\u00edcia Civil esteve no local e os corpos foram encaminhados para o Instituto M\u00e9dico Legal (IML) de Janu\u00e1ria. A rodovia ficou interditada nos dois sentidos por cerca de 3 horas durante o resgate das v\u00edtimas e a remo\u00e7\u00e3o dos carros.<\/p>\n\n\n\n<figure class=\"wp-block-image size-large is-resized\"><img loading=\"lazy\" decoding=\"async\" src=\"http:\/\/aconteceunovale.com.br\/portal\/wp-content\/uploads\/2019\/12\/acidente_januaria_1.jpg\" alt=\"\" class=\"wp-image-156506\" width=\"579\" height=\"434\" srcset=\"https:\/\/aconteceunovale.com.br\/portal\/wp-content\/uploads\/2019\/12\/acidente_januaria_1.jpg 600w, https:\/\/aconteceunovale.com.br\/portal\/wp-content\/uploads\/2019\/12\/acidente_januaria_1-300x225.jpg 300w, https:\/\/aconteceunovale.com.br\/portal\/wp-content\/uploads\/2019\/12\/acidente_januaria_1-80x60.jpg 80w, https:\/\/aconteceunovale.com.br\/portal\/wp-content\/uploads\/2019\/12\/acidente_januaria_1-265x198.jpg 265w, https:\/\/aconteceunovale.com.br\/portal\/wp-content\/uploads\/2019\/12\/acidente_januaria_1-560x420.jpg 560w\" sizes=\"auto, (max-width: 579px) 100vw, 579px\" \/><figcaption><em>Foto: Corpo de Bombeiros \/ Divulga\u00e7\u00e3o<\/em><\/figcaption><\/figure>\n\n\n\n<figure class=\"wp-block-image size-large\"><img loading=\"lazy\" decoding=\"async\" width=\"600\" height=\"450\" src=\"http:\/\/aconteceunovale.com.br\/portal\/wp-content\/uploads\/2019\/12\/acidente_januaria_2.jpg\" alt=\"\" class=\"wp-image-156507\" srcset=\"https:\/\/aconteceunovale.com.br\/portal\/wp-content\/uploads\/2019\/12\/acidente_januaria_2.jpg 600w, https:\/\/aconteceunovale.com.br\/portal\/wp-content\/uploads\/2019\/12\/acidente_januaria_2-300x225.jpg 300w, https:\/\/aconteceunovale.com.br\/portal\/wp-content\/uploads\/2019\/12\/acidente_januaria_2-80x60.jpg 80w, https:\/\/aconteceunovale.com.br\/portal\/wp-content\/uploads\/2019\/12\/acidente_januaria_2-265x198.jpg 265w, https:\/\/aconteceunovale.com.br\/portal\/wp-content\/uploads\/2019\/12\/acidente_januaria_2-560x420.jpg 560w\" sizes=\"auto, (max-width: 600px) 100vw, 600px\" \/><figcaption> <em>Foto: Corpo de Bombeiros \/ Divulga\u00e7\u00e3o<\/em> <\/figcaption><\/figure>\n\n\n\n<figure class=\"wp-block-image size-large\"><img loading=\"lazy\" decoding=\"async\" width=\"600\" height=\"450\" src=\"http:\/\/aconteceunovale.com.br\/portal\/wp-content\/uploads\/2019\/12\/acidente_januaria_3.jpg\" alt=\"\" class=\"wp-image-156508\" srcset=\"https:\/\/aconteceunovale.com.br\/portal\/wp-content\/uploads\/2019\/12\/acidente_januaria_3.jpg 600w, https:\/\/aconteceunovale.com.br\/portal\/wp-content\/uploads\/2019\/12\/acidente_januaria_3-300x225.jpg 300w, https:\/\/aconteceunovale.com.br\/portal\/wp-content\/uploads\/2019\/12\/acidente_januaria_3-80x60.jpg 80w, https:\/\/aconteceunovale.com.br\/portal\/wp-content\/uploads\/2019\/12\/acidente_januaria_3-265x198.jpg 265w, https:\/\/aconteceunovale.com.br\/portal\/wp-content\/uploads\/2019\/12\/acidente_januaria_3-560x420.jpg 560w\" sizes=\"auto, (max-width: 600px) 100vw, 600px\" \/><figcaption> <em>Foto: Corpo de Bombeiros \/ Divulga\u00e7\u00e3o<\/em> <\/figcaption><\/figure>\n\n\n\n<p class=\"has-text-color has-background has-very-light-gray-color has-very-dark-gray-background-color\"><strong>VER PRIMEIRO: <\/strong>Receba as not\u00edcias do Aconteceu no Vale em primeira m\u00e3o. Clique em curtir no endere\u00e7o <a rel=\"noreferrer noopener\" href=\"https:\/\/www.facebook.com\/aconteceunovale\" target=\"_blank\">www.facebook.com\/aconteceunovale<\/a>.<\/p>\n","protected":false},"excerpt":{"rendered":"<p>Duas pessoas morreram e tr\u00eas ficaram feridas em um acidente envolvendo dois carros na MGC-135, em Itacarambi (MG), na madrugada desta sexta-feira (27\/12\/2019). Segundo informa\u00e7\u00f5es do Corpo de Bombeiros, o motorista de um dos ve\u00edculos, com placas de Bras\u00edlia (DF), invadiu a contram\u00e3o de dire\u00e7\u00e3o e colidiu frontalmente contra um autom\u00f3vel licenciado em Bocaiuva (MG). [&hellip;]<\/p>\n","protected":false},"author":1,"featured_media":156506,"comment_status":"open","ping_status":"closed","sticky":false,"template":"","format":"standard","meta":{"amp_status":"","footnotes":""},"categories":[1236],"tags":[213052,24466,213051,154967,213050,213047,213049,213048,1018,1705,205],"class_list":["post-156505","post","type-post","status-publish","format-standard","has-post-thumbnail","hentry","category-norte_de_minas","tag-acidente-com-carro-de-bocaiuva","tag-acidente-com-carro-de-brasilia","tag-acidente-com-mortes-em-itacarambi","tag-acidente-em-itacarambi","tag-acidente-na-br-135-em-itacarambi","tag-colisao-entre-veiculos-deixa-dois-mortos-e-tres-feridos-em-itacarambi","tag-colisao-entre-veiculos-deixa-dois-mortos-e-tres-feridos-na-mgc-135","tag-colisao-entre-veiculos-deixa-dois-mortos-e-tres-feridos-no-norte-de-minas","tag-destaque","tag-itacarambi","tag-januaria"],"_links":{"self":[{"href":"https:\/\/aconteceunovale.com.br\/portal\/index.php?rest_route=\/wp\/v2\/posts\/156505","targetHints":{"allow":["GET"]}}],"collection":[{"href":"https:\/\/aconteceunovale.com.br\/portal\/index.php?rest_route=\/wp\/v2\/posts"}],"about":[{"href":"https:\/\/aconteceunovale.com.br\/portal\/index.php?rest_route=\/wp\/v2\/types\/post"}],"author":[{"embeddable":true,"href":"https:\/\/aconteceunovale.com.br\/portal\/index.php?rest_route=\/wp\/v2\/users\/1"}],"replies":[{"embeddable":true,"href":"https:\/\/aconteceunovale.com.br\/portal\/index.php?rest_route=%2Fwp%2Fv2%2Fcomments&post=156505"}],"version-history":[{"count":1,"href":"https:\/\/aconteceunovale.com.br\/portal\/index.php?rest_route=\/wp\/v2\/posts\/156505\/revisions"}],"predecessor-version":[{"id":156509,"href":"https:\/\/aconteceunovale.com.br\/portal\/index.php?rest_route=\/wp\/v2\/posts\/156505\/revisions\/156509"}],"wp:featuredmedia":[{"embeddable":true,"href":"https:\/\/aconteceunovale.com.br\/portal\/index.php?rest_route=\/wp\/v2\/media\/156506"}],"wp:attachment":[{"href":"https:\/\/aconteceunovale.com.br\/portal\/index.php?rest_route=%2Fwp%2Fv2%2Fmedia&parent=156505"}],"wp:term":[{"taxonomy":"category","embeddable":true,"href":"https:\/\/aconteceunovale.com.br\/portal\/index.php?rest_route=%2Fwp%2Fv2%2Fcategories&post=156505"},{"taxonomy":"post_tag","embeddable":true,"href":"https:\/\/aconteceunovale.com.br\/portal\/index.php?rest_route=%2Fwp%2Fv2%2Ftags&post=156505"}],"curies":[{"name":"wp","href":"https:\/\/api.w.org\/{rel}","templated":true}]}}